{"id":2063,"date":"2021-06-01T12:34:22","date_gmt":"2021-06-01T12:34:22","guid":{"rendered":"https:\/\/gemeindebuechereikastl.de\/?p=2063"},"modified":"2021-06-02T10:11:31","modified_gmt":"2021-06-02T10:11:31","slug":"anmeldung-fuer-den-brandner-kaspar-2-auf-der-luisenburg-ist-ab-sofort-in-der-buecherei-moeglich","status":"publish","type":"post","link":"https:\/\/gemeindebuechereikastl.de\/?p=2063","title":{"rendered":"Anmeldung f\u00fcr den &#8222;Brandner Kaspar 2&#8220; am 11. Juli auf der Luisenburg, ist ab sofort in der B\u00fccherei m\u00f6glich"},"content":{"rendered":"<h2 style=\"text-align: center;\"><span style=\"color: #ff6600;\"><strong>F\u00fcr die Theaterfahrt &#8222;Der Brandner Kaspar 2 &#8211; Er kehrt zur\u00fcck&#8220; am Sonntag, 11. Juli ist die Anmeldung ab sofort in der B\u00fccherei m\u00f6glich.\u00a0<\/strong><\/span><\/h2>\n<p><img loading=\"lazy\" decoding=\"async\" class=\"size-large wp-image-2066 aligncenter\" src=\"https:\/\/gemeindebuechereikastl.de\/wp-content\/uploads\/2021\/06\/Brandner-Kaspar-1024x683.jpg\" alt=\"\" width=\"750\" height=\"500\" srcset=\"https:\/\/gemeindebuechereikastl.de\/wp-content\/uploads\/2021\/06\/Brandner-Kaspar-1024x683.jpg 1024w, https:\/\/gemeindebuechereikastl.de\/wp-content\/uploads\/2021\/06\/Brandner-Kaspar-300x200.jpg 300w, https:\/\/gemeindebuechereikastl.de\/wp-content\/uploads\/2021\/06\/Brandner-Kaspar-768x512.jpg 768w, https:\/\/gemeindebuechereikastl.de\/wp-content\/uploads\/2021\/06\/Brandner-Kaspar-750x500.jpg 750w, https:\/\/gemeindebuechereikastl.de\/wp-content\/uploads\/2021\/06\/Brandner-Kaspar.jpg 1200w\" sizes=\"auto, (max-width: 750px) 100vw, 750px\" \/><\/p>\n<p>Selbst das Paradies wird irgendwann fad. Nach sieben Jahren im Himmel ist dem Brandner Kaspar langweilig. Er hat Lust auf ein abwechslungsreicheres Dasein. Brandner, dem das ewigen Leben versprochen wurde, schaut mit Wehmut auf die Erde und was da innerhalb seiner Familie vorgeht, bringt ihn in Rage.<\/p>\n<p>Da muss der Brandner auf die Erde, um zu retten, was zu retten ist. Ein neues Gesch\u00e4ft mit dem Boandlkramer bringt beide zu den Sterblichen und dort beginnt ein heilloses Durcheinander, das selbst mit viel Schnaps und ein paar Engeln nicht zu entwirren ist.<\/p>\n<p>Die ewig-sch\u00f6ne Geschichte vom Brandner Kaspar und seinem Spezi, dem Boandlkramer, ist auch in der Fortsetzung eine augenzwinkernde, doppelb\u00f6dige Kom\u00f6die \u00fcber die Natur des Menschen. Das allseits bekannte Personal aus dem Himmel und von der Erde erlebt eine fr\u00f6hliche Wiederauferstehung und am Ende gibt es ein himmlisches Gericht und ein neues Happy-End.<img loading=\"lazy\" decoding=\"async\" class=\" wp-image-2067 alignleft\" src=\"https:\/\/gemeindebuechereikastl.de\/wp-content\/uploads\/2021\/06\/Logo-Luisenburg.png\" alt=\"\" width=\"338\" height=\"98\" \/><\/p>\n<p>Der unverw\u00fcstliche\u00a0Boandlkramer wird gespielt vom Kabarett- und TV-Star Eisi Gulp und der Brandner Kaspar von Michael Vogtmann, einem guten Bekannten auf der Luisenburg.<\/p>\n<ul>\n<li><b>Der Fahrpreis betr\u00e4gt 55,00 EUR pro Person (Fahrt + Eintritt St\u00fcck<\/b><\/li>\n<li><b><\/b><b>Abfahrt am Sonntag, 11. Juli um 12.00 Uhr am Bahnhof \/ 1<\/b><b>5.00 Uhr Beginn des St\u00fcckes \/ <\/b><b>ca. 17.30 Uhr eventuell Abendessen in G\u00f6pfersgr\u00fcn?<\/b><\/li>\n<li><b>Anmeldung in der B\u00fccherei zu den \u00d6ffnungszeiten m\u00f6glich \/ <\/b><b>Weitere Infos bei Georg D\u00fcrr, Tel. 0170-6366691 oder Mail: duerr_g@t-online.de<\/b><\/li>\n<li><span style=\"color: #ff6600;\"><a style=\"font-family: inherit; font-size: 18px; font-weight: bold; text-align: center; background-color: #ffffff; color: #ff6600;\" href=\"https:\/\/gemeindebuechereikastl.de\/wp-content\/uploads\/2021\/06\/Brandner-Kaspar-2-2021.pdf\">Info-Flyer &#8211; Der Brandner Kaspar 2\u00a0 (Zum Download)<\/a><\/span><\/li>\n<\/ul>\n","protected":false},"excerpt":{"rendered":"<p>F\u00fcr die Theaterfahrt &#8222;Der Brandner Kaspar 2 &#8211; Er kehrt zur\u00fcck&#8220; am Sonntag, 11. Juli ist die Anmeldung ab sofort in der B\u00fccherei m\u00f6glich.\u00a0 Selbst das Paradies wird irgendwann fad. Nach sieben Jahren im Himmel ist dem Brandner Kaspar langweilig. Er hat Lust auf ein abwechslungsreicheres Dasein. Brandner, dem das ewigen Leben versprochen wurde, schaut &hellip; <\/p>\n<p><a class=\"more-link btn\" href=\"https:\/\/gemeindebuechereikastl.de\/?p=2063\">Weiterlesen<\/a><\/p>\n","protected":false},"author":1,"featured_media":2066,"comment_status":"closed","ping_status":"closed","sticky":false,"template":"","format":"standard","meta":{"footnotes":""},"categories":[5],"tags":[148,114,54,70,247,248,53],"class_list":["post-2063","post","type-post","status-publish","format-standard","has-post-thumbnail","hentry","category-news","tag-brandner-kaspar","tag-festspiele","tag-leserfahrt","tag-luisenburg","tag-luisenburg-festspiele","tag-theaterfahrt","tag-wunsiedel","item-wrap"],"_links":{"self":[{"href":"https:\/\/gemeindebuechereikastl.de\/index.php?rest_route=\/wp\/v2\/posts\/2063","targetHints":{"allow":["GET"]}}],"collection":[{"href":"https:\/\/gemeindebuechereikastl.de\/index.php?rest_route=\/wp\/v2\/posts"}],"about":[{"href":"https:\/\/gemeindebuechereikastl.de\/index.php?rest_route=\/wp\/v2\/types\/post"}],"author":[{"embeddable":true,"href":"https:\/\/gemeindebuechereikastl.de\/index.php?rest_route=\/wp\/v2\/users\/1"}],"replies":[{"embeddable":true,"href":"https:\/\/gemeindebuechereikastl.de\/index.php?rest_route=%2Fwp%2Fv2%2Fcomments&post=2063"}],"version-history":[{"count":11,"href":"https:\/\/gemeindebuechereikastl.de\/index.php?rest_route=\/wp\/v2\/posts\/2063\/revisions"}],"predecessor-version":[{"id":2104,"href":"https:\/\/gemeindebuechereikastl.de\/index.php?rest_route=\/wp\/v2\/posts\/2063\/revisions\/2104"}],"wp:featuredmedia":[{"embeddable":true,"href":"https:\/\/gemeindebuechereikastl.de\/index.php?rest_route=\/wp\/v2\/media\/2066"}],"wp:attachment":[{"href":"https:\/\/gemeindebuechereikastl.de\/index.php?rest_route=%2Fwp%2Fv2%2Fmedia&parent=2063"}],"wp:term":[{"taxonomy":"category","embeddable":true,"href":"https:\/\/gemeindebuechereikastl.de\/index.php?rest_route=%2Fwp%2Fv2%2Fcategories&post=2063"},{"taxonomy":"post_tag","embeddable":true,"href":"https:\/\/gemeindebuechereikastl.de\/index.php?rest_route=%2Fwp%2Fv2%2Ftags&post=2063"}],"curies":[{"name":"wp","href":"https:\/\/api.w.org\/{rel}","templated":true}]}}