{"id":2106,"date":"2021-06-09T08:09:08","date_gmt":"2021-06-09T08:09:08","guid":{"rendered":"https:\/\/gemeindebuechereikastl.de\/?p=2106"},"modified":"2021-06-12T16:35:55","modified_gmt":"2021-06-12T16:35:55","slug":"buechereiteam-wieder-mit-ihrem-buecher-schnaeppchen-jagd-am-markt-im-markt-kastl-vertreten","status":"publish","type":"post","link":"https:\/\/gemeindebuechereikastl.de\/?p=2106","title":{"rendered":"Buchausstellung mit Leselekt\u00fcre f\u00fcr Fussballfans"},"content":{"rendered":"<h2 style=\"text-align: center;\"><span style=\"color: #ff6600;\"><strong><img loading=\"lazy\" decoding=\"async\" class=\"wp-image-2120 alignleft\" src=\"https:\/\/gemeindebuechereikastl.de\/wp-content\/uploads\/2021\/06\/Fussball-Euro-2021-1024x576.jpg\" alt=\"\" width=\"340\" height=\"191\" srcset=\"https:\/\/gemeindebuechereikastl.de\/wp-content\/uploads\/2021\/06\/Fussball-Euro-2021-1024x576.jpg 1024w, https:\/\/gemeindebuechereikastl.de\/wp-content\/uploads\/2021\/06\/Fussball-Euro-2021-300x169.jpg 300w, https:\/\/gemeindebuechereikastl.de\/wp-content\/uploads\/2021\/06\/Fussball-Euro-2021-768x432.jpg 768w, https:\/\/gemeindebuechereikastl.de\/wp-content\/uploads\/2021\/06\/Fussball-Euro-2021-1536x864.jpg 1536w, https:\/\/gemeindebuechereikastl.de\/wp-content\/uploads\/2021\/06\/Fussball-Euro-2021-750x422.jpg 750w, https:\/\/gemeindebuechereikastl.de\/wp-content\/uploads\/2021\/06\/Fussball-Euro-2021.jpg 1972w\" sizes=\"auto, (max-width: 340px) 100vw, 340px\" \/><\/strong><strong>Fu\u00dfball Europameisterschaft 2021 von<br \/>\n<\/strong><\/span><span style=\"color: #ff6600;\"><strong>11. Juni &#8211; 11. Juli 21 &#8211; <\/strong><\/span><strong style=\"color: #ff6600; font-family: inherit;\">B\u00fcchereiteam bietet begleitende Lekt\u00fcre f\u00fcr Gro\u00df und Klein an!<\/strong><\/h2>\n<p>Zur Fu\u00dfball Europameisterschaft hat das Team wieder viele B\u00fccher f\u00fcr alle kleinen Fu\u00dfballfans in einer Ausstellung zusammengestellt. Auch f\u00fcr die Gro\u00dfen Fans gibt es ausreichend Lesestoff rund um den Ball. Kommen sie einfach bei uns vorbei wir haben f\u00fcr alle das richtige Angebot.<\/p>\n<p><img loading=\"lazy\" decoding=\"async\" class=\" wp-image-2121 alignleft\" src=\"https:\/\/gemeindebuechereikastl.de\/wp-content\/uploads\/2021\/06\/20210606_102252-731x1024.jpg\" alt=\"\" width=\"327\" height=\"458\" srcset=\"https:\/\/gemeindebuechereikastl.de\/wp-content\/uploads\/2021\/06\/20210606_102252-731x1024.jpg 731w, https:\/\/gemeindebuechereikastl.de\/wp-content\/uploads\/2021\/06\/20210606_102252-214x300.jpg 214w, https:\/\/gemeindebuechereikastl.de\/wp-content\/uploads\/2021\/06\/20210606_102252-768x1076.jpg 768w, https:\/\/gemeindebuechereikastl.de\/wp-content\/uploads\/2021\/06\/20210606_102252-1097x1536.jpg 1097w, https:\/\/gemeindebuechereikastl.de\/wp-content\/uploads\/2021\/06\/20210606_102252-1462x2048.jpg 1462w, https:\/\/gemeindebuechereikastl.de\/wp-content\/uploads\/2021\/06\/20210606_102252-750x1051.jpg 750w, https:\/\/gemeindebuechereikastl.de\/wp-content\/uploads\/2021\/06\/20210606_102252-scaled.jpg 1828w\" sizes=\"auto, (max-width: 327px) 100vw, 327px\" \/><\/p>\n<p><img loading=\"lazy\" decoding=\"async\" class=\" wp-image-2122 alignright\" src=\"https:\/\/gemeindebuechereikastl.de\/wp-content\/uploads\/2021\/06\/20210606_102418-768x1024.jpg\" alt=\"\" width=\"347\" height=\"463\" srcset=\"https:\/\/gemeindebuechereikastl.de\/wp-content\/uploads\/2021\/06\/20210606_102418-768x1024.jpg 768w, https:\/\/gemeindebuechereikastl.de\/wp-content\/uploads\/2021\/06\/20210606_102418-225x300.jpg 225w, https:\/\/gemeindebuechereikastl.de\/wp-content\/uploads\/2021\/06\/20210606_102418-1152x1536.jpg 1152w, https:\/\/gemeindebuechereikastl.de\/wp-content\/uploads\/2021\/06\/20210606_102418-1536x2048.jpg 1536w, https:\/\/gemeindebuechereikastl.de\/wp-content\/uploads\/2021\/06\/20210606_102418-750x1000.jpg 750w, https:\/\/gemeindebuechereikastl.de\/wp-content\/uploads\/2021\/06\/20210606_102418-scaled.jpg 1920w\" sizes=\"auto, (max-width: 347px) 100vw, 347px\" \/><\/p>\n<p>&nbsp;<\/p>\n<p>&nbsp;<\/p>\n<p>&nbsp;<\/p>\n<p>&nbsp;<\/p>\n<p>&nbsp;<\/p>\n<p>&nbsp;<\/p>\n<p>&nbsp;<\/p>\n<p>&nbsp;<\/p>\n<p>&nbsp;<\/p>\n<p>&nbsp;<\/p>\n<p>&nbsp;<\/p>\n<h4 style=\"text-align: center;\"><strong><br \/>\nEinen \u00dcberblick \u00fcber alle B\u00fccher und Medien erhalten Sie in unserem Online-Katalog unter dem Stichwort &#8222;Fu\u00dfball&#8220; oder bei einem Besuch in der B\u00fccherei,.\u00a0<\/strong><\/h4>\n","protected":false},"excerpt":{"rendered":"<p>Fu\u00dfball Europameisterschaft 2021 von 11. Juni &#8211; 11. Juli 21 &#8211; B\u00fcchereiteam bietet begleitende Lekt\u00fcre f\u00fcr Gro\u00df und Klein an! Zur Fu\u00dfball Europameisterschaft hat das Team wieder viele B\u00fccher f\u00fcr alle kleinen Fu\u00dfballfans in einer Ausstellung zusammengestellt. Auch f\u00fcr die Gro\u00dfen Fans gibt es ausreichend Lesestoff rund um den Ball. Kommen sie einfach bei uns &hellip; <\/p>\n<p><a class=\"more-link btn\" href=\"https:\/\/gemeindebuechereikastl.de\/?p=2106\">Weiterlesen<\/a><\/p>\n","protected":false},"author":1,"featured_media":2121,"comment_status":"closed","ping_status":"closed","sticky":false,"template":"","format":"standard","meta":{"footnotes":""},"categories":[5],"tags":[58,252,251],"class_list":["post-2106","post","type-post","status-publish","format-standard","has-post-thumbnail","hentry","category-news","tag-buecher","tag-fussballbuecher","tag-fussball","item-wrap"],"_links":{"self":[{"href":"https:\/\/gemeindebuechereikastl.de\/index.php?rest_route=\/wp\/v2\/posts\/2106","targetHints":{"allow":["GET"]}}],"collection":[{"href":"https:\/\/gemeindebuechereikastl.de\/index.php?rest_route=\/wp\/v2\/posts"}],"about":[{"href":"https:\/\/gemeindebuechereikastl.de\/index.php?rest_route=\/wp\/v2\/types\/post"}],"author":[{"embeddable":true,"href":"https:\/\/gemeindebuechereikastl.de\/index.php?rest_route=\/wp\/v2\/users\/1"}],"replies":[{"embeddable":true,"href":"https:\/\/gemeindebuechereikastl.de\/index.php?rest_route=%2Fwp%2Fv2%2Fcomments&post=2106"}],"version-history":[{"count":12,"href":"https:\/\/gemeindebuechereikastl.de\/index.php?rest_route=\/wp\/v2\/posts\/2106\/revisions"}],"predecessor-version":[{"id":2127,"href":"https:\/\/gemeindebuechereikastl.de\/index.php?rest_route=\/wp\/v2\/posts\/2106\/revisions\/2127"}],"wp:featuredmedia":[{"embeddable":true,"href":"https:\/\/gemeindebuechereikastl.de\/index.php?rest_route=\/wp\/v2\/media\/2121"}],"wp:attachment":[{"href":"https:\/\/gemeindebuechereikastl.de\/index.php?rest_route=%2Fwp%2Fv2%2Fmedia&parent=2106"}],"wp:term":[{"taxonomy":"category","embeddable":true,"href":"https:\/\/gemeindebuechereikastl.de\/index.php?rest_route=%2Fwp%2Fv2%2Fcategories&post=2106"},{"taxonomy":"post_tag","embeddable":true,"href":"https:\/\/gemeindebuechereikastl.de\/index.php?rest_route=%2Fwp%2Fv2%2Ftags&post=2106"}],"curies":[{"name":"wp","href":"https:\/\/api.w.org\/{rel}","templated":true}]}}