{"id":2128,"date":"2021-06-12T16:58:30","date_gmt":"2021-06-12T16:58:30","guid":{"rendered":"https:\/\/gemeindebuechereikastl.de\/?p=2128"},"modified":"2021-06-12T18:50:08","modified_gmt":"2021-06-12T18:50:08","slug":"buecherflohmarkt-beim-markt-im-markt-kastl","status":"publish","type":"post","link":"https:\/\/gemeindebuechereikastl.de\/?p=2128","title":{"rendered":"Schn\u00e4ppchenjagd nach guten B\u00fcchern beim B\u00fccherflohmarkt am MARKT im MARKT KASTL sehr gut angenommen"},"content":{"rendered":"<h2 style=\"text-align: center;\"><span style=\"color: #ff6600;\"><strong>Beim &#8222;Markt im Markt Kastl&#8220; am\u00a0<\/strong><\/span><span style=\"color: #ff6600;\"><strong>Samstag, 12.Juni w<\/strong><\/span><span style=\"color: #ff6600;\"><strong>ar das B\u00fcchereiteam wieder mit ihrem B\u00fccher-Flohmarkt\u00a0 dabei\u00a0<\/strong><\/span><\/h2>\n<p><img loading=\"lazy\" decoding=\"async\" class=\"size-large wp-image-2131 aligncenter\" src=\"https:\/\/gemeindebuechereikastl.de\/wp-content\/uploads\/2021\/06\/Buecherflohmarkt-Juni-2021-1024x684.jpg\" alt=\"\" width=\"750\" height=\"501\" srcset=\"https:\/\/gemeindebuechereikastl.de\/wp-content\/uploads\/2021\/06\/Buecherflohmarkt-Juni-2021-1024x684.jpg 1024w, https:\/\/gemeindebuechereikastl.de\/wp-content\/uploads\/2021\/06\/Buecherflohmarkt-Juni-2021-300x200.jpg 300w, https:\/\/gemeindebuechereikastl.de\/wp-content\/uploads\/2021\/06\/Buecherflohmarkt-Juni-2021-768x513.jpg 768w, https:\/\/gemeindebuechereikastl.de\/wp-content\/uploads\/2021\/06\/Buecherflohmarkt-Juni-2021-1536x1026.jpg 1536w, https:\/\/gemeindebuechereikastl.de\/wp-content\/uploads\/2021\/06\/Buecherflohmarkt-Juni-2021-2048x1368.jpg 2048w, https:\/\/gemeindebuechereikastl.de\/wp-content\/uploads\/2021\/06\/Buecherflohmarkt-Juni-2021-750x501.jpg 750w\" sizes=\"auto, (max-width: 750px) 100vw, 750px\" \/><\/p>\n<p>Nach der gro\u00dfen\u00a0Resonanz\u00a0bei den Markttagen 2020 und nachdem das B\u00fcrgerfest 2021\u00a0 auch in diesem Jahr ausf\u00e4llt, hat sich das B\u00fcchereiteam entschlossen ihre \u201eSchn\u00e4ppchenjagd\u201c nach B\u00fcchern wieder beim<strong> \u201eMARKT im MARKT KASTL\u201c <\/strong>anzubieten.<\/p>\n<p><img loading=\"lazy\" decoding=\"async\" class=\" wp-image-2130 alignleft\" src=\"https:\/\/gemeindebuechereikastl.de\/wp-content\/uploads\/2021\/06\/20210612_100133-2-804x1024.jpg\" alt=\"\" width=\"460\" height=\"586\" srcset=\"https:\/\/gemeindebuechereikastl.de\/wp-content\/uploads\/2021\/06\/20210612_100133-2-804x1024.jpg 804w, https:\/\/gemeindebuechereikastl.de\/wp-content\/uploads\/2021\/06\/20210612_100133-2-235x300.jpg 235w, https:\/\/gemeindebuechereikastl.de\/wp-content\/uploads\/2021\/06\/20210612_100133-2-768x979.jpg 768w, https:\/\/gemeindebuechereikastl.de\/wp-content\/uploads\/2021\/06\/20210612_100133-2-1205x1536.jpg 1205w, https:\/\/gemeindebuechereikastl.de\/wp-content\/uploads\/2021\/06\/20210612_100133-2-1607x2048.jpg 1607w, https:\/\/gemeindebuechereikastl.de\/wp-content\/uploads\/2021\/06\/20210612_100133-2-750x956.jpg 750w, https:\/\/gemeindebuechereikastl.de\/wp-content\/uploads\/2021\/06\/20210612_100133-2-scaled.jpg 2009w\" sizes=\"auto, (max-width: 460px) 100vw, 460px\" \/><\/p>\n<p>Neu war das der Flohmarkt vor der Gemeindeb\u00fccherei aufgebaut war, aber das war den Marktbesuchern egal es fanden trotzdem vielen unseren B\u00fccherflohmarkt . Der Stand war den ganzen Vormittag immer von Kleinen und Gro\u00dfen Schn\u00e4ppchenj\u00e4gern\u00a0 umlagert.<\/p>\n<p>Die Damen vom Team boten vor der\u00a0 Gemeindeb\u00fccherei wieder gut erhaltene B\u00fccher f\u00fcr jedes Alter und jeden Geschmack an.<br \/>\nDen Preis f\u00fcr die B\u00fccher bestimmen die Buchliebhaber selbst, Sie spendeten einen Betrag, was ihnen das Buch bzw. die B\u00fccher wert waren.<\/p>\n<h3 style=\"text-align: center;\"><span style=\"color: #ff0000;\">Der Erl\u00f6s aus den Spenden des B\u00fccherflohmarktes wird f\u00fcr die Neuanschaffungen von B\u00fcchern und Medien verwendet!<\/span><\/h3>\n","protected":false},"excerpt":{"rendered":"<p>Beim &#8222;Markt im Markt Kastl&#8220; am\u00a0Samstag, 12.Juni war das B\u00fcchereiteam wieder mit ihrem B\u00fccher-Flohmarkt\u00a0 dabei\u00a0 Nach der gro\u00dfen\u00a0Resonanz\u00a0bei den Markttagen 2020 und nachdem das B\u00fcrgerfest 2021\u00a0 auch in diesem Jahr ausf\u00e4llt, hat sich das B\u00fcchereiteam entschlossen ihre \u201eSchn\u00e4ppchenjagd\u201c nach B\u00fcchern wieder beim \u201eMARKT im MARKT KASTL\u201c anzubieten. Neu war das der Flohmarkt vor der Gemeindeb\u00fccherei &hellip; <\/p>\n<p><a class=\"more-link btn\" href=\"https:\/\/gemeindebuechereikastl.de\/?p=2128\">Weiterlesen<\/a><\/p>\n","protected":false},"author":1,"featured_media":2131,"comment_status":"closed","ping_status":"closed","sticky":false,"template":"","format":"standard","meta":{"footnotes":""},"categories":[5],"tags":[58,59,253,197],"class_list":["post-2128","post","type-post","status-publish","format-standard","has-post-thumbnail","hentry","category-news","tag-buecher","tag-flohmarkt","tag-gemeindebuecherei-kastl","tag-markt-im-markt-kastl","item-wrap"],"_links":{"self":[{"href":"https:\/\/gemeindebuechereikastl.de\/index.php?rest_route=\/wp\/v2\/posts\/2128","targetHints":{"allow":["GET"]}}],"collection":[{"href":"https:\/\/gemeindebuechereikastl.de\/index.php?rest_route=\/wp\/v2\/posts"}],"about":[{"href":"https:\/\/gemeindebuechereikastl.de\/index.php?rest_route=\/wp\/v2\/types\/post"}],"author":[{"embeddable":true,"href":"https:\/\/gemeindebuechereikastl.de\/index.php?rest_route=\/wp\/v2\/users\/1"}],"replies":[{"embeddable":true,"href":"https:\/\/gemeindebuechereikastl.de\/index.php?rest_route=%2Fwp%2Fv2%2Fcomments&post=2128"}],"version-history":[{"count":9,"href":"https:\/\/gemeindebuechereikastl.de\/index.php?rest_route=\/wp\/v2\/posts\/2128\/revisions"}],"predecessor-version":[{"id":2140,"href":"https:\/\/gemeindebuechereikastl.de\/index.php?rest_route=\/wp\/v2\/posts\/2128\/revisions\/2140"}],"wp:featuredmedia":[{"embeddable":true,"href":"https:\/\/gemeindebuechereikastl.de\/index.php?rest_route=\/wp\/v2\/media\/2131"}],"wp:attachment":[{"href":"https:\/\/gemeindebuechereikastl.de\/index.php?rest_route=%2Fwp%2Fv2%2Fmedia&parent=2128"}],"wp:term":[{"taxonomy":"category","embeddable":true,"href":"https:\/\/gemeindebuechereikastl.de\/index.php?rest_route=%2Fwp%2Fv2%2Fcategories&post=2128"},{"taxonomy":"post_tag","embeddable":true,"href":"https:\/\/gemeindebuechereikastl.de\/index.php?rest_route=%2Fwp%2Fv2%2Ftags&post=2128"}],"curies":[{"name":"wp","href":"https:\/\/api.w.org\/{rel}","templated":true}]}}