{"id":2142,"date":"2021-06-19T15:47:33","date_gmt":"2021-06-19T15:47:33","guid":{"rendered":"https:\/\/gemeindebuechereikastl.de\/?p=2142"},"modified":"2021-06-19T15:50:18","modified_gmt":"2021-06-19T15:50:18","slug":"die-bestseller-autorin-lucinda-riley-gestorben","status":"publish","type":"post","link":"https:\/\/gemeindebuechereikastl.de\/?p=2142","title":{"rendered":"Die Bestseller-Autorin Lucinda Riley gestorben"},"content":{"rendered":"<h2 style=\"text-align: center;\"><span style=\"color: #ff6600;\"><strong>Die Bestseller &#8211; Autorin der \u201eSieben Schwestern\u201c Lucinda Riley gestorben<\/strong><\/span><\/h2>\n<p><img loading=\"lazy\" decoding=\"async\" class=\"wp-image-2143 aligncenter\" src=\"https:\/\/gemeindebuechereikastl.de\/wp-content\/uploads\/2021\/06\/sieben-Schwestern.jpg\" alt=\"\" width=\"645\" height=\"199\" srcset=\"https:\/\/gemeindebuechereikastl.de\/wp-content\/uploads\/2021\/06\/sieben-Schwestern.jpg 590w, https:\/\/gemeindebuechereikastl.de\/wp-content\/uploads\/2021\/06\/sieben-Schwestern-300x93.jpg 300w\" sizes=\"auto, (max-width: 645px) 100vw, 645px\" \/><\/p>\n<p>Seit ihrem gefeierten Roman \u201eDas Orchideenhaus\u201c st\u00fcrmte jedes ihrer B\u00fccher die internationalen Bestsellerlisten. Lucinda Riley wurde in Irland geboren und verbrachte als Kind mehrere Jahre in Fernost. Sie liebte es zu reisen und war nach wie vor den Orten ihrer Kindheit sehr verbunden. Nach einer Karriere als Theater- und Fernsehschauspielerin konzentrierte sich Lucinda Riley ganz auf das Schreiben \u2013 und das mit sensationellem Erfolg. Lucinda Riley lebte mit ihrem Mann und ihren vier Kindern an der englischen K\u00fcste in North Norfolk und in West Cork, Irland. Am 11. Juni verstarb die ber\u00fchmte Autorin nach einem vierj\u00e4hrigen Krebsleiden.<\/p>\n<h2 style=\"text-align: center;\"><\/h2>\n<p><img loading=\"lazy\" decoding=\"async\" class=\" wp-image-2144 alignleft\" src=\"https:\/\/gemeindebuechereikastl.de\/wp-content\/uploads\/2021\/06\/Riley-643x1024.jpg\" alt=\"\" width=\"169\" height=\"269\" srcset=\"https:\/\/gemeindebuechereikastl.de\/wp-content\/uploads\/2021\/06\/Riley-643x1024.jpg 643w, https:\/\/gemeindebuechereikastl.de\/wp-content\/uploads\/2021\/06\/Riley-188x300.jpg 188w, https:\/\/gemeindebuechereikastl.de\/wp-content\/uploads\/2021\/06\/Riley-768x1223.jpg 768w, https:\/\/gemeindebuechereikastl.de\/wp-content\/uploads\/2021\/06\/Riley-964x1536.jpg 964w, https:\/\/gemeindebuechereikastl.de\/wp-content\/uploads\/2021\/06\/Riley-1286x2048.jpg 1286w, https:\/\/gemeindebuechereikastl.de\/wp-content\/uploads\/2021\/06\/Riley-750x1195.jpg 750w, https:\/\/gemeindebuechereikastl.de\/wp-content\/uploads\/2021\/06\/Riley.jpg 1594w\" sizes=\"auto, (max-width: 169px) 100vw, 169px\" \/>Auch in der Gemeindeb\u00fccherei Kastl gibt es einige B\u00fccher von Lucinda Riley zu entdecken. Diese gibt es auch als E-Books bei <a href=\"https:\/\/leo-nord.onleihe.de\/\"><strong>www.leo-nord.de<\/strong><\/a> zu finden.<\/p>\n<p>Unter den B\u00fcchen von Lucinda Riley befinden sich auch alle B\u00e4nde der &#8222;Sieben Schwestern Reihe&#8220; die bei uns entliehen werden k\u00f6nnen.<\/p>\n<p>Auch der vor kurzem erschienene 7. Band der &#8222;Sieben Schwestern Reihe&#8220; befindet sich unter der diversen B\u00fcchern der Autorin.<\/p>\n<h4 style=\"text-align: center;\"><strong>\u00a0Alle Infos \u00fcber die B\u00fccher von Lucinda Riley wie immer in unserem <a href=\"https:\/\/iopac.gemeindebuechereikastl.de\/iopac\/\">ONLINE-KATALOG<\/a>\u00a0 hier auf der Homepage!<\/strong><\/h4>\n<p>&nbsp;<\/p>\n","protected":false},"excerpt":{"rendered":"<p>Die Bestseller &#8211; Autorin der \u201eSieben Schwestern\u201c Lucinda Riley gestorben Seit ihrem gefeierten Roman \u201eDas Orchideenhaus\u201c st\u00fcrmte jedes ihrer B\u00fccher die internationalen Bestsellerlisten. Lucinda Riley wurde in Irland geboren und verbrachte als Kind mehrere Jahre in Fernost. Sie liebte es zu reisen und war nach wie vor den Orten ihrer Kindheit sehr verbunden. Nach einer &hellip; <\/p>\n<p><a class=\"more-link btn\" href=\"https:\/\/gemeindebuechereikastl.de\/?p=2142\">Weiterlesen<\/a><\/p>\n","protected":false},"author":1,"featured_media":2143,"comment_status":"closed","ping_status":"closed","sticky":false,"template":"","format":"standard","meta":{"footnotes":""},"categories":[5],"tags":[255,256,195,254],"class_list":["post-2142","post","type-post","status-publish","format-standard","has-post-thumbnail","hentry","category-news","tag-bestseller","tag-bestsellerautorin","tag-romane","tag-sieben-schwestern","item-wrap"],"_links":{"self":[{"href":"https:\/\/gemeindebuechereikastl.de\/index.php?rest_route=\/wp\/v2\/posts\/2142","targetHints":{"allow":["GET"]}}],"collection":[{"href":"https:\/\/gemeindebuechereikastl.de\/index.php?rest_route=\/wp\/v2\/posts"}],"about":[{"href":"https:\/\/gemeindebuechereikastl.de\/index.php?rest_route=\/wp\/v2\/types\/post"}],"author":[{"embeddable":true,"href":"https:\/\/gemeindebuechereikastl.de\/index.php?rest_route=\/wp\/v2\/users\/1"}],"replies":[{"embeddable":true,"href":"https:\/\/gemeindebuechereikastl.de\/index.php?rest_route=%2Fwp%2Fv2%2Fcomments&post=2142"}],"version-history":[{"count":2,"href":"https:\/\/gemeindebuechereikastl.de\/index.php?rest_route=\/wp\/v2\/posts\/2142\/revisions"}],"predecessor-version":[{"id":2146,"href":"https:\/\/gemeindebuechereikastl.de\/index.php?rest_route=\/wp\/v2\/posts\/2142\/revisions\/2146"}],"wp:featuredmedia":[{"embeddable":true,"href":"https:\/\/gemeindebuechereikastl.de\/index.php?rest_route=\/wp\/v2\/media\/2143"}],"wp:attachment":[{"href":"https:\/\/gemeindebuechereikastl.de\/index.php?rest_route=%2Fwp%2Fv2%2Fmedia&parent=2142"}],"wp:term":[{"taxonomy":"category","embeddable":true,"href":"https:\/\/gemeindebuechereikastl.de\/index.php?rest_route=%2Fwp%2Fv2%2Fcategories&post=2142"},{"taxonomy":"post_tag","embeddable":true,"href":"https:\/\/gemeindebuechereikastl.de\/index.php?rest_route=%2Fwp%2Fv2%2Ftags&post=2142"}],"curies":[{"name":"wp","href":"https:\/\/api.w.org\/{rel}","templated":true}]}}