{"id":2171,"date":"2021-07-14T09:53:29","date_gmt":"2021-07-14T09:53:29","guid":{"rendered":"https:\/\/gemeindebuechereikastl.de\/?p=2171"},"modified":"2021-07-14T09:54:57","modified_gmt":"2021-07-14T09:54:57","slug":"lesefreudige-kinder-der1-klasse-zum-ersten-mal-gemeinsam-in-der-buecherei","status":"publish","type":"post","link":"https:\/\/gemeindebuechereikastl.de\/?p=2171","title":{"rendered":"Lesefreudige Kinder der1. Klasse  zum ersten Mal gemeinsam in der B\u00fccherei"},"content":{"rendered":"<h2 style=\"text-align: center;\"><span style=\"color: #ff6600;\"><strong>Mittwoch, 7. Juli &#8211;\u00a0<\/strong>Die Kinder der 1. Klasse der Seyfried-Schweppermann\u2013Schule Kastl besuchten im Rahmen der Schulausleihe zum ersten Mal gemeinsam die Gemeindeb\u00fccherei Kastl<\/span><\/h2>\n<p><img loading=\"lazy\" decoding=\"async\" class=\"size-large wp-image-2174 aligncenter\" src=\"https:\/\/gemeindebuechereikastl.de\/wp-content\/uploads\/2021\/07\/1-Klasse-1024x591.jpg\" alt=\"\" width=\"750\" height=\"433\" srcset=\"https:\/\/gemeindebuechereikastl.de\/wp-content\/uploads\/2021\/07\/1-Klasse-1024x591.jpg 1024w, https:\/\/gemeindebuechereikastl.de\/wp-content\/uploads\/2021\/07\/1-Klasse-300x173.jpg 300w, https:\/\/gemeindebuechereikastl.de\/wp-content\/uploads\/2021\/07\/1-Klasse-768x443.jpg 768w, https:\/\/gemeindebuechereikastl.de\/wp-content\/uploads\/2021\/07\/1-Klasse-1536x886.jpg 1536w, https:\/\/gemeindebuechereikastl.de\/wp-content\/uploads\/2021\/07\/1-Klasse-2048x1182.jpg 2048w, https:\/\/gemeindebuechereikastl.de\/wp-content\/uploads\/2021\/07\/1-Klasse-750x433.jpg 750w\" sizes=\"auto, (max-width: 750px) 100vw, 750px\" \/><\/p>\n<p>Zu Beginn begr\u00fc\u00dften B\u00fcchereileiter Georg D\u00fcrr und die Mitarbeiterinnen Christa Kastner und Sabine Diener die Sch\u00fclerinnen und Sch\u00fcler der 1. Klasse recht herzlich in der B\u00fccherei.<br \/>\nDa die meisten im Vorjahr schon den B\u00fccherei-F\u00fchrerschein gemacht hatten und sie sich schon einigerma\u00dfen in der B\u00fccherei zurechtfinden, stellte D\u00fcrr nur noch ein paar Fragen zum Angebot, was es in der B\u00fccherei alles zum Entleihen gibt (B\u00fccher, Spiele, Zeitschriften, H\u00f6rb\u00fccher, DVDs und Tonies), wieviel B\u00fccher und Medien es in der B\u00fccherei gibt, wo was zu finden ist und was die verschiedenen Farben an den B\u00fcchern zu bedeuten haben usw.<img loading=\"lazy\" decoding=\"async\" class=\"wp-image-2173 alignleft\" src=\"https:\/\/gemeindebuechereikastl.de\/wp-content\/uploads\/2021\/07\/1-Klasse-2-1024x576.jpg\" alt=\"\" width=\"541\" height=\"305\" srcset=\"https:\/\/gemeindebuechereikastl.de\/wp-content\/uploads\/2021\/07\/1-Klasse-2-1024x576.jpg 1024w, https:\/\/gemeindebuechereikastl.de\/wp-content\/uploads\/2021\/07\/1-Klasse-2-300x169.jpg 300w, https:\/\/gemeindebuechereikastl.de\/wp-content\/uploads\/2021\/07\/1-Klasse-2-768x432.jpg 768w, https:\/\/gemeindebuechereikastl.de\/wp-content\/uploads\/2021\/07\/1-Klasse-2-1536x864.jpg 1536w, https:\/\/gemeindebuechereikastl.de\/wp-content\/uploads\/2021\/07\/1-Klasse-2-2048x1152.jpg 2048w, https:\/\/gemeindebuechereikastl.de\/wp-content\/uploads\/2021\/07\/1-Klasse-2-750x422.jpg 750w\" sizes=\"auto, (max-width: 541px) 100vw, 541px\" \/><br \/>\nBei einem kurzen Rundgang durch die beiden Geschosse der B\u00fccherei erl\u00e4utere er die Einteilung der B\u00fccherei mit den verschiedensten Medien. Bei einer Sch\u00e4tzung der Kinder wie viele Medien in der B\u00fccherei sind waren sie \u00fcberrascht das an die 8500 B\u00fccher und weitere 1500 Nichtbuchmedien und auch ca. 3000 Antolin B\u00fccher zu Entleihen bereitstehen. Er erw\u00e4hnte auch das Angebot der E-Book Ausleihe und wie die B\u00fccher und Medien sowie die E-Books \u00fcber den &#8222;Online-Katalog&#8220; zu finden sind.<\/p>\n<p>Nach der Einf\u00fchrung hatten die Kinder dann noch Zeit selbst im Angebot der B\u00fccherei zu st\u00f6bern und alle fanden ihre Lieblingsb\u00fccher zum Mitnehmen. Viele der Kinder hatten jede Menge an B\u00fcchern gefunden, die sie gerne mitnehmen und Lesen wollten.<br \/>\n<img loading=\"lazy\" decoding=\"async\" class=\" wp-image-2172 alignright\" src=\"https:\/\/gemeindebuechereikastl.de\/wp-content\/uploads\/2021\/07\/1-Klasse-1-1024x576.jpg\" alt=\"\" width=\"534\" height=\"300\" srcset=\"https:\/\/gemeindebuechereikastl.de\/wp-content\/uploads\/2021\/07\/1-Klasse-1-1024x576.jpg 1024w, https:\/\/gemeindebuechereikastl.de\/wp-content\/uploads\/2021\/07\/1-Klasse-1-300x169.jpg 300w, https:\/\/gemeindebuechereikastl.de\/wp-content\/uploads\/2021\/07\/1-Klasse-1-768x432.jpg 768w, https:\/\/gemeindebuechereikastl.de\/wp-content\/uploads\/2021\/07\/1-Klasse-1-1536x864.jpg 1536w, https:\/\/gemeindebuechereikastl.de\/wp-content\/uploads\/2021\/07\/1-Klasse-1-2048x1152.jpg 2048w, https:\/\/gemeindebuechereikastl.de\/wp-content\/uploads\/2021\/07\/1-Klasse-1-750x422.jpg 750w\" sizes=\"auto, (max-width: 534px) 100vw, 534px\" \/><br \/>\nBei Ihrem ersten Besuch bekamen alle Kinder der 1. Klasse ihren eigenen Leserausweis, mit dem sie eigenst\u00e4ndig bei der Schulausleihe oder mit den Eltern alle B\u00fccher und auch die weiteren Medien der B\u00fccherei ausleihen k\u00f6nnen und als kleines Dankesch\u00f6n und f\u00fcr die weiteren Besuche bekamen alle Kinder von B\u00fcchereileiter Georg D\u00fcrr eine B\u00fcchereitasche und ein Lesezeichen geschenkt. In der sch\u00f6nen B\u00fcchereitasche wurden gleich die ausgesuchten Lieblingsb\u00fccher eingepackt. D\u00fcrr erw\u00e4hnte noch, dass das gro\u00dfe Angebot nicht nur w\u00e4hrend der Schulausleihe den Kindern zur Verf\u00fcgung steht. Sie k\u00f6nnen auch mit ihren Eltern zu den normalen \u00d6ffnungszeiten der B\u00fccherei, kommen und dann neben den B\u00fcchern auch das gesamte Angebot der Kastler B\u00fccherei nutzen.<\/p>\n","protected":false},"excerpt":{"rendered":"<p>Mittwoch, 7. Juli &#8211;\u00a0Die Kinder der 1. Klasse der Seyfried-Schweppermann\u2013Schule Kastl besuchten im Rahmen der Schulausleihe zum ersten Mal gemeinsam die Gemeindeb\u00fccherei Kastl Zu Beginn begr\u00fc\u00dften B\u00fcchereileiter Georg D\u00fcrr und die Mitarbeiterinnen Christa Kastner und Sabine Diener die Sch\u00fclerinnen und Sch\u00fcler der 1. Klasse recht herzlich in der B\u00fccherei. Da die meisten im Vorjahr schon &hellip; <\/p>\n<p><a class=\"more-link btn\" href=\"https:\/\/gemeindebuechereikastl.de\/?p=2171\">Weiterlesen<\/a><\/p>\n","protected":false},"author":1,"featured_media":2174,"comment_status":"closed","ping_status":"closed","sticky":false,"template":"","format":"standard","meta":{"footnotes":""},"categories":[5],"tags":[21,117,22],"class_list":["post-2171","post","type-post","status-publish","format-standard","has-post-thumbnail","hentry","category-news","tag-1-klasse","tag-angebot","tag-schulausleihe","item-wrap"],"_links":{"self":[{"href":"https:\/\/gemeindebuechereikastl.de\/index.php?rest_route=\/wp\/v2\/posts\/2171","targetHints":{"allow":["GET"]}}],"collection":[{"href":"https:\/\/gemeindebuechereikastl.de\/index.php?rest_route=\/wp\/v2\/posts"}],"about":[{"href":"https:\/\/gemeindebuechereikastl.de\/index.php?rest_route=\/wp\/v2\/types\/post"}],"author":[{"embeddable":true,"href":"https:\/\/gemeindebuechereikastl.de\/index.php?rest_route=\/wp\/v2\/users\/1"}],"replies":[{"embeddable":true,"href":"https:\/\/gemeindebuechereikastl.de\/index.php?rest_route=%2Fwp%2Fv2%2Fcomments&post=2171"}],"version-history":[{"count":4,"href":"https:\/\/gemeindebuechereikastl.de\/index.php?rest_route=\/wp\/v2\/posts\/2171\/revisions"}],"predecessor-version":[{"id":2178,"href":"https:\/\/gemeindebuechereikastl.de\/index.php?rest_route=\/wp\/v2\/posts\/2171\/revisions\/2178"}],"wp:featuredmedia":[{"embeddable":true,"href":"https:\/\/gemeindebuechereikastl.de\/index.php?rest_route=\/wp\/v2\/media\/2174"}],"wp:attachment":[{"href":"https:\/\/gemeindebuechereikastl.de\/index.php?rest_route=%2Fwp%2Fv2%2Fmedia&parent=2171"}],"wp:term":[{"taxonomy":"category","embeddable":true,"href":"https:\/\/gemeindebuechereikastl.de\/index.php?rest_route=%2Fwp%2Fv2%2Fcategories&post=2171"},{"taxonomy":"post_tag","embeddable":true,"href":"https:\/\/gemeindebuechereikastl.de\/index.php?rest_route=%2Fwp%2Fv2%2Ftags&post=2171"}],"curies":[{"name":"wp","href":"https:\/\/api.w.org\/{rel}","templated":true}]}}