{"id":2179,"date":"2021-07-15T11:25:50","date_gmt":"2021-07-15T11:25:50","guid":{"rendered":"https:\/\/gemeindebuechereikastl.de\/?p=2179"},"modified":"2021-07-15T11:25:50","modified_gmt":"2021-07-15T11:25:50","slug":"theaterfreunde-aus-kastl-von-der-komoedie-der-brandner-kaspar-2-er-kehrt-zurueck-bei-den-luisenburg-festspielen-begeistert","status":"publish","type":"post","link":"https:\/\/gemeindebuechereikastl.de\/?p=2179","title":{"rendered":"Theaterfreunde aus Kastl von der Kom\u00f6die \u201eDer Brandner Kaspar 2. Er kehrt zur\u00fcck\u201c bei den Luisenburg-Festspielen begeistert"},"content":{"rendered":"<h2 style=\"text-align: center;\"><strong><span style=\"color: #ff6600;\">Trotz Regen, eine begeisterte Auff\u00fchrung von der Fortsetzung des Brandner<\/span> <span style=\"color: #ff6600;\">Kaspar auf der Luisenburg<\/span><\/strong><\/h2>\n<p><img loading=\"lazy\" decoding=\"async\" class=\"size-large wp-image-2181 aligncenter\" src=\"https:\/\/gemeindebuechereikastl.de\/wp-content\/uploads\/2021\/07\/20210711_152112-2-1024x576.jpg\" alt=\"\" width=\"750\" height=\"422\" srcset=\"https:\/\/gemeindebuechereikastl.de\/wp-content\/uploads\/2021\/07\/20210711_152112-2-1024x576.jpg 1024w, https:\/\/gemeindebuechereikastl.de\/wp-content\/uploads\/2021\/07\/20210711_152112-2-300x169.jpg 300w, https:\/\/gemeindebuechereikastl.de\/wp-content\/uploads\/2021\/07\/20210711_152112-2-768x432.jpg 768w, https:\/\/gemeindebuechereikastl.de\/wp-content\/uploads\/2021\/07\/20210711_152112-2-1536x864.jpg 1536w, https:\/\/gemeindebuechereikastl.de\/wp-content\/uploads\/2021\/07\/20210711_152112-2-2048x1152.jpg 2048w, https:\/\/gemeindebuechereikastl.de\/wp-content\/uploads\/2021\/07\/20210711_152112-2-750x422.jpg 750w\" sizes=\"auto, (max-width: 750px) 100vw, 750px\" \/><\/p>\n<p>Die neue Kom\u00f6die von Wolfgang Maria Bauer \u201eDer Brandner Kaspar 2. Er kehrt zur\u00fcck\u201c bei den Luisenburg-Festspielen zog die die Theaterfreunde aus Kastl und Umgebung bei den Luisenburg-Festspielen in Wunsiedel voll in ihren Bann.\u00a0 Die Fahrt zu den Luisenburg Festspielen wurde vom Team der Gemeindeb\u00fccherei Kastl zusammen mit dem Kolping Bezirk Neumarkt organsiert. Mit minutenlangem Schlussapplaus feierten die Theaterbegeisterten die Darsteller, f\u00fcr ihre eindrucksvolle Darstellung. Das unverw\u00fcstliche Paar mit dem Kabarett- und TV-Star Eisi Gulp als Boandlkramer und dem bekannten Fernsehschauspieler Ralf Bauer (&#8222;Gegen den Wind&#8220;) als Brandner Kaspar bekamen einen extra Applaus.<\/p>\n<p><img loading=\"lazy\" decoding=\"async\" class=\"size-large wp-image-2180 alignleft\" src=\"https:\/\/gemeindebuechereikastl.de\/wp-content\/uploads\/2021\/07\/20210711_144832-2-1024x576.jpg\" alt=\"\" width=\"750\" height=\"422\" srcset=\"https:\/\/gemeindebuechereikastl.de\/wp-content\/uploads\/2021\/07\/20210711_144832-2-1024x576.jpg 1024w, https:\/\/gemeindebuechereikastl.de\/wp-content\/uploads\/2021\/07\/20210711_144832-2-300x169.jpg 300w, https:\/\/gemeindebuechereikastl.de\/wp-content\/uploads\/2021\/07\/20210711_144832-2-768x432.jpg 768w, https:\/\/gemeindebuechereikastl.de\/wp-content\/uploads\/2021\/07\/20210711_144832-2-1536x864.jpg 1536w, https:\/\/gemeindebuechereikastl.de\/wp-content\/uploads\/2021\/07\/20210711_144832-2-2048x1152.jpg 2048w, https:\/\/gemeindebuechereikastl.de\/wp-content\/uploads\/2021\/07\/20210711_144832-2-750x422.jpg 750w\" sizes=\"auto, (max-width: 750px) 100vw, 750px\" \/><\/p>\n<p>Selbst das Paradies wird irgendwann fad. Nach sieben Jahren im Himmel ist dem Brandner Kaspar\u00a0 langweilig. Er hat Lust auf ein abwechslungsreiches Dasein. Brandner, dem das ewige Leben versprochen wurde, schaut mit Wehmut auf die Erde und was da innerhalb seiner Familie vorgeht, bringt ihn in Rage. Da muss der Brandner auf die Erde, um zu retten, was zu retten ist. Ein neues Gesch\u00e4ft mit dem Boandlkramer bringt beide zu den Sterblichen und dort beginnt ein heilloses Durcheinander, das selbst mit viel Schnaps und ein paar Engeln nicht zu entwirren ist. Die ewig-sch\u00f6ne Geschichte vom Brandner Kaspar und seinem Spezi, dem Boandlkramer, ist auch in der Fortsetzung eine augenzwinkernde, doppelb\u00f6dige Kom\u00f6die \u00fcber die Natur des Menschen. Wolfgang Maria Bauer hat den unverw\u00fcstlichen Stoff pointenreich <img loading=\"lazy\" decoding=\"async\" class=\" wp-image-2182 alignleft\" src=\"https:\/\/gemeindebuechereikastl.de\/wp-content\/uploads\/2021\/07\/Brandner-Tod-1024x576.jpg\" alt=\"\" width=\"402\" height=\"226\" srcset=\"https:\/\/gemeindebuechereikastl.de\/wp-content\/uploads\/2021\/07\/Brandner-Tod-1024x576.jpg 1024w, https:\/\/gemeindebuechereikastl.de\/wp-content\/uploads\/2021\/07\/Brandner-Tod-300x169.jpg 300w, https:\/\/gemeindebuechereikastl.de\/wp-content\/uploads\/2021\/07\/Brandner-Tod-768x432.jpg 768w, https:\/\/gemeindebuechereikastl.de\/wp-content\/uploads\/2021\/07\/Brandner-Tod-1536x864.jpg 1536w, https:\/\/gemeindebuechereikastl.de\/wp-content\/uploads\/2021\/07\/Brandner-Tod-750x422.jpg 750w, https:\/\/gemeindebuechereikastl.de\/wp-content\/uploads\/2021\/07\/Brandner-Tod.jpg 1920w\" sizes=\"auto, (max-width: 402px) 100vw, 402px\" \/>fortgeschrieben und ihn mit allerlei Anspielungen und Verweisen in die Gegenwart versetzt. Das allseits bekannte\u00a0Personal aus dem Himmel und von der Erde erlebt eine fr\u00f6hliche Wiederauferstehung und am Ende gibt es ein himmlisches Gericht und ein neues Happy-End.<\/p>\n<p>Trotz des heftigen Regens w\u00e4hrend der Vorstellung, waren die Theaterfreunde zum Schluss ganz von der sensationellen Schauspielerleitung begeistert und auch von einigen spontanen Darbietungen w\u00e4hrend des St\u00fccks. Auch wenn es wegen der Corona Pandemie alles ein wenig anders verlief als gewohnt, waren sich die begeisterten Theaterfreunde nach den Beifallst\u00fcrmen f\u00fcr die Akteure einig, wenn das B\u00fcchereiteam im n\u00e4chsten Jahr wieder eine Fahrt organisiert, werden sie wieder bei den Luisenburg-Festspielen dabei sein.<\/p>\n","protected":false},"excerpt":{"rendered":"<p>Trotz Regen, eine begeisterte Auff\u00fchrung von der Fortsetzung des Brandner Kaspar auf der Luisenburg Die neue Kom\u00f6die von Wolfgang Maria Bauer \u201eDer Brandner Kaspar 2. Er kehrt zur\u00fcck\u201c bei den Luisenburg-Festspielen zog die die Theaterfreunde aus Kastl und Umgebung bei den Luisenburg-Festspielen in Wunsiedel voll in ihren Bann.\u00a0 Die Fahrt zu den Luisenburg Festspielen wurde &hellip; <\/p>\n<p><a class=\"more-link btn\" href=\"https:\/\/gemeindebuechereikastl.de\/?p=2179\">Weiterlesen<\/a><\/p>\n","protected":false},"author":1,"featured_media":2181,"comment_status":"closed","ping_status":"closed","sticky":false,"template":"","format":"standard","meta":{"footnotes":""},"categories":[5],"tags":[148,70,247,248,53],"class_list":["post-2179","post","type-post","status-publish","format-standard","has-post-thumbnail","hentry","category-news","tag-brandner-kaspar","tag-luisenburg","tag-luisenburg-festspiele","tag-theaterfahrt","tag-wunsiedel","item-wrap"],"_links":{"self":[{"href":"https:\/\/gemeindebuechereikastl.de\/index.php?rest_route=\/wp\/v2\/posts\/2179","targetHints":{"allow":["GET"]}}],"collection":[{"href":"https:\/\/gemeindebuechereikastl.de\/index.php?rest_route=\/wp\/v2\/posts"}],"about":[{"href":"https:\/\/gemeindebuechereikastl.de\/index.php?rest_route=\/wp\/v2\/types\/post"}],"author":[{"embeddable":true,"href":"https:\/\/gemeindebuechereikastl.de\/index.php?rest_route=\/wp\/v2\/users\/1"}],"replies":[{"embeddable":true,"href":"https:\/\/gemeindebuechereikastl.de\/index.php?rest_route=%2Fwp%2Fv2%2Fcomments&post=2179"}],"version-history":[{"count":1,"href":"https:\/\/gemeindebuechereikastl.de\/index.php?rest_route=\/wp\/v2\/posts\/2179\/revisions"}],"predecessor-version":[{"id":2183,"href":"https:\/\/gemeindebuechereikastl.de\/index.php?rest_route=\/wp\/v2\/posts\/2179\/revisions\/2183"}],"wp:featuredmedia":[{"embeddable":true,"href":"https:\/\/gemeindebuechereikastl.de\/index.php?rest_route=\/wp\/v2\/media\/2181"}],"wp:attachment":[{"href":"https:\/\/gemeindebuechereikastl.de\/index.php?rest_route=%2Fwp%2Fv2%2Fmedia&parent=2179"}],"wp:term":[{"taxonomy":"category","embeddable":true,"href":"https:\/\/gemeindebuechereikastl.de\/index.php?rest_route=%2Fwp%2Fv2%2Fcategories&post=2179"},{"taxonomy":"post_tag","embeddable":true,"href":"https:\/\/gemeindebuechereikastl.de\/index.php?rest_route=%2Fwp%2Fv2%2Ftags&post=2179"}],"curies":[{"name":"wp","href":"https:\/\/api.w.org\/{rel}","templated":true}]}}