{"id":2184,"date":"2021-07-16T12:10:13","date_gmt":"2021-07-16T12:10:13","guid":{"rendered":"https:\/\/gemeindebuechereikastl.de\/?p=2184"},"modified":"2021-07-16T12:26:15","modified_gmt":"2021-07-16T12:26:15","slug":"schnaeppchenjagd-nach-guten-buechern-beim-markt-im-markt-kastl-im-juli","status":"publish","type":"post","link":"https:\/\/gemeindebuechereikastl.de\/?p=2184","title":{"rendered":"Schn\u00e4ppchenjagd nach guten B\u00fcchern beim \u201eMARKT im MARKT KASTL\u201c im Juli"},"content":{"rendered":"<h2 style=\"text-align: center;\"><span style=\"color: #ff6600;\"><strong>B\u00fccherflohmarkt beim Markt im Markt Kastl<\/strong><\/span><\/h2>\n<p><img loading=\"lazy\" decoding=\"async\" class=\"wp-image-2186 aligncenter\" src=\"https:\/\/gemeindebuechereikastl.de\/wp-content\/uploads\/2021\/07\/20210710_113143-1024x576.jpg\" alt=\"\" width=\"722\" height=\"406\" srcset=\"https:\/\/gemeindebuechereikastl.de\/wp-content\/uploads\/2021\/07\/20210710_113143-1024x576.jpg 1024w, https:\/\/gemeindebuechereikastl.de\/wp-content\/uploads\/2021\/07\/20210710_113143-300x169.jpg 300w, https:\/\/gemeindebuechereikastl.de\/wp-content\/uploads\/2021\/07\/20210710_113143-768x432.jpg 768w, https:\/\/gemeindebuechereikastl.de\/wp-content\/uploads\/2021\/07\/20210710_113143-1536x864.jpg 1536w, https:\/\/gemeindebuechereikastl.de\/wp-content\/uploads\/2021\/07\/20210710_113143-2048x1152.jpg 2048w, https:\/\/gemeindebuechereikastl.de\/wp-content\/uploads\/2021\/07\/20210710_113143-750x422.jpg 750w\" sizes=\"auto, (max-width: 722px) 100vw, 722px\" \/><br \/>\nNach dem die Teilnahme am MARKT im MARKT KASTL wegen Corona wieder m\u00f6glich ist, war das Team beim Markt im Juni, und auch im Juli wieder mit ihrer \u201eSchn\u00e4ppchenjagd\u201c nach guten B\u00fcchern beim \u201eMARKT im MARKT KASTL\u201c vertreten. Der Flohmarkt war von 9.00 bis 13.,00 Uhr vor der Gemeindeb\u00fccherei Kastl, in Klosterbergstr. 1 zu finden.<img loading=\"lazy\" decoding=\"async\" class=\" wp-image-2188 alignleft\" src=\"https:\/\/gemeindebuechereikastl.de\/wp-content\/uploads\/2021\/07\/20210710_112300-2-727x1024.jpg\" alt=\"\" width=\"216\" height=\"305\" srcset=\"https:\/\/gemeindebuechereikastl.de\/wp-content\/uploads\/2021\/07\/20210710_112300-2-727x1024.jpg 727w, https:\/\/gemeindebuechereikastl.de\/wp-content\/uploads\/2021\/07\/20210710_112300-2-213x300.jpg 213w, https:\/\/gemeindebuechereikastl.de\/wp-content\/uploads\/2021\/07\/20210710_112300-2-768x1082.jpg 768w, https:\/\/gemeindebuechereikastl.de\/wp-content\/uploads\/2021\/07\/20210710_112300-2-1090x1536.jpg 1090w, https:\/\/gemeindebuechereikastl.de\/wp-content\/uploads\/2021\/07\/20210710_112300-2-1454x2048.jpg 1454w, https:\/\/gemeindebuechereikastl.de\/wp-content\/uploads\/2021\/07\/20210710_112300-2-750x1057.jpg 750w, https:\/\/gemeindebuechereikastl.de\/wp-content\/uploads\/2021\/07\/20210710_112300-2-scaled.jpg 1817w\" sizes=\"auto, (max-width: 216px) 100vw, 216px\" \/><\/p>\n<p>Die Damen\u00a0vom Team boten vor der B\u00fccherei wieder gut erhaltene B\u00fccher, DVDs, Spiele und H\u00f6rb\u00fccher f\u00fcr jedes Alter und jeden Geschmack an. Den Preis f\u00fcr die B\u00fccher bestimmten die Buchliebhaber wieder selbst, Sie spendeten einfach den Betrag, was ihnen das Buch bzw. die B\u00fccher wert waren.<\/p>\n<p><strong>Viele gaben auch noch eine gro\u00dfz\u00fcgige Spende f\u00fcr die B\u00fccherei, da der Erl\u00f6s aus den Spenden des B\u00fccherflohmarktes wieder f\u00fcr die Neuanschaffungen von B\u00fcchern und Medien verwendet wird.!<\/strong><\/p>\n<p>Man kann aber nicht nur am Markt B\u00fccher kaufen, sondern das gro\u00dfe Angebot der Gemeindeb\u00fccherei Kastl das ganze Jahr hindurch zu den \u00d6ffnungszeiten in Anspruch nehmen. <img loading=\"lazy\" decoding=\"async\" class=\" wp-image-2191 alignright\" src=\"https:\/\/gemeindebuechereikastl.de\/wp-content\/uploads\/2021\/07\/Markt-im-Markt-2021.jpg\" alt=\"\" width=\"203\" height=\"288\" srcset=\"https:\/\/gemeindebuechereikastl.de\/wp-content\/uploads\/2021\/07\/Markt-im-Markt-2021.jpg 535w, https:\/\/gemeindebuechereikastl.de\/wp-content\/uploads\/2021\/07\/Markt-im-Markt-2021-212x300.jpg 212w\" sizes=\"auto, (max-width: 203px) 100vw, 203px\" \/>Die Gemeindeb\u00fccherei bietet allen Interessenten ein umfangreiches Angebot von ca. 8.000 B\u00fcchern und Zeitschriften und weitere 2.000 Nichtbuchmedien (Spiele, H\u00f6rb\u00fccher, DVDs und Tonies) in ihren R\u00e4umen in der Klosterbergstr. 1 zum Entleihen an. Weiter kann auch das Online-Angebot der E-Books unter <strong><a href=\"https:\/\/leo-nord.onleihe.de\">https:\/\/leo-nord.onleihe.de<\/a><\/strong> mit ca. 20.000<br \/>\nE-Books ganzj\u00e4hrig 24 Stunden am Tag genutzt werden.<\/p>\n<p style=\"text-align: center;\"><span style=\"color: #0000ff;\"><strong>Auch bei den M\u00e4rkten am 14. August, 11. September und am 9. Oktober 2021 von 9.000 \u2013 13.00 Uhr wird das B\u00fcchereiteam mit Ihren B\u00fccherflohmarkt dabei sein. Das Team freut sich auf ihren Besuch!<\/strong><\/span><\/p>\n","protected":false},"excerpt":{"rendered":"<p>B\u00fccherflohmarkt beim Markt im Markt Kastl Nach dem die Teilnahme am MARKT im MARKT KASTL wegen Corona wieder m\u00f6glich ist, war das Team beim Markt im Juni, und auch im Juli wieder mit ihrer \u201eSchn\u00e4ppchenjagd\u201c nach guten B\u00fcchern beim \u201eMARKT im MARKT KASTL\u201c vertreten. Der Flohmarkt war von 9.00 bis 13.,00 Uhr vor der Gemeindeb\u00fccherei &hellip; <\/p>\n<p><a class=\"more-link btn\" href=\"https:\/\/gemeindebuechereikastl.de\/?p=2184\">Weiterlesen<\/a><\/p>\n","protected":false},"author":1,"featured_media":2194,"comment_status":"closed","ping_status":"closed","sticky":false,"template":"","format":"standard","meta":{"footnotes":""},"categories":[5],"tags":[58,64,60,30,259,250,260],"class_list":["post-2184","post","type-post","status-publish","format-standard","has-post-thumbnail","hentry","category-news","tag-buecher","tag-buechereiteam","tag-buecherflohmarkt","tag-dvds","tag-hoerbuecher","tag-schnaeppchenjagd","tag-spiele","item-wrap"],"_links":{"self":[{"href":"https:\/\/gemeindebuechereikastl.de\/index.php?rest_route=\/wp\/v2\/posts\/2184","targetHints":{"allow":["GET"]}}],"collection":[{"href":"https:\/\/gemeindebuechereikastl.de\/index.php?rest_route=\/wp\/v2\/posts"}],"about":[{"href":"https:\/\/gemeindebuechereikastl.de\/index.php?rest_route=\/wp\/v2\/types\/post"}],"author":[{"embeddable":true,"href":"https:\/\/gemeindebuechereikastl.de\/index.php?rest_route=\/wp\/v2\/users\/1"}],"replies":[{"embeddable":true,"href":"https:\/\/gemeindebuechereikastl.de\/index.php?rest_route=%2Fwp%2Fv2%2Fcomments&post=2184"}],"version-history":[{"count":5,"href":"https:\/\/gemeindebuechereikastl.de\/index.php?rest_route=\/wp\/v2\/posts\/2184\/revisions"}],"predecessor-version":[{"id":2197,"href":"https:\/\/gemeindebuechereikastl.de\/index.php?rest_route=\/wp\/v2\/posts\/2184\/revisions\/2197"}],"wp:featuredmedia":[{"embeddable":true,"href":"https:\/\/gemeindebuechereikastl.de\/index.php?rest_route=\/wp\/v2\/media\/2194"}],"wp:attachment":[{"href":"https:\/\/gemeindebuechereikastl.de\/index.php?rest_route=%2Fwp%2Fv2%2Fmedia&parent=2184"}],"wp:term":[{"taxonomy":"category","embeddable":true,"href":"https:\/\/gemeindebuechereikastl.de\/index.php?rest_route=%2Fwp%2Fv2%2Fcategories&post=2184"},{"taxonomy":"post_tag","embeddable":true,"href":"https:\/\/gemeindebuechereikastl.de\/index.php?rest_route=%2Fwp%2Fv2%2Ftags&post=2184"}],"curies":[{"name":"wp","href":"https:\/\/api.w.org\/{rel}","templated":true}]}}