{"id":2198,"date":"2021-07-20T12:50:41","date_gmt":"2021-07-20T12:50:41","guid":{"rendered":"https:\/\/gemeindebuechereikastl.de\/?p=2198"},"modified":"2021-07-20T12:50:41","modified_gmt":"2021-07-20T12:50:41","slug":"adac-reisemagazin-neu-im-sortiment-des-angebotes-an-zeitschriften-in-der-buecherei","status":"publish","type":"post","link":"https:\/\/gemeindebuechereikastl.de\/?p=2198","title":{"rendered":"ADAC Reisemagazin \u2013 Neu im Sortiment des Angebotes an Zeitschriften in der B\u00fccherei"},"content":{"rendered":"<p><strong><img loading=\"lazy\" decoding=\"async\" class=\"size-full wp-image-2199 alignleft\" src=\"https:\/\/gemeindebuechereikastl.de\/wp-content\/uploads\/2021\/07\/ADAC-Reisemagazin-aktuell.jpg\" alt=\"\" width=\"427\" height=\"548\" srcset=\"https:\/\/gemeindebuechereikastl.de\/wp-content\/uploads\/2021\/07\/ADAC-Reisemagazin-aktuell.jpg 427w, https:\/\/gemeindebuechereikastl.de\/wp-content\/uploads\/2021\/07\/ADAC-Reisemagazin-aktuell-234x300.jpg 234w\" sizes=\"auto, (max-width: 427px) 100vw, 427px\" \/><br \/>\nADAC Reisemagazin \u2013 das Besondere erleben &amp; genie\u00dfen &#8211; <\/strong>Das ADAC Reisemagazin l\u00e4dt Sie ein, das Besondere zu erleben und zu genie\u00dfen. Kommen Sie mit uns auf die Reise \u2013 und entdecken Sie dabei beliebte Destinationen, versteckte Paradiese und einzigartige Urlaubs-Ziele. Das ADAC Reisemagazin richtet sich im Besonderen an Urlauber mit Interesse an Reisen in Europa.<\/p>\n<p><strong>Tipps f\u00fcr Ihren Urlaub &#8211; <\/strong>Das Besondere erleben und genie\u00dfen, damit Sie dieses Motto bestm\u00f6glich in Ihrem n\u00e4chsten Urlaub umsetzen k\u00f6nnen, versorgt Sie unser Reisemagazin nicht nur mit einladenden und inspirierenden Bildern. Vielmehr legen wir Wert darauf, Ihnen hilfreiche Informationen mit an die Hand zu geben.<\/p>\n<p><strong>Urlaubsparadiese: Die sch\u00f6nsten Orte der Welt\u00a0 &#8211; <\/strong>Pulsierende Metropolen, geschichtstr\u00e4chtige St\u00e4dte, eine paradiesische Insel und die sch\u00f6nsten Landschaften \u2013 wonach Ihnen auch der Urlaubssinn steht, wir haben das Passende f\u00fcr Sie. So stellt das Magazin Ihnen Reiseziele in Europa und der ganzen Welt vor. Nat\u00fcrlich stets mit den besten Tipps f\u00fcr spannende Sehensw\u00fcrdigkeiten!<\/p>\n<p><strong>Deutschland-Reisen im Fokus &#8211; <\/strong>Es muss nicht immer die Ferne sein. Wer eine Deutschland-Reise plant, der findet im ADAC Reisemagazin Inspiration, die Lust auf mehr macht. Ob Steiermark, Sylt-Amrum-F\u00f6hr oder der Schwarzwald \u2013 wir widmen unserer Heimat in jeder Reisemagazin-Ausgabe ausreichend Platz. Apropos Platz: Das gro\u00dfe Titelthema umfasst stets 60 Seiten, um Ihnen noch mehr Tiefe und Tipps bieten zu k\u00f6nnen. Dieses Kredo gilt nicht nur f\u00fcr das Titelthema, sondern f\u00fcr all unsere Themen. Seien es die Deutschland-Reisen, Autoreisen, St\u00e4dtereisen, Kreuzfahrten oder Genie\u00dfer Reisen.<\/p>\n<p><img loading=\"lazy\" decoding=\"async\" class=\"alignnone size-large wp-image-2200\" src=\"https:\/\/gemeindebuechereikastl.de\/wp-content\/uploads\/2021\/07\/ADAC-Reisemagazin1-1024x519.jpg\" alt=\"\" width=\"750\" height=\"380\" srcset=\"https:\/\/gemeindebuechereikastl.de\/wp-content\/uploads\/2021\/07\/ADAC-Reisemagazin1-1024x519.jpg 1024w, https:\/\/gemeindebuechereikastl.de\/wp-content\/uploads\/2021\/07\/ADAC-Reisemagazin1-300x152.jpg 300w, https:\/\/gemeindebuechereikastl.de\/wp-content\/uploads\/2021\/07\/ADAC-Reisemagazin1-768x389.jpg 768w, https:\/\/gemeindebuechereikastl.de\/wp-content\/uploads\/2021\/07\/ADAC-Reisemagazin1-1536x779.jpg 1536w, https:\/\/gemeindebuechereikastl.de\/wp-content\/uploads\/2021\/07\/ADAC-Reisemagazin1-2048x1038.jpg 2048w, https:\/\/gemeindebuechereikastl.de\/wp-content\/uploads\/2021\/07\/ADAC-Reisemagazin1-750x380.jpg 750w\" sizes=\"auto, (max-width: 750px) 100vw, 750px\" \/><\/p>\n<p style=\"text-align: center;\"><strong><span style=\"color: #0000ff;\">Das ADAC Reisemagazin k\u00f6nnen Sie ab sofort bei uns in der B\u00fccherei entleihen. Kommen Sie vorbei und entdecken bei uns noch weitere gro\u00dfartige und informative Zeitschriften.<br \/>\nWeitere Infos zu unseren Zeitschriften im <\/span><\/strong><span style=\"color: #ff0000;\"><strong><a style=\"color: #ff0000;\" href=\"https:\/\/iopac.gemeindebuechereikastl.de\/iopac\/\">ONLINE-KATALOG<\/a><\/strong><\/span><\/p>\n","protected":false},"excerpt":{"rendered":"<p>ADAC Reisemagazin \u2013 das Besondere erleben &amp; genie\u00dfen &#8211; Das ADAC Reisemagazin l\u00e4dt Sie ein, das Besondere zu erleben und zu genie\u00dfen. Kommen Sie mit uns auf die Reise \u2013 und entdecken Sie dabei beliebte Destinationen, versteckte Paradiese und einzigartige Urlaubs-Ziele. Das ADAC Reisemagazin richtet sich im Besonderen an Urlauber mit Interesse an Reisen in &hellip; <\/p>\n<p><a class=\"more-link btn\" href=\"https:\/\/gemeindebuechereikastl.de\/?p=2198\">Weiterlesen<\/a><\/p>\n","protected":false},"author":1,"featured_media":2200,"comment_status":"closed","ping_status":"closed","sticky":false,"template":"","format":"standard","meta":{"footnotes":""},"categories":[5],"tags":[261,183,121],"class_list":["post-2198","post","type-post","status-publish","format-standard","has-post-thumbnail","hentry","category-news","tag-reisen","tag-urlaub","tag-zeitschriften","item-wrap"],"_links":{"self":[{"href":"https:\/\/gemeindebuechereikastl.de\/index.php?rest_route=\/wp\/v2\/posts\/2198","targetHints":{"allow":["GET"]}}],"collection":[{"href":"https:\/\/gemeindebuechereikastl.de\/index.php?rest_route=\/wp\/v2\/posts"}],"about":[{"href":"https:\/\/gemeindebuechereikastl.de\/index.php?rest_route=\/wp\/v2\/types\/post"}],"author":[{"embeddable":true,"href":"https:\/\/gemeindebuechereikastl.de\/index.php?rest_route=\/wp\/v2\/users\/1"}],"replies":[{"embeddable":true,"href":"https:\/\/gemeindebuechereikastl.de\/index.php?rest_route=%2Fwp%2Fv2%2Fcomments&post=2198"}],"version-history":[{"count":1,"href":"https:\/\/gemeindebuechereikastl.de\/index.php?rest_route=\/wp\/v2\/posts\/2198\/revisions"}],"predecessor-version":[{"id":2201,"href":"https:\/\/gemeindebuechereikastl.de\/index.php?rest_route=\/wp\/v2\/posts\/2198\/revisions\/2201"}],"wp:featuredmedia":[{"embeddable":true,"href":"https:\/\/gemeindebuechereikastl.de\/index.php?rest_route=\/wp\/v2\/media\/2200"}],"wp:attachment":[{"href":"https:\/\/gemeindebuechereikastl.de\/index.php?rest_route=%2Fwp%2Fv2%2Fmedia&parent=2198"}],"wp:term":[{"taxonomy":"category","embeddable":true,"href":"https:\/\/gemeindebuechereikastl.de\/index.php?rest_route=%2Fwp%2Fv2%2Fcategories&post=2198"},{"taxonomy":"post_tag","embeddable":true,"href":"https:\/\/gemeindebuechereikastl.de\/index.php?rest_route=%2Fwp%2Fv2%2Ftags&post=2198"}],"curies":[{"name":"wp","href":"https:\/\/api.w.org\/{rel}","templated":true}]}}