{"id":2203,"date":"2021-07-24T13:27:44","date_gmt":"2021-07-24T13:27:44","guid":{"rendered":"https:\/\/gemeindebuechereikastl.de\/?p=2203"},"modified":"2021-07-26T08:12:28","modified_gmt":"2021-07-26T08:12:28","slug":"buchausstellungen-zu-verschiedensten-themen-in-der-buecherei","status":"publish","type":"post","link":"https:\/\/gemeindebuechereikastl.de\/?p=2203","title":{"rendered":"Buchausstellungen zu verschiedensten Themen in der B\u00fccherei"},"content":{"rendered":"<h2 style=\"text-align: center;\"><span style=\"color: #ff6600;\"><strong>Von B\u00fcchern kann man nie genug bekommen \u2013 sie entf\u00fchren uns in ganz und gar fremde Welten, befl\u00fcgeln unsere Fantasie und lassen uns unseren manchmal ganz sch\u00f6n hektischen Alltag ruckzuck vergessen.<\/strong><\/span><\/h2>\n<p style=\"text-align: center;\">Deshalb pr\u00e4sentiert das B\u00fcchereiteam Ihren Lesern laufend verschiedene Buch \u2013 und Medientische mit wechselnden Themen in der B\u00fccherei. Mit diesen Ausstellungen will das Team allen\u00a0 Lesern die Vielfalt der B\u00fccher und Medienauswahl in der B\u00fccherei vorstellen und somit den Lesern die Buchauswahl erleichtern.<\/p>\n<p>Das Thema Bauernhof wird im Erdgeschoss gro\u00dfgeschrieben. Hier pr\u00e4sentiert das Team <strong>speziell f\u00fcr Kinder<\/strong>\u00a0 Bilderb\u00fccher, Kindersachb\u00fccher und Tonies bei denen es um das Thema <strong>&#8222;Rund um den Bauernhof&#8220;<\/strong> geht.<\/p>\n<p><img loading=\"lazy\" decoding=\"async\" class=\" wp-image-2208 aligncenter\" src=\"https:\/\/gemeindebuechereikastl.de\/wp-content\/uploads\/2021\/07\/IMG-20210711-WA0000-734x1024.jpg\" alt=\"\" width=\"638\" height=\"890\" srcset=\"https:\/\/gemeindebuechereikastl.de\/wp-content\/uploads\/2021\/07\/IMG-20210711-WA0000-734x1024.jpg 734w, https:\/\/gemeindebuechereikastl.de\/wp-content\/uploads\/2021\/07\/IMG-20210711-WA0000-215x300.jpg 215w, https:\/\/gemeindebuechereikastl.de\/wp-content\/uploads\/2021\/07\/IMG-20210711-WA0000-768x1071.jpg 768w, https:\/\/gemeindebuechereikastl.de\/wp-content\/uploads\/2021\/07\/IMG-20210711-WA0000-750x1046.jpg 750w, https:\/\/gemeindebuechereikastl.de\/wp-content\/uploads\/2021\/07\/IMG-20210711-WA0000.jpg 852w\" sizes=\"auto, (max-width: 638px) 100vw, 638px\" \/><\/p>\n<p>\u201eWarum in die Ferne schweifen, wenn das sch\u00f6ne so nah ist\u201c Unter diesem Motto pr\u00e4sentiert das Team im Obergeschoss der B\u00fccherei, ausgew\u00e4hlte B\u00fccher \u00fcber <strong>Oberpfalz und Franken.\u00a0<\/strong>Hier gibt es ein gro\u00dfes Spektrum, von B\u00fcchern \u00fcber Wandern, Sehensw\u00fcrdigkeit oder Orte, die man gesehen haben muss. Entdecken Sie weitere B\u00fccher zu diesem Thema aus unserem gro\u00dfen Angebot.<\/p>\n<p><img loading=\"lazy\" decoding=\"async\" class=\" wp-image-2209 aligncenter\" src=\"https:\/\/gemeindebuechereikastl.de\/wp-content\/uploads\/2021\/07\/IMG-20210711-WA0001-776x1024.jpg\" alt=\"\" width=\"637\" height=\"841\" srcset=\"https:\/\/gemeindebuechereikastl.de\/wp-content\/uploads\/2021\/07\/IMG-20210711-WA0001-776x1024.jpg 776w, https:\/\/gemeindebuechereikastl.de\/wp-content\/uploads\/2021\/07\/IMG-20210711-WA0001-227x300.jpg 227w, https:\/\/gemeindebuechereikastl.de\/wp-content\/uploads\/2021\/07\/IMG-20210711-WA0001-768x1013.jpg 768w, https:\/\/gemeindebuechereikastl.de\/wp-content\/uploads\/2021\/07\/IMG-20210711-WA0001-750x989.jpg 750w, https:\/\/gemeindebuechereikastl.de\/wp-content\/uploads\/2021\/07\/IMG-20210711-WA0001.jpg 900w\" sizes=\"auto, (max-width: 637px) 100vw, 637px\" \/><\/p>\n<p>Die dritte Buchausstellung ebenfalls im Obergeschoss pr\u00e4sentiert B\u00fccher \u00fcbers <strong>&#8222;Radfahren und Wandern speziell in Bayern&#8220;\u00a0<\/strong><\/p>\n<p><img loading=\"lazy\" decoding=\"async\" class=\" wp-image-2210 aligncenter\" src=\"https:\/\/gemeindebuechereikastl.de\/wp-content\/uploads\/2021\/07\/IMG-20210711-WA0002-781x1024.jpg\" alt=\"\" width=\"648\" height=\"849\" srcset=\"https:\/\/gemeindebuechereikastl.de\/wp-content\/uploads\/2021\/07\/IMG-20210711-WA0002-781x1024.jpg 781w, https:\/\/gemeindebuechereikastl.de\/wp-content\/uploads\/2021\/07\/IMG-20210711-WA0002-229x300.jpg 229w, https:\/\/gemeindebuechereikastl.de\/wp-content\/uploads\/2021\/07\/IMG-20210711-WA0002-768x1006.jpg 768w, https:\/\/gemeindebuechereikastl.de\/wp-content\/uploads\/2021\/07\/IMG-20210711-WA0002-750x983.jpg 750w, https:\/\/gemeindebuechereikastl.de\/wp-content\/uploads\/2021\/07\/IMG-20210711-WA0002.jpg 863w\" sizes=\"auto, (max-width: 648px) 100vw, 648px\" \/><\/p>\n<p style=\"text-align: center;\"><strong>Alle Infos \u00fcber die Ausgestellten B\u00fccher und Medien und mehr erfahren Sie wie immer hier auf<br \/>\nunserer Homepage im <span style=\"color: #ff0000;\"><a style=\"color: #ff0000;\" href=\"https:\/\/iopac.gemeindebuechereikastl.de\/iopac\/\">Online Katalog<\/a><\/span> \u00a0oder bei einem Besuch bei uns in der B\u00fccherei!<\/strong><\/p>\n","protected":false},"excerpt":{"rendered":"<p>Von B\u00fcchern kann man nie genug bekommen \u2013 sie entf\u00fchren uns in ganz und gar fremde Welten, befl\u00fcgeln unsere Fantasie und lassen uns unseren manchmal ganz sch\u00f6n hektischen Alltag ruckzuck vergessen. Deshalb pr\u00e4sentiert das B\u00fcchereiteam Ihren Lesern laufend verschiedene Buch \u2013 und Medientische mit wechselnden Themen in der B\u00fccherei. Mit diesen Ausstellungen will das Team &hellip; <\/p>\n<p><a class=\"more-link btn\" href=\"https:\/\/gemeindebuechereikastl.de\/?p=2203\">Weiterlesen<\/a><\/p>\n","protected":false},"author":1,"featured_media":2209,"comment_status":"closed","ping_status":"closed","sticky":false,"template":"","format":"standard","meta":{"footnotes":""},"categories":[5],"tags":[262,194,264,263,266,265],"class_list":["post-2203","post","type-post","status-publish","format-standard","has-post-thumbnail","hentry","category-news","tag-bauernhof","tag-buchausstellung","tag-franken","tag-oberpfalz","tag-radfahren","tag-wandern","item-wrap"],"_links":{"self":[{"href":"https:\/\/gemeindebuechereikastl.de\/index.php?rest_route=\/wp\/v2\/posts\/2203","targetHints":{"allow":["GET"]}}],"collection":[{"href":"https:\/\/gemeindebuechereikastl.de\/index.php?rest_route=\/wp\/v2\/posts"}],"about":[{"href":"https:\/\/gemeindebuechereikastl.de\/index.php?rest_route=\/wp\/v2\/types\/post"}],"author":[{"embeddable":true,"href":"https:\/\/gemeindebuechereikastl.de\/index.php?rest_route=\/wp\/v2\/users\/1"}],"replies":[{"embeddable":true,"href":"https:\/\/gemeindebuechereikastl.de\/index.php?rest_route=%2Fwp%2Fv2%2Fcomments&post=2203"}],"version-history":[{"count":8,"href":"https:\/\/gemeindebuechereikastl.de\/index.php?rest_route=\/wp\/v2\/posts\/2203\/revisions"}],"predecessor-version":[{"id":2218,"href":"https:\/\/gemeindebuechereikastl.de\/index.php?rest_route=\/wp\/v2\/posts\/2203\/revisions\/2218"}],"wp:featuredmedia":[{"embeddable":true,"href":"https:\/\/gemeindebuechereikastl.de\/index.php?rest_route=\/wp\/v2\/media\/2209"}],"wp:attachment":[{"href":"https:\/\/gemeindebuechereikastl.de\/index.php?rest_route=%2Fwp%2Fv2%2Fmedia&parent=2203"}],"wp:term":[{"taxonomy":"category","embeddable":true,"href":"https:\/\/gemeindebuechereikastl.de\/index.php?rest_route=%2Fwp%2Fv2%2Fcategories&post=2203"},{"taxonomy":"post_tag","embeddable":true,"href":"https:\/\/gemeindebuechereikastl.de\/index.php?rest_route=%2Fwp%2Fv2%2Ftags&post=2203"}],"curies":[{"name":"wp","href":"https:\/\/api.w.org\/{rel}","templated":true}]}}