{"id":2240,"date":"2021-08-06T18:07:40","date_gmt":"2021-08-06T18:07:40","guid":{"rendered":"https:\/\/gemeindebuechereikastl.de\/?p=2240"},"modified":"2021-08-07T12:44:06","modified_gmt":"2021-08-07T12:44:06","slug":"fuer-ferienregentage-gibt-es-neue-dvds-in-der-buecherei-zu-entdecken","status":"publish","type":"post","link":"https:\/\/gemeindebuechereikastl.de\/?p=2240","title":{"rendered":"F\u00fcr Ferienregentage gibt es neue DVDs in der B\u00fccherei zu Entdecken"},"content":{"rendered":"<h2 style=\"text-align: center;\"><span style=\"color: #ff6600;\"><strong>Neue aktuelle DVDs f\u00fcr Kinder und Erwachsene ab sofort zum Entleihen!<\/strong><\/span><\/h2>\n<p style=\"text-align: center;\"><strong>F\u00fcr Regentage oder f\u00fcr einen sch\u00f6nen Filmabend gibt es eine gro\u00dfe Auswahl an DVDs f\u00fcr Kinder und Erwachsene in der B\u00fccherei zu entdecken<\/strong>.<\/p>\n<p><img loading=\"lazy\" decoding=\"async\" class=\" wp-image-2244 aligncenter\" src=\"https:\/\/gemeindebuechereikastl.de\/wp-content\/uploads\/2021\/08\/20210806_182146-2-1024x719.jpg\" alt=\"\" width=\"682\" height=\"478\" srcset=\"https:\/\/gemeindebuechereikastl.de\/wp-content\/uploads\/2021\/08\/20210806_182146-2-1024x719.jpg 1024w, https:\/\/gemeindebuechereikastl.de\/wp-content\/uploads\/2021\/08\/20210806_182146-2-300x211.jpg 300w, https:\/\/gemeindebuechereikastl.de\/wp-content\/uploads\/2021\/08\/20210806_182146-2-1536x1079.jpg 1536w, https:\/\/gemeindebuechereikastl.de\/wp-content\/uploads\/2021\/08\/20210806_182146-2-2048x1439.jpg 2048w, https:\/\/gemeindebuechereikastl.de\/wp-content\/uploads\/2021\/08\/20210806_182146-2-750x527.jpg 750w\" sizes=\"auto, (max-width: 682px) 100vw, 682px\" \/><\/p>\n<p style=\"text-align: center;\"><img loading=\"lazy\" decoding=\"async\" class=\" wp-image-2243 alignright\" src=\"https:\/\/gemeindebuechereikastl.de\/wp-content\/uploads\/2021\/08\/20210806_174047-2-965x1024.jpg\" alt=\"\" width=\"323\" height=\"343\" srcset=\"https:\/\/gemeindebuechereikastl.de\/wp-content\/uploads\/2021\/08\/20210806_174047-2-965x1024.jpg 965w, https:\/\/gemeindebuechereikastl.de\/wp-content\/uploads\/2021\/08\/20210806_174047-2-283x300.jpg 283w, https:\/\/gemeindebuechereikastl.de\/wp-content\/uploads\/2021\/08\/20210806_174047-2-768x815.jpg 768w, https:\/\/gemeindebuechereikastl.de\/wp-content\/uploads\/2021\/08\/20210806_174047-2-1448x1536.jpg 1448w, https:\/\/gemeindebuechereikastl.de\/wp-content\/uploads\/2021\/08\/20210806_174047-2-1931x2048.jpg 1931w, https:\/\/gemeindebuechereikastl.de\/wp-content\/uploads\/2021\/08\/20210806_174047-2-750x796.jpg 750w\" sizes=\"auto, (max-width: 323px) 100vw, 323px\" \/><strong>Rechtzeitig zu den Ferien bzw. f\u00fcr den Urlaub zuhause sind auch wieder neue Filme bei uns\u00a0 im Angebot. <\/strong><\/p>\n<p>Es sind dies bei den Kindern: \u201eJim Knopf und die wilde 13 \/ Yakari \u2013 Der Kinofilm \/ Raya, der letzte Drache&#8220;<\/p>\n<p>F\u00fcr die Jugendlichen und Erwachsenen gibt es:\u00a0 \u201eGott, du kannst ein Arsch sein \/ Eine Meerjungfrau in Paris \/ und Morgen die ganze Welt \/ Master Cheng in PohjanjokiIron\u00a0 und\u00a0Iron Mask&#8220;<\/p>\n<p style=\"text-align: center;\">Weitere Infos zu unseren neuen DVDS und \u00fcber unser gesamtes DVD-Angebot wie immer in unserem<br \/>\n<strong><span style=\"color: #ff0000;\"><a style=\"color: #ff0000;\" href=\"https:\/\/iopac.gemeindebuechereikastl.de\/iopac\/\">Online Katalog<\/a><\/span><\/strong><\/p>\n","protected":false},"excerpt":{"rendered":"<p>Neue aktuelle DVDs f\u00fcr Kinder und Erwachsene ab sofort zum Entleihen! F\u00fcr Regentage oder f\u00fcr einen sch\u00f6nen Filmabend gibt es eine gro\u00dfe Auswahl an DVDs f\u00fcr Kinder und Erwachsene in der B\u00fccherei zu entdecken. Rechtzeitig zu den Ferien bzw. f\u00fcr den Urlaub zuhause sind auch wieder neue Filme bei uns\u00a0 im Angebot. Es sind dies &hellip; <\/p>\n<p><a class=\"more-link btn\" href=\"https:\/\/gemeindebuechereikastl.de\/?p=2240\">Weiterlesen<\/a><\/p>\n","protected":false},"author":1,"featured_media":2244,"comment_status":"closed","ping_status":"closed","sticky":false,"template":"","format":"standard","meta":{"footnotes":""},"categories":[5],"tags":[270,30,271,272,269],"class_list":["post-2240","post","type-post","status-publish","format-standard","has-post-thumbnail","hentry","category-news","tag-dvd","tag-dvds","tag-kinderfilme","tag-kinofilme","tag-neue-dvds","item-wrap"],"_links":{"self":[{"href":"https:\/\/gemeindebuechereikastl.de\/index.php?rest_route=\/wp\/v2\/posts\/2240","targetHints":{"allow":["GET"]}}],"collection":[{"href":"https:\/\/gemeindebuechereikastl.de\/index.php?rest_route=\/wp\/v2\/posts"}],"about":[{"href":"https:\/\/gemeindebuechereikastl.de\/index.php?rest_route=\/wp\/v2\/types\/post"}],"author":[{"embeddable":true,"href":"https:\/\/gemeindebuechereikastl.de\/index.php?rest_route=\/wp\/v2\/users\/1"}],"replies":[{"embeddable":true,"href":"https:\/\/gemeindebuechereikastl.de\/index.php?rest_route=%2Fwp%2Fv2%2Fcomments&post=2240"}],"version-history":[{"count":5,"href":"https:\/\/gemeindebuechereikastl.de\/index.php?rest_route=\/wp\/v2\/posts\/2240\/revisions"}],"predecessor-version":[{"id":2249,"href":"https:\/\/gemeindebuechereikastl.de\/index.php?rest_route=\/wp\/v2\/posts\/2240\/revisions\/2249"}],"wp:featuredmedia":[{"embeddable":true,"href":"https:\/\/gemeindebuechereikastl.de\/index.php?rest_route=\/wp\/v2\/media\/2244"}],"wp:attachment":[{"href":"https:\/\/gemeindebuechereikastl.de\/index.php?rest_route=%2Fwp%2Fv2%2Fmedia&parent=2240"}],"wp:term":[{"taxonomy":"category","embeddable":true,"href":"https:\/\/gemeindebuechereikastl.de\/index.php?rest_route=%2Fwp%2Fv2%2Fcategories&post=2240"},{"taxonomy":"post_tag","embeddable":true,"href":"https:\/\/gemeindebuechereikastl.de\/index.php?rest_route=%2Fwp%2Fv2%2Ftags&post=2240"}],"curies":[{"name":"wp","href":"https:\/\/api.w.org\/{rel}","templated":true}]}}