{"id":2261,"date":"2021-08-10T10:42:06","date_gmt":"2021-08-10T10:42:06","guid":{"rendered":"https:\/\/gemeindebuechereikastl.de\/?p=2261"},"modified":"2021-08-10T11:21:19","modified_gmt":"2021-08-10T11:21:19","slug":"erlebnisreicher-ferientag-bei-ausflug-zur-luisenburg-mit-dem-familienmusical-pinocchio-und-dem-wildpark-in-mehlmeisel","status":"publish","type":"post","link":"https:\/\/gemeindebuechereikastl.de\/?p=2261","title":{"rendered":"Erlebnisreicher Ferientag mit dem Familienmusical \u201ePinocchio\u201c und dem Wildpark in Mehlmeisel"},"content":{"rendered":"<h2 style=\"text-align: center;\"><span style=\"color: #ff6600;\"><strong>Toller Ferientag f\u00fcr die Kinder bei \u201ePinocchio\u201c auf der Luisenburg und im Wildpark in Mehlmeisel im Rahmen der Ferienfahrt der Gemeindeb\u00fccherei!<\/strong><\/span><\/h2>\n<p>Einen sch\u00f6nen und erlebnisreichen Ferientag erlebten die Kinder aus Kastl mit ihren Eltern, Omas und Opas bei der Ferienfahrt, zur Luisenburg und Mehlmeisel, die vom Team der Gemeindeb\u00fccherei und Kolping Kastl organisiert wurde.<\/p>\n<p><img loading=\"lazy\" decoding=\"async\" class=\"wp-image-2272 aligncenter\" src=\"https:\/\/gemeindebuechereikastl.de\/wp-content\/uploads\/2021\/08\/20210808_113844-scaled.jpg\" alt=\"\" width=\"729\" height=\"546\" srcset=\"https:\/\/gemeindebuechereikastl.de\/wp-content\/uploads\/2021\/08\/20210808_113844-scaled.jpg 2560w, https:\/\/gemeindebuechereikastl.de\/wp-content\/uploads\/2021\/08\/20210808_113844-300x225.jpg 300w, https:\/\/gemeindebuechereikastl.de\/wp-content\/uploads\/2021\/08\/20210808_113844-1024x768.jpg 1024w, https:\/\/gemeindebuechereikastl.de\/wp-content\/uploads\/2021\/08\/20210808_113844-768x576.jpg 768w, https:\/\/gemeindebuechereikastl.de\/wp-content\/uploads\/2021\/08\/20210808_113844-1536x1152.jpg 1536w, https:\/\/gemeindebuechereikastl.de\/wp-content\/uploads\/2021\/08\/20210808_113844-2048x1536.jpg 2048w, https:\/\/gemeindebuechereikastl.de\/wp-content\/uploads\/2021\/08\/20210808_113844-750x563.jpg 750w\" sizes=\"auto, (max-width: 729px) 100vw, 729px\" \/><\/p>\n<p>Die Geschichte von Pinocchio freilich ist bereits unz\u00e4hlige Male verfilmt worden, aber dennoch war das St\u00fcck als Musical, genau richtig f\u00fcr die Luisenburg und f\u00fcr die Kastler Ferienkinder. Im Mittelpunkt stand die m\u00e4rchenhafte Geschichte des Tischlers Geppetto, der eine Marionette schnitzt, die zum Leben erwacht und die er auf den Namen Pinocchio tauft. Dieser Pinocchio pr\u00e4sentierte sich 80 Minuten lang als abenteuerlustige und neugierige, aber auch ziemlich naive und leichtsinnige Holzpuppe, die manche Probleme geradezu magisch anzieht.<\/p>\n<p><img loading=\"lazy\" decoding=\"async\" class=\"alignleft wp-image-2275 \" src=\"https:\/\/gemeindebuechereikastl.de\/wp-content\/uploads\/2021\/08\/Pinocchio-1-1603x1020.jpg\" alt=\"\" width=\"359\" height=\"228\" srcset=\"https:\/\/gemeindebuechereikastl.de\/wp-content\/uploads\/2021\/08\/Pinocchio-1-1603x1020.jpg 1603w, https:\/\/gemeindebuechereikastl.de\/wp-content\/uploads\/2021\/08\/Pinocchio-1-300x191.jpg 300w, https:\/\/gemeindebuechereikastl.de\/wp-content\/uploads\/2021\/08\/Pinocchio-1-768x488.jpg 768w, https:\/\/gemeindebuechereikastl.de\/wp-content\/uploads\/2021\/08\/Pinocchio-1-1536x977.jpg 1536w, https:\/\/gemeindebuechereikastl.de\/wp-content\/uploads\/2021\/08\/Pinocchio-1-2048x1303.jpg 2048w, https:\/\/gemeindebuechereikastl.de\/wp-content\/uploads\/2021\/08\/Pinocchio-1-750x477.jpg 750w\" sizes=\"auto, (max-width: 359px) 100vw, 359px\" \/><\/p>\n<p><img loading=\"lazy\" decoding=\"async\" class=\"wp-image-2279 alignright\" src=\"https:\/\/gemeindebuechereikastl.de\/wp-content\/uploads\/2021\/08\/Pinoochio-3-1588x1206.jpg\" alt=\"\" width=\"313\" height=\"237\" srcset=\"https:\/\/gemeindebuechereikastl.de\/wp-content\/uploads\/2021\/08\/Pinoochio-3-1588x1206.jpg 1588w, https:\/\/gemeindebuechereikastl.de\/wp-content\/uploads\/2021\/08\/Pinoochio-3-300x228.jpg 300w, https:\/\/gemeindebuechereikastl.de\/wp-content\/uploads\/2021\/08\/Pinoochio-3-768x583.jpg 768w, https:\/\/gemeindebuechereikastl.de\/wp-content\/uploads\/2021\/08\/Pinoochio-3-1536x1167.jpg 1536w, https:\/\/gemeindebuechereikastl.de\/wp-content\/uploads\/2021\/08\/Pinoochio-3-2048x1556.jpg 2048w, https:\/\/gemeindebuechereikastl.de\/wp-content\/uploads\/2021\/08\/Pinoochio-3-750x570.jpg 750w\" sizes=\"auto, (max-width: 313px) 100vw, 313px\" \/><\/p>\n<p>&nbsp;<\/p>\n<p>&nbsp;<\/p>\n<p>&nbsp;<\/p>\n<p>&nbsp;<\/p>\n<p>&nbsp;<\/p>\n<p>&nbsp;<\/p>\n<p><img loading=\"lazy\" decoding=\"async\" class=\"alignleft wp-image-2280 \" src=\"https:\/\/gemeindebuechereikastl.de\/wp-content\/uploads\/2021\/08\/pinocchio-2-1603x1139.jpg\" alt=\"\" width=\"345\" height=\"246\" srcset=\"https:\/\/gemeindebuechereikastl.de\/wp-content\/uploads\/2021\/08\/pinocchio-2-1603x1139.jpg 1603w, https:\/\/gemeindebuechereikastl.de\/wp-content\/uploads\/2021\/08\/pinocchio-2-300x213.jpg 300w, https:\/\/gemeindebuechereikastl.de\/wp-content\/uploads\/2021\/08\/pinocchio-2-768x546.jpg 768w, https:\/\/gemeindebuechereikastl.de\/wp-content\/uploads\/2021\/08\/pinocchio-2-1536x1091.jpg 1536w, https:\/\/gemeindebuechereikastl.de\/wp-content\/uploads\/2021\/08\/pinocchio-2-2048x1455.jpg 2048w, https:\/\/gemeindebuechereikastl.de\/wp-content\/uploads\/2021\/08\/pinocchio-2-750x533.jpg 750w\" sizes=\"auto, (max-width: 345px) 100vw, 345px\" \/><img loading=\"lazy\" decoding=\"async\" class=\"wp-image-2277 alignright\" src=\"https:\/\/gemeindebuechereikastl.de\/wp-content\/uploads\/2021\/08\/Pinocchio-4-1603x1143.jpg\" alt=\"\" width=\"320\" height=\"228\" srcset=\"https:\/\/gemeindebuechereikastl.de\/wp-content\/uploads\/2021\/08\/Pinocchio-4-1603x1143.jpg 1603w, https:\/\/gemeindebuechereikastl.de\/wp-content\/uploads\/2021\/08\/Pinocchio-4-300x214.jpg 300w, https:\/\/gemeindebuechereikastl.de\/wp-content\/uploads\/2021\/08\/Pinocchio-4-768x548.jpg 768w, https:\/\/gemeindebuechereikastl.de\/wp-content\/uploads\/2021\/08\/Pinocchio-4-1536x1095.jpg 1536w, https:\/\/gemeindebuechereikastl.de\/wp-content\/uploads\/2021\/08\/Pinocchio-4-2048x1460.jpg 2048w, https:\/\/gemeindebuechereikastl.de\/wp-content\/uploads\/2021\/08\/Pinocchio-4-750x535.jpg 750w\" sizes=\"auto, (max-width: 320px) 100vw, 320px\" \/><\/p>\n<p>&nbsp;<\/p>\n<p>&nbsp;<\/p>\n<p>&nbsp;<\/p>\n<p>&nbsp;<\/p>\n<p>&nbsp;<\/p>\n<p>&nbsp;<\/p>\n<p>Die moderne Musik, die poppigen Songs und die fetzigen Choreografien verleihen dem M\u00e4rchen frischen Schwung, eine perfekte Show, wie f\u00fcr die Luisenburg gemacht. Diese Geschichte sowie die Musik, bei der die Kinder kr\u00e4ftig mit klatschten, zog die Kinder mit ihren Eltern voll in ihren Bann. Der Schlussapplaus belegte es, es war wieder ein gelungenes und kindgerechtes Familienst\u00fcck auf der Luisenburg.<\/p>\n<p><img loading=\"lazy\" decoding=\"async\" class=\"wp-image-2274 aligncenter\" src=\"https:\/\/gemeindebuechereikastl.de\/wp-content\/uploads\/2021\/08\/Ferienfahrt-Pinocchio-1603x902.jpg\" alt=\"\" width=\"686\" height=\"385\" srcset=\"https:\/\/gemeindebuechereikastl.de\/wp-content\/uploads\/2021\/08\/Ferienfahrt-Pinocchio-1603x902.jpg 1603w, https:\/\/gemeindebuechereikastl.de\/wp-content\/uploads\/2021\/08\/Ferienfahrt-Pinocchio-300x169.jpg 300w, https:\/\/gemeindebuechereikastl.de\/wp-content\/uploads\/2021\/08\/Ferienfahrt-Pinocchio-768x432.jpg 768w, https:\/\/gemeindebuechereikastl.de\/wp-content\/uploads\/2021\/08\/Ferienfahrt-Pinocchio-1536x864.jpg 1536w, https:\/\/gemeindebuechereikastl.de\/wp-content\/uploads\/2021\/08\/Ferienfahrt-Pinocchio-2048x1152.jpg 2048w, https:\/\/gemeindebuechereikastl.de\/wp-content\/uploads\/2021\/08\/Ferienfahrt-Pinocchio-750x422.jpg 750w\" sizes=\"auto, (max-width: 686px) 100vw, 686px\" \/><\/p>\n<p>Nach den M\u00e4rchen um Pinocchio am Vormittag, ging es am Nachmittag noch nach Mehlmeisel, wo man die heimische Tierwelt entdecken und erleben konnte.<\/p>\n<p><img loading=\"lazy\" decoding=\"async\" class=\" wp-image-2281 alignnone\" src=\"https:\/\/gemeindebuechereikastl.de\/wp-content\/uploads\/2021\/08\/20210808_125746-2-300x188.jpg\" alt=\"\" width=\"332\" height=\"208\" srcset=\"https:\/\/gemeindebuechereikastl.de\/wp-content\/uploads\/2021\/08\/20210808_125746-2-300x188.jpg 300w, https:\/\/gemeindebuechereikastl.de\/wp-content\/uploads\/2021\/08\/20210808_125746-2-1603x1007.jpg 1603w, https:\/\/gemeindebuechereikastl.de\/wp-content\/uploads\/2021\/08\/20210808_125746-2-768x482.jpg 768w, https:\/\/gemeindebuechereikastl.de\/wp-content\/uploads\/2021\/08\/20210808_125746-2-1536x965.jpg 1536w, https:\/\/gemeindebuechereikastl.de\/wp-content\/uploads\/2021\/08\/20210808_125746-2-2048x1287.jpg 2048w, https:\/\/gemeindebuechereikastl.de\/wp-content\/uploads\/2021\/08\/20210808_125746-2-750x471.jpg 750w\" sizes=\"auto, (max-width: 332px) 100vw, 332px\" \/><img loading=\"lazy\" decoding=\"async\" class=\"wp-image-2283 alignright\" src=\"https:\/\/gemeindebuechereikastl.de\/wp-content\/uploads\/2021\/08\/20210808_135504-2-300x176.jpg\" alt=\"\" width=\"335\" height=\"196\" srcset=\"https:\/\/gemeindebuechereikastl.de\/wp-content\/uploads\/2021\/08\/20210808_135504-2-300x176.jpg 300w, https:\/\/gemeindebuechereikastl.de\/wp-content\/uploads\/2021\/08\/20210808_135504-2-1603x941.jpg 1603w, https:\/\/gemeindebuechereikastl.de\/wp-content\/uploads\/2021\/08\/20210808_135504-2-768x451.jpg 768w, https:\/\/gemeindebuechereikastl.de\/wp-content\/uploads\/2021\/08\/20210808_135504-2-1536x902.jpg 1536w, https:\/\/gemeindebuechereikastl.de\/wp-content\/uploads\/2021\/08\/20210808_135504-2-2048x1203.jpg 2048w, https:\/\/gemeindebuechereikastl.de\/wp-content\/uploads\/2021\/08\/20210808_135504-2-750x440.jpg 750w\" sizes=\"auto, (max-width: 335px) 100vw, 335px\" \/><\/p>\n<p>Auf einem Rundweg durch das Tierfreigel\u00e4nde am Waldhaus Mehlmeisel konnte man die verschiedensten Heimischen Tiere bestaunen und beobachten Das Highlight war nat\u00fcrlich der Hochweg der direkt \u00fcber Luchs- und Wildschwein und dem Rotwild f\u00fchrte.\u00a0 Dieser Hochsteg ging in drei Metern H\u00f6he \u00fcber die Gehege und er\u00f6ffnete neue und interessante Perspektiven. An mehreren <img loading=\"lazy\" decoding=\"async\" class=\"alignleft wp-image-2282 \" src=\"https:\/\/gemeindebuechereikastl.de\/wp-content\/uploads\/2021\/08\/20210808_135047-2-1603x1196.jpg\" alt=\"\" width=\"372\" height=\"277\" srcset=\"https:\/\/gemeindebuechereikastl.de\/wp-content\/uploads\/2021\/08\/20210808_135047-2-1603x1196.jpg 1603w, https:\/\/gemeindebuechereikastl.de\/wp-content\/uploads\/2021\/08\/20210808_135047-2-300x224.jpg 300w, https:\/\/gemeindebuechereikastl.de\/wp-content\/uploads\/2021\/08\/20210808_135047-2-768x573.jpg 768w, https:\/\/gemeindebuechereikastl.de\/wp-content\/uploads\/2021\/08\/20210808_135047-2-1536x1146.jpg 1536w, https:\/\/gemeindebuechereikastl.de\/wp-content\/uploads\/2021\/08\/20210808_135047-2-2048x1528.jpg 2048w, https:\/\/gemeindebuechereikastl.de\/wp-content\/uploads\/2021\/08\/20210808_135047-2-750x560.jpg 750w\" sizes=\"auto, (max-width: 372px) 100vw, 372px\" \/>Aussichtsplattformen konnten Sie den Wildschweinen beim Schwimmen oder dem Luchs beim Klettern zuschauen \u2013 manche Aktionen finden fast in Reichweite des Hochstegs statt und lie\u00dfen sich so hautnah erleben.<\/p>\n<p>Da die Begeisterung von diesem Ferientag sehr gro\u00df war, waren sich die Verantwortlichen von Gemeindeb\u00fccherei und Kolping einig, auch f\u00fcr das n\u00e4chstes Jahr wieder eine Fahrt in das Fichtelgebirge mit Besuch des Familienst\u00fcckes auf der Luisenburg anzubieten.<\/p>\n","protected":false},"excerpt":{"rendered":"<p>Toller Ferientag f\u00fcr die Kinder bei \u201ePinocchio\u201c auf der Luisenburg und im Wildpark in Mehlmeisel im Rahmen der Ferienfahrt der Gemeindeb\u00fccherei! Einen sch\u00f6nen und erlebnisreichen Ferientag erlebten die Kinder aus Kastl mit ihren Eltern, Omas und Opas bei der Ferienfahrt, zur Luisenburg und Mehlmeisel, die vom Team der Gemeindeb\u00fccherei und Kolping Kastl organisiert wurde. Die &hellip; <\/p>\n<p><a class=\"more-link btn\" href=\"https:\/\/gemeindebuechereikastl.de\/?p=2261\">Weiterlesen<\/a><\/p>\n","protected":false},"author":1,"featured_media":2272,"comment_status":"closed","ping_status":"closed","sticky":false,"template":"","format":"standard","meta":{"footnotes":""},"categories":[5],"tags":[51,52,249,182,70,247,275,147,274,53],"class_list":["post-2261","post","type-post","status-publish","format-standard","has-post-thumbnail","hentry","category-news","tag-ferien","tag-ferienfahrt","tag-ferienprogram","tag-ferienzeit","tag-luisenburg","tag-luisenburg-festspiele","tag-mehlmeisel","tag-pinocchio","tag-wildpark","tag-wunsiedel","item-wrap"],"_links":{"self":[{"href":"https:\/\/gemeindebuechereikastl.de\/index.php?rest_route=\/wp\/v2\/posts\/2261","targetHints":{"allow":["GET"]}}],"collection":[{"href":"https:\/\/gemeindebuechereikastl.de\/index.php?rest_route=\/wp\/v2\/posts"}],"about":[{"href":"https:\/\/gemeindebuechereikastl.de\/index.php?rest_route=\/wp\/v2\/types\/post"}],"author":[{"embeddable":true,"href":"https:\/\/gemeindebuechereikastl.de\/index.php?rest_route=\/wp\/v2\/users\/1"}],"replies":[{"embeddable":true,"href":"https:\/\/gemeindebuechereikastl.de\/index.php?rest_route=%2Fwp%2Fv2%2Fcomments&post=2261"}],"version-history":[{"count":10,"href":"https:\/\/gemeindebuechereikastl.de\/index.php?rest_route=\/wp\/v2\/posts\/2261\/revisions"}],"predecessor-version":[{"id":2291,"href":"https:\/\/gemeindebuechereikastl.de\/index.php?rest_route=\/wp\/v2\/posts\/2261\/revisions\/2291"}],"wp:featuredmedia":[{"embeddable":true,"href":"https:\/\/gemeindebuechereikastl.de\/index.php?rest_route=\/wp\/v2\/media\/2272"}],"wp:attachment":[{"href":"https:\/\/gemeindebuechereikastl.de\/index.php?rest_route=%2Fwp%2Fv2%2Fmedia&parent=2261"}],"wp:term":[{"taxonomy":"category","embeddable":true,"href":"https:\/\/gemeindebuechereikastl.de\/index.php?rest_route=%2Fwp%2Fv2%2Fcategories&post=2261"},{"taxonomy":"post_tag","embeddable":true,"href":"https:\/\/gemeindebuechereikastl.de\/index.php?rest_route=%2Fwp%2Fv2%2Ftags&post=2261"}],"curies":[{"name":"wp","href":"https:\/\/api.w.org\/{rel}","templated":true}]}}