{"id":2314,"date":"2021-09-01T14:50:10","date_gmt":"2021-09-01T14:50:10","guid":{"rendered":"https:\/\/gemeindebuechereikastl.de\/?p=2314"},"modified":"2021-09-12T15:42:17","modified_gmt":"2021-09-12T15:42:17","slug":"renovierungsabreiten-haben-begonnen-buechereiteam-mit-umraeumaktion","status":"publish","type":"post","link":"https:\/\/gemeindebuechereikastl.de\/?p=2314","title":{"rendered":"Renovierungsarbeiten haben begonnen &#8211; B\u00fcchereiteam mit dem Umr\u00e4umen der B\u00fccher, Medien und Regale ausgelastet"},"content":{"rendered":"<h2 style=\"text-align: center;\"><span style=\"color: #ff6600;\"><strong>Um- und Ausr\u00e4umen des EG durch das B\u00fcchereiteam\u00a0<\/strong><\/span><\/h2>\n<p><img loading=\"lazy\" decoding=\"async\" class=\"aligncenter wp-image-2316 size-large\" src=\"https:\/\/gemeindebuechereikastl.de\/wp-content\/uploads\/2021\/09\/Ausraeumken-Team-Home-1603x959.jpg\" alt=\"\" width=\"750\" height=\"449\" srcset=\"https:\/\/gemeindebuechereikastl.de\/wp-content\/uploads\/2021\/09\/Ausraeumken-Team-Home-1603x959.jpg 1603w, https:\/\/gemeindebuechereikastl.de\/wp-content\/uploads\/2021\/09\/Ausraeumken-Team-Home-300x179.jpg 300w, https:\/\/gemeindebuechereikastl.de\/wp-content\/uploads\/2021\/09\/Ausraeumken-Team-Home-768x459.jpg 768w, https:\/\/gemeindebuechereikastl.de\/wp-content\/uploads\/2021\/09\/Ausraeumken-Team-Home-1536x919.jpg 1536w, https:\/\/gemeindebuechereikastl.de\/wp-content\/uploads\/2021\/09\/Ausraeumken-Team-Home-2048x1225.jpg 2048w, https:\/\/gemeindebuechereikastl.de\/wp-content\/uploads\/2021\/09\/Ausraeumken-Team-Home-750x448.jpg 750w\" sizes=\"auto, (max-width: 750px) 100vw, 750px\" \/><\/p>\n<p>Bevor die Handwerker anr\u00fccken, ist zu Zeit das B\u00fcchereiteam gefragt, um f\u00fcr die anstehenden Renovierungsarbeiten den n\u00f6tigen Platz zu schaffen. Es werden alle Regale von der Wand weggestellt, um den n\u00f6tigen Platz f\u00fcr die Handwerker frei zu r\u00e4umen. <img loading=\"lazy\" decoding=\"async\" class=\"alignright wp-image-2315 \" src=\"https:\/\/gemeindebuechereikastl.de\/wp-content\/uploads\/2021\/09\/20210831_181117-2-1603x902.jpg\" alt=\"\" width=\"583\" height=\"328\" srcset=\"https:\/\/gemeindebuechereikastl.de\/wp-content\/uploads\/2021\/09\/20210831_181117-2-1603x902.jpg 1603w, https:\/\/gemeindebuechereikastl.de\/wp-content\/uploads\/2021\/09\/20210831_181117-2-300x169.jpg 300w, https:\/\/gemeindebuechereikastl.de\/wp-content\/uploads\/2021\/09\/20210831_181117-2-768x432.jpg 768w, https:\/\/gemeindebuechereikastl.de\/wp-content\/uploads\/2021\/09\/20210831_181117-2-1536x864.jpg 1536w, https:\/\/gemeindebuechereikastl.de\/wp-content\/uploads\/2021\/09\/20210831_181117-2-2048x1152.jpg 2048w, https:\/\/gemeindebuechereikastl.de\/wp-content\/uploads\/2021\/09\/20210831_181117-2-750x422.jpg 750w\" sizes=\"auto, (max-width: 583px) 100vw, 583px\" \/><\/p>\n<p>Deshalb ist das Team zurzeit mit dem Um- bzw. Ausr\u00e4umen der B\u00fccher und Medien im Erdgeschoss besch\u00e4ftigt. Teilweise ist das Team auch gezwungen B\u00fccher, Medien und M\u00f6bel im Obergeschoss zwischenzulagern, bis die Renovierungsabreiten beendet sind.<br \/>\nAb kommender Woche ist dann die Heizungsfirma Hufnagel in der B\u00fccherei am Werke, es wird eine neue Wandheizung eingebaut, um die aufsteigende Feuchtigkeit zu verringern.<\/p>\n","protected":false},"excerpt":{"rendered":"<p>Um- und Ausr\u00e4umen des EG durch das B\u00fcchereiteam\u00a0 Bevor die Handwerker anr\u00fccken, ist zu Zeit das B\u00fcchereiteam gefragt, um f\u00fcr die anstehenden Renovierungsarbeiten den n\u00f6tigen Platz zu schaffen. Es werden alle Regale von der Wand weggestellt, um den n\u00f6tigen Platz f\u00fcr die Handwerker frei zu r\u00e4umen. Deshalb ist das Team zurzeit mit dem Um- bzw. &hellip; <\/p>\n<p><a class=\"more-link btn\" href=\"https:\/\/gemeindebuechereikastl.de\/?p=2314\">Weiterlesen<\/a><\/p>\n","protected":false},"author":1,"featured_media":2315,"comment_status":"closed","ping_status":"closed","sticky":false,"template":"","format":"standard","meta":{"footnotes":""},"categories":[5],"tags":[276,277],"class_list":["post-2314","post","type-post","status-publish","format-standard","has-post-thumbnail","hentry","category-news","tag-renovierung","tag-umraeumen","item-wrap"],"_links":{"self":[{"href":"https:\/\/gemeindebuechereikastl.de\/index.php?rest_route=\/wp\/v2\/posts\/2314","targetHints":{"allow":["GET"]}}],"collection":[{"href":"https:\/\/gemeindebuechereikastl.de\/index.php?rest_route=\/wp\/v2\/posts"}],"about":[{"href":"https:\/\/gemeindebuechereikastl.de\/index.php?rest_route=\/wp\/v2\/types\/post"}],"author":[{"embeddable":true,"href":"https:\/\/gemeindebuechereikastl.de\/index.php?rest_route=\/wp\/v2\/users\/1"}],"replies":[{"embeddable":true,"href":"https:\/\/gemeindebuechereikastl.de\/index.php?rest_route=%2Fwp%2Fv2%2Fcomments&post=2314"}],"version-history":[{"count":6,"href":"https:\/\/gemeindebuechereikastl.de\/index.php?rest_route=\/wp\/v2\/posts\/2314\/revisions"}],"predecessor-version":[{"id":2322,"href":"https:\/\/gemeindebuechereikastl.de\/index.php?rest_route=\/wp\/v2\/posts\/2314\/revisions\/2322"}],"wp:featuredmedia":[{"embeddable":true,"href":"https:\/\/gemeindebuechereikastl.de\/index.php?rest_route=\/wp\/v2\/media\/2315"}],"wp:attachment":[{"href":"https:\/\/gemeindebuechereikastl.de\/index.php?rest_route=%2Fwp%2Fv2%2Fmedia&parent=2314"}],"wp:term":[{"taxonomy":"category","embeddable":true,"href":"https:\/\/gemeindebuechereikastl.de\/index.php?rest_route=%2Fwp%2Fv2%2Fcategories&post=2314"},{"taxonomy":"post_tag","embeddable":true,"href":"https:\/\/gemeindebuechereikastl.de\/index.php?rest_route=%2Fwp%2Fv2%2Ftags&post=2314"}],"curies":[{"name":"wp","href":"https:\/\/api.w.org\/{rel}","templated":true}]}}