{"id":2323,"date":"2021-09-03T14:01:25","date_gmt":"2021-09-03T14:01:25","guid":{"rendered":"https:\/\/gemeindebuechereikastl.de\/?p=2323"},"modified":"2021-09-03T14:14:21","modified_gmt":"2021-09-03T14:14:21","slug":"das-kuenstlerehepaar-christo-und-jeanne-claude-wirkte-auch-in-kastl","status":"publish","type":"post","link":"https:\/\/gemeindebuechereikastl.de\/?p=2323","title":{"rendered":"Das K\u00fcnstlerehepaar Christo und Jeanne-Claude wirkte auch in Kastl"},"content":{"rendered":"<h2 style=\"text-align: center;\"><span style=\"color: #ff6600;\">Christo und Jeanne-Claude in der Kastler B\u00fccherei?<\/span><\/h2>\n<p><img loading=\"lazy\" decoding=\"async\" class=\"aligncenter wp-image-2325 size-large\" src=\"https:\/\/gemeindebuechereikastl.de\/wp-content\/uploads\/2021\/09\/verhuellung-1-1603x902.jpg\" alt=\"\" width=\"750\" height=\"422\" srcset=\"https:\/\/gemeindebuechereikastl.de\/wp-content\/uploads\/2021\/09\/verhuellung-1-1603x902.jpg 1603w, https:\/\/gemeindebuechereikastl.de\/wp-content\/uploads\/2021\/09\/verhuellung-1-300x169.jpg 300w, https:\/\/gemeindebuechereikastl.de\/wp-content\/uploads\/2021\/09\/verhuellung-1-768x432.jpg 768w, https:\/\/gemeindebuechereikastl.de\/wp-content\/uploads\/2021\/09\/verhuellung-1-1536x864.jpg 1536w, https:\/\/gemeindebuechereikastl.de\/wp-content\/uploads\/2021\/09\/verhuellung-1-2048x1152.jpg 2048w, https:\/\/gemeindebuechereikastl.de\/wp-content\/uploads\/2021\/09\/verhuellung-1-750x422.jpg 750w\" sizes=\"auto, (max-width: 750px) 100vw, 750px\" \/><\/p>\n<p>Man k\u00f6nnte meinen Christo und Jeanne-Claude w\u00e4ren hier in den R\u00e4umen der B\u00fccherei am Werk gewesen. Aber es waren die flei\u00dfigen Damen vom Team die dieses Kunstwerk erstellt haben. Nach dem Um \u2013 und Wegr\u00e4umen der Regale, B\u00fccher und Medien, mussten diese nat\u00fcrlich verh\u00fcllt werden, um sie vor Staub und Dreck w\u00e4hrend der Renovierungsarbeiten zu sch\u00fctzen. Jetzt k\u00f6nnen die Handwerker loslegen, das Tam hat alles optimal vorbereitet.<\/p>\n<p><img loading=\"lazy\" decoding=\"async\" class=\"aligncenter wp-image-2324 size-large\" src=\"https:\/\/gemeindebuechereikastl.de\/wp-content\/uploads\/2021\/09\/verhuelliung-2-1603x902.jpg\" alt=\"\" width=\"750\" height=\"422\" srcset=\"https:\/\/gemeindebuechereikastl.de\/wp-content\/uploads\/2021\/09\/verhuelliung-2-1603x902.jpg 1603w, https:\/\/gemeindebuechereikastl.de\/wp-content\/uploads\/2021\/09\/verhuelliung-2-300x169.jpg 300w, https:\/\/gemeindebuechereikastl.de\/wp-content\/uploads\/2021\/09\/verhuelliung-2-768x432.jpg 768w, https:\/\/gemeindebuechereikastl.de\/wp-content\/uploads\/2021\/09\/verhuelliung-2-1536x864.jpg 1536w, https:\/\/gemeindebuechereikastl.de\/wp-content\/uploads\/2021\/09\/verhuelliung-2-2048x1152.jpg 2048w, https:\/\/gemeindebuechereikastl.de\/wp-content\/uploads\/2021\/09\/verhuelliung-2-750x422.jpg 750w\" sizes=\"auto, (max-width: 750px) 100vw, 750px\" \/><\/p>\n","protected":false},"excerpt":{"rendered":"<p>Christo und Jeanne-Claude in der Kastler B\u00fccherei? Man k\u00f6nnte meinen Christo und Jeanne-Claude w\u00e4ren hier in den R\u00e4umen der B\u00fccherei am Werk gewesen. Aber es waren die flei\u00dfigen Damen vom Team die dieses Kunstwerk erstellt haben. Nach dem Um \u2013 und Wegr\u00e4umen der Regale, B\u00fccher und Medien, mussten diese nat\u00fcrlich verh\u00fcllt werden, um sie vor &hellip; <\/p>\n<p><a class=\"more-link btn\" href=\"https:\/\/gemeindebuechereikastl.de\/?p=2323\">Weiterlesen<\/a><\/p>\n","protected":false},"author":1,"featured_media":2325,"comment_status":"closed","ping_status":"closed","sticky":false,"template":"","format":"standard","meta":{"footnotes":""},"categories":[5],"tags":[276],"class_list":["post-2323","post","type-post","status-publish","format-standard","has-post-thumbnail","hentry","category-news","tag-renovierung","item-wrap"],"_links":{"self":[{"href":"https:\/\/gemeindebuechereikastl.de\/index.php?rest_route=\/wp\/v2\/posts\/2323","targetHints":{"allow":["GET"]}}],"collection":[{"href":"https:\/\/gemeindebuechereikastl.de\/index.php?rest_route=\/wp\/v2\/posts"}],"about":[{"href":"https:\/\/gemeindebuechereikastl.de\/index.php?rest_route=\/wp\/v2\/types\/post"}],"author":[{"embeddable":true,"href":"https:\/\/gemeindebuechereikastl.de\/index.php?rest_route=\/wp\/v2\/users\/1"}],"replies":[{"embeddable":true,"href":"https:\/\/gemeindebuechereikastl.de\/index.php?rest_route=%2Fwp%2Fv2%2Fcomments&post=2323"}],"version-history":[{"count":3,"href":"https:\/\/gemeindebuechereikastl.de\/index.php?rest_route=\/wp\/v2\/posts\/2323\/revisions"}],"predecessor-version":[{"id":2328,"href":"https:\/\/gemeindebuechereikastl.de\/index.php?rest_route=\/wp\/v2\/posts\/2323\/revisions\/2328"}],"wp:featuredmedia":[{"embeddable":true,"href":"https:\/\/gemeindebuechereikastl.de\/index.php?rest_route=\/wp\/v2\/media\/2325"}],"wp:attachment":[{"href":"https:\/\/gemeindebuechereikastl.de\/index.php?rest_route=%2Fwp%2Fv2%2Fmedia&parent=2323"}],"wp:term":[{"taxonomy":"category","embeddable":true,"href":"https:\/\/gemeindebuechereikastl.de\/index.php?rest_route=%2Fwp%2Fv2%2Fcategories&post=2323"},{"taxonomy":"post_tag","embeddable":true,"href":"https:\/\/gemeindebuechereikastl.de\/index.php?rest_route=%2Fwp%2Fv2%2Ftags&post=2323"}],"curies":[{"name":"wp","href":"https:\/\/api.w.org\/{rel}","templated":true}]}}