{"id":2329,"date":"2021-09-08T15:06:08","date_gmt":"2021-09-08T15:06:08","guid":{"rendered":"https:\/\/gemeindebuechereikastl.de\/?p=2329"},"modified":"2021-09-12T15:22:35","modified_gmt":"2021-09-12T15:22:35","slug":"es-ist-wieder-buecherflohmarktzeit-beim-markt-im-markt","status":"publish","type":"post","link":"https:\/\/gemeindebuechereikastl.de\/?p=2329","title":{"rendered":"B\u00fccherflohmarkt musste wegen Regens abgesagt werden!"},"content":{"rendered":"<h2 style=\"text-align: center;\"><span style=\"color: #ff6600;\"><strong>B\u00fccherflohmarkt am Samstag, 11. September wurde wegen Regens abgsagt. <\/strong><\/span><img loading=\"lazy\" decoding=\"async\" class=\"wp-image-2186 aligncenter\" src=\"https:\/\/gemeindebuechereikastl.de\/wp-content\/uploads\/2021\/07\/20210710_113143-1024x576.jpg\" sizes=\"auto, (max-width: 722px) 100vw, 722px\" srcset=\"https:\/\/gemeindebuechereikastl.de\/wp-content\/uploads\/2021\/07\/20210710_113143-1024x576.jpg 1024w, https:\/\/gemeindebuechereikastl.de\/wp-content\/uploads\/2021\/07\/20210710_113143-300x169.jpg 300w, https:\/\/gemeindebuechereikastl.de\/wp-content\/uploads\/2021\/07\/20210710_113143-768x432.jpg 768w, https:\/\/gemeindebuechereikastl.de\/wp-content\/uploads\/2021\/07\/20210710_113143-1536x864.jpg 1536w, https:\/\/gemeindebuechereikastl.de\/wp-content\/uploads\/2021\/07\/20210710_113143-2048x1152.jpg 2048w, https:\/\/gemeindebuechereikastl.de\/wp-content\/uploads\/2021\/07\/20210710_113143-750x422.jpg 750w\" alt=\"\" width=\"614\" height=\"345\" \/><\/h2>\n<p style=\"text-align: center;\"><strong><span style=\"color: #ff0000;\">Die letzte Chance auf gut erhaltene B\u00fccher, Spiele, H\u00f6rb\u00fccher und DVDS in diesem Jahr besteht noch am Samstag, 9. Oktober beim letzten Markt imMarkt Kastl !<\/span><\/strong><\/p>\n<p style=\"text-align: center;\"><span style=\"color: #ff6600;\"><strong>Die Erl\u00f6se aus den Spenden des B\u00fccherflohmarktes und dem Verkauf der s\u00fc\u00dfen T\u00fcte werden wieder f\u00fcr die Neuanschaffungen von B\u00fcchern und Medien verwendet, die am Sonntag, 24. Oktober beim &#8222;Tag der offenen T\u00fcr&#8220; vorgestellt werden. <\/strong><\/span><\/p>\n","protected":false},"excerpt":{"rendered":"<p>B\u00fccherflohmarkt am Samstag, 11. September wurde wegen Regens abgsagt. Die letzte Chance auf gut erhaltene B\u00fccher, Spiele, H\u00f6rb\u00fccher und DVDS in diesem Jahr besteht noch am Samstag, 9. Oktober beim letzten Markt imMarkt Kastl ! Die Erl\u00f6se aus den Spenden des B\u00fccherflohmarktes und dem Verkauf der s\u00fc\u00dfen T\u00fcte werden wieder f\u00fcr die Neuanschaffungen von B\u00fcchern &hellip; <\/p>\n<p><a class=\"more-link btn\" href=\"https:\/\/gemeindebuechereikastl.de\/?p=2329\">Weiterlesen<\/a><\/p>\n","protected":false},"author":1,"featured_media":2194,"comment_status":"closed","ping_status":"closed","sticky":false,"template":"","format":"standard","meta":{"footnotes":""},"categories":[5],"tags":[60,250],"class_list":["post-2329","post","type-post","status-publish","format-standard","has-post-thumbnail","hentry","category-news","tag-buecherflohmarkt","tag-schnaeppchenjagd","item-wrap"],"_links":{"self":[{"href":"https:\/\/gemeindebuechereikastl.de\/index.php?rest_route=\/wp\/v2\/posts\/2329","targetHints":{"allow":["GET"]}}],"collection":[{"href":"https:\/\/gemeindebuechereikastl.de\/index.php?rest_route=\/wp\/v2\/posts"}],"about":[{"href":"https:\/\/gemeindebuechereikastl.de\/index.php?rest_route=\/wp\/v2\/types\/post"}],"author":[{"embeddable":true,"href":"https:\/\/gemeindebuechereikastl.de\/index.php?rest_route=\/wp\/v2\/users\/1"}],"replies":[{"embeddable":true,"href":"https:\/\/gemeindebuechereikastl.de\/index.php?rest_route=%2Fwp%2Fv2%2Fcomments&post=2329"}],"version-history":[{"count":5,"href":"https:\/\/gemeindebuechereikastl.de\/index.php?rest_route=\/wp\/v2\/posts\/2329\/revisions"}],"predecessor-version":[{"id":2335,"href":"https:\/\/gemeindebuechereikastl.de\/index.php?rest_route=\/wp\/v2\/posts\/2329\/revisions\/2335"}],"wp:featuredmedia":[{"embeddable":true,"href":"https:\/\/gemeindebuechereikastl.de\/index.php?rest_route=\/wp\/v2\/media\/2194"}],"wp:attachment":[{"href":"https:\/\/gemeindebuechereikastl.de\/index.php?rest_route=%2Fwp%2Fv2%2Fmedia&parent=2329"}],"wp:term":[{"taxonomy":"category","embeddable":true,"href":"https:\/\/gemeindebuechereikastl.de\/index.php?rest_route=%2Fwp%2Fv2%2Fcategories&post=2329"},{"taxonomy":"post_tag","embeddable":true,"href":"https:\/\/gemeindebuechereikastl.de\/index.php?rest_route=%2Fwp%2Fv2%2Ftags&post=2329"}],"curies":[{"name":"wp","href":"https:\/\/api.w.org\/{rel}","templated":true}]}}