{"id":2336,"date":"2021-09-12T15:40:36","date_gmt":"2021-09-12T15:40:36","guid":{"rendered":"https:\/\/gemeindebuechereikastl.de\/?p=2336"},"modified":"2021-10-07T13:57:18","modified_gmt":"2021-10-07T13:57:18","slug":"ausleihe-in-der-buechereibaustelle-bis-14-oktober-wieder-moeglich","status":"publish","type":"post","link":"https:\/\/gemeindebuechereikastl.de\/?p=2336","title":{"rendered":"Ausleihe in der B\u00fcchereibaustelle bis 14. Oktober wieder m\u00f6glich"},"content":{"rendered":"<h2 style=\"text-align: center;\"><span style=\"color: #ff6600;\"><strong>Baustellenb\u00fccherei hat bis einschlieslich Donnerstag,<br \/>\n7. Oktober ge\u00f6ffnet!<\/strong><\/span><\/h2>\n<p><img loading=\"lazy\" decoding=\"async\" class=\"aligncenter wp-image-2316 size-large\" src=\"https:\/\/gemeindebuechereikastl.de\/wp-content\/uploads\/2021\/09\/Ausraeumken-Team-Home-1603x959.jpg\" alt=\"\" width=\"750\" height=\"449\" srcset=\"https:\/\/gemeindebuechereikastl.de\/wp-content\/uploads\/2021\/09\/Ausraeumken-Team-Home-1603x959.jpg 1603w, https:\/\/gemeindebuechereikastl.de\/wp-content\/uploads\/2021\/09\/Ausraeumken-Team-Home-300x179.jpg 300w, https:\/\/gemeindebuechereikastl.de\/wp-content\/uploads\/2021\/09\/Ausraeumken-Team-Home-768x459.jpg 768w, https:\/\/gemeindebuechereikastl.de\/wp-content\/uploads\/2021\/09\/Ausraeumken-Team-Home-1536x919.jpg 1536w, https:\/\/gemeindebuechereikastl.de\/wp-content\/uploads\/2021\/09\/Ausraeumken-Team-Home-2048x1225.jpg 2048w, https:\/\/gemeindebuechereikastl.de\/wp-content\/uploads\/2021\/09\/Ausraeumken-Team-Home-750x448.jpg 750w\" sizes=\"auto, (max-width: 750px) 100vw, 750px\" \/><\/p>\n<p>Das B\u00fcchereiteam war am Wochenende voll im Einsatz, um nach den Handwerkern die B\u00fccherei wieder f\u00fcr die Baustellenausleihe herzurichten. Seit Sonntag, 12. September ist die Ausleihe in der Baustellenb\u00fccherei wieder zu den gewohnten \u00d6ffnungszeiten m\u00f6glich. Es ist zwar etwas verwirrend alle B\u00fccher und Medien zu finden, aber es k\u00f6nnen fast alle Medien entliehen werden. Lediglich bei den Kinderb\u00fcchern gibt es einige Einschr\u00e4nkungen, teils sind diese im Erdgeschoss und die Bilderb\u00fccher im Obergescho\u00df zu finden. Das Obergescho\u00df ist von der Baustelle nicht betroffen und hier stehen f\u00fcr die Erwachsenen alle B\u00fccher und Medien zur Ausleihe bereit.<\/p>\n<p><strong>Einen herzlichen Dank sagt das B\u00fcchereiteam der Reinigungskraft Maria Lutter, die am Samstag noch aktiv war und die B\u00fccherei gr\u00fcndlich gereinigt hat damit sich die B\u00fccherei bei der Zwischenausleihe ab Sonntag, 12. September in einen sauberen Zustand befindet.<\/strong><\/p>\n<h4><span style=\"color: #ff0000;\">Letzte Schlie\u00dfung f\u00fcr nochmals 14 Tage, ab Freitag, 8. Oktober!!<\/span><\/h4>\n<p>&nbsp;<\/p>\n<p>&nbsp;<\/p>\n","protected":false},"excerpt":{"rendered":"<p>Baustellenb\u00fccherei hat bis einschlieslich Donnerstag, 7. Oktober ge\u00f6ffnet! Das B\u00fcchereiteam war am Wochenende voll im Einsatz, um nach den Handwerkern die B\u00fccherei wieder f\u00fcr die Baustellenausleihe herzurichten. Seit Sonntag, 12. September ist die Ausleihe in der Baustellenb\u00fccherei wieder zu den gewohnten \u00d6ffnungszeiten m\u00f6glich. Es ist zwar etwas verwirrend alle B\u00fccher und Medien zu finden, aber &hellip; <\/p>\n<p><a class=\"more-link btn\" href=\"https:\/\/gemeindebuechereikastl.de\/?p=2336\">Weiterlesen<\/a><\/p>\n","protected":false},"author":1,"featured_media":2316,"comment_status":"closed","ping_status":"closed","sticky":false,"template":"","format":"standard","meta":{"footnotes":""},"categories":[5],"tags":[233,278,154],"class_list":["post-2336","post","type-post","status-publish","format-standard","has-post-thumbnail","hentry","category-news","tag-ausleihe","tag-baustelle","tag-geoeffnet","item-wrap"],"_links":{"self":[{"href":"https:\/\/gemeindebuechereikastl.de\/index.php?rest_route=\/wp\/v2\/posts\/2336","targetHints":{"allow":["GET"]}}],"collection":[{"href":"https:\/\/gemeindebuechereikastl.de\/index.php?rest_route=\/wp\/v2\/posts"}],"about":[{"href":"https:\/\/gemeindebuechereikastl.de\/index.php?rest_route=\/wp\/v2\/types\/post"}],"author":[{"embeddable":true,"href":"https:\/\/gemeindebuechereikastl.de\/index.php?rest_route=\/wp\/v2\/users\/1"}],"replies":[{"embeddable":true,"href":"https:\/\/gemeindebuechereikastl.de\/index.php?rest_route=%2Fwp%2Fv2%2Fcomments&post=2336"}],"version-history":[{"count":5,"href":"https:\/\/gemeindebuechereikastl.de\/index.php?rest_route=\/wp\/v2\/posts\/2336\/revisions"}],"predecessor-version":[{"id":2364,"href":"https:\/\/gemeindebuechereikastl.de\/index.php?rest_route=\/wp\/v2\/posts\/2336\/revisions\/2364"}],"wp:featuredmedia":[{"embeddable":true,"href":"https:\/\/gemeindebuechereikastl.de\/index.php?rest_route=\/wp\/v2\/media\/2316"}],"wp:attachment":[{"href":"https:\/\/gemeindebuechereikastl.de\/index.php?rest_route=%2Fwp%2Fv2%2Fmedia&parent=2336"}],"wp:term":[{"taxonomy":"category","embeddable":true,"href":"https:\/\/gemeindebuechereikastl.de\/index.php?rest_route=%2Fwp%2Fv2%2Fcategories&post=2336"},{"taxonomy":"post_tag","embeddable":true,"href":"https:\/\/gemeindebuechereikastl.de\/index.php?rest_route=%2Fwp%2Fv2%2Ftags&post=2336"}],"curies":[{"name":"wp","href":"https:\/\/api.w.org\/{rel}","templated":true}]}}