{"id":2342,"date":"2021-09-30T12:43:39","date_gmt":"2021-09-30T12:43:39","guid":{"rendered":"https:\/\/gemeindebuechereikastl.de\/?p=2342"},"modified":"2021-09-30T16:09:01","modified_gmt":"2021-09-30T16:09:01","slug":"beim-besuch-der-gemeindebuecherei-kastl-gilt-ab-sofort-auch-die-3g-regel","status":"publish","type":"post","link":"https:\/\/gemeindebuechereikastl.de\/?p=2342","title":{"rendered":"Beim Besuch der Gemeindeb\u00fccherei Kastl gilt ab sofort auch die 3G-Regel"},"content":{"rendered":"<h2 style=\"text-align: center;\"><span style=\"color: #ff6600;\">Ab einer Inzidenz von \u00fcber <u>35<\/u> im Landkreis Amberg-Sulzbach gilt auch in B\u00fcchereien die 3G-Regel.<\/span><strong><br \/>\n<\/strong><\/h2>\n<h4 style=\"text-align: center;\"><strong>\u00a014. Bayerischen Infektionsschutzma\u00dfnahmenverordnung, <\/strong><strong>g\u00fcltig ab 02.09.2021<\/strong><\/h4>\n<p><img loading=\"lazy\" decoding=\"async\" class=\"wp-image-2344 aligncenter\" src=\"https:\/\/gemeindebuechereikastl.de\/wp-content\/uploads\/2021\/09\/3G-Regel-1603x494.jpg\" alt=\"\" width=\"523\" height=\"161\" srcset=\"https:\/\/gemeindebuechereikastl.de\/wp-content\/uploads\/2021\/09\/3G-Regel-1603x494.jpg 1603w, https:\/\/gemeindebuechereikastl.de\/wp-content\/uploads\/2021\/09\/3G-Regel-300x92.jpg 300w, https:\/\/gemeindebuechereikastl.de\/wp-content\/uploads\/2021\/09\/3G-Regel-768x237.jpg 768w, https:\/\/gemeindebuechereikastl.de\/wp-content\/uploads\/2021\/09\/3G-Regel-1536x473.jpg 1536w, https:\/\/gemeindebuechereikastl.de\/wp-content\/uploads\/2021\/09\/3G-Regel-2048x631.jpg 2048w, https:\/\/gemeindebuechereikastl.de\/wp-content\/uploads\/2021\/09\/3G-Regel-750x231.jpg 750w\" sizes=\"auto, (max-width: 523px) 100vw, 523px\" \/><\/p>\n<h4 style=\"text-align: center;\"><span style=\"color: #ff0000;\"><strong>Der Zugang f\u00fcr Leserinnen und Leser ist momentan nur noch nach der 3G Regel m\u00f6glich!<\/strong><\/span><\/h4>\n<p style=\"text-align: left;\">&#8212;&#8212;&#8212;&#8212;&#8212;&#8212;&#8212;&#8212;&#8212;&#8212;&#8212;&#8212;&#8212;&#8212;&#8212;&#8212;&#8212;&#8212;&#8212;&#8212;&#8212;&#8212;&#8212;&#8212;&#8212;&#8212;&#8212;&#8212;&#8212;&#8212;&#8212;&#8212;&#8212;&#8212;<br \/>\n<strong>Von der 3G-Regel ausgenommen sind<\/strong><\/p>\n<ul>\n<li>Kinder bis zum 6. Geburtstag und noch nicht eingeschulte Kinder<\/li>\n<li>Sch\u00fcler (die aufgrund der regelm\u00e4\u00dfigen Schultests als getestet gelten<\/li>\n<li>Mitarbeiter, solange sie die B\u00fccherei zum Zweck der Aus\u00fcbung des Ehrenamts betreten.<\/li>\n<\/ul>\n<p><span style=\"color: #ff0000;\"><strong>Bitte kommen Sie zur Theke und zeigen entsprechende Nachweise f\u00fcr weiteren Zutritt vor. DANKE!<\/strong><\/span><\/p>\n<p style=\"text-align: center;\"><strong>Vielen Dank f\u00fcr Ihr Verst\u00e4ndnis &#8211; Bitte unterst\u00fctzen Sie das ehrenamtlich arbeitende Team bei der Durchf\u00fchrung dieser Ma\u00dfnahme zum Schutz Aller! \u00a0\u00a0<\/strong><\/p>\n<p style=\"text-align: center;\"><strong><em>Ihr B\u00fcchereiteam der Gemeindeb\u00fccherei Kastl<\/em><\/strong><\/p>\n<p style=\"text-align: center;\"><a href=\"https:\/\/gemeindebuechereikastl.de\/wp-content\/uploads\/2021\/09\/3G-Regeln-Besucher.pdf\"><strong>Weitere Infos \u00fcber die 3G Regel f\u00fcr den Besuch in der Gemeindeb\u00fccherei Kastl<\/strong><\/a><\/p>\n","protected":false},"excerpt":{"rendered":"<p>Ab einer Inzidenz von \u00fcber 35 im Landkreis Amberg-Sulzbach gilt auch in B\u00fcchereien die 3G-Regel. \u00a014. Bayerischen Infektionsschutzma\u00dfnahmenverordnung, g\u00fcltig ab 02.09.2021 Der Zugang f\u00fcr Leserinnen und Leser ist momentan nur noch nach der 3G Regel m\u00f6glich! &#8212;&#8212;&#8212;&#8212;&#8212;&#8212;&#8212;&#8212;&#8212;&#8212;&#8212;&#8212;&#8212;&#8212;&#8212;&#8212;&#8212;&#8212;&#8212;&#8212;&#8212;&#8212;&#8212;&#8212;&#8212;&#8212;&#8212;&#8212;&#8212;&#8212;&#8212;&#8212;&#8212;&#8212; Von der 3G-Regel ausgenommen sind Kinder bis zum 6. Geburtstag und noch nicht eingeschulte Kinder Sch\u00fcler (die aufgrund &hellip; <\/p>\n<p><a class=\"more-link btn\" href=\"https:\/\/gemeindebuechereikastl.de\/?p=2342\">Weiterlesen<\/a><\/p>\n","protected":false},"author":1,"featured_media":2347,"comment_status":"closed","ping_status":"closed","sticky":false,"template":"","format":"standard","meta":{"footnotes":""},"categories":[5],"tags":[279,280,213,156],"class_list":["post-2342","post","type-post","status-publish","format-standard","has-post-thumbnail","hentry","category-news","tag-3g-regel","tag-buechereibesuch","tag-corona","tag-oeffnungszeiten","item-wrap"],"_links":{"self":[{"href":"https:\/\/gemeindebuechereikastl.de\/index.php?rest_route=\/wp\/v2\/posts\/2342","targetHints":{"allow":["GET"]}}],"collection":[{"href":"https:\/\/gemeindebuechereikastl.de\/index.php?rest_route=\/wp\/v2\/posts"}],"about":[{"href":"https:\/\/gemeindebuechereikastl.de\/index.php?rest_route=\/wp\/v2\/types\/post"}],"author":[{"embeddable":true,"href":"https:\/\/gemeindebuechereikastl.de\/index.php?rest_route=\/wp\/v2\/users\/1"}],"replies":[{"embeddable":true,"href":"https:\/\/gemeindebuechereikastl.de\/index.php?rest_route=%2Fwp%2Fv2%2Fcomments&post=2342"}],"version-history":[{"count":2,"href":"https:\/\/gemeindebuechereikastl.de\/index.php?rest_route=\/wp\/v2\/posts\/2342\/revisions"}],"predecessor-version":[{"id":2348,"href":"https:\/\/gemeindebuechereikastl.de\/index.php?rest_route=\/wp\/v2\/posts\/2342\/revisions\/2348"}],"wp:featuredmedia":[{"embeddable":true,"href":"https:\/\/gemeindebuechereikastl.de\/index.php?rest_route=\/wp\/v2\/media\/2347"}],"wp:attachment":[{"href":"https:\/\/gemeindebuechereikastl.de\/index.php?rest_route=%2Fwp%2Fv2%2Fmedia&parent=2342"}],"wp:term":[{"taxonomy":"category","embeddable":true,"href":"https:\/\/gemeindebuechereikastl.de\/index.php?rest_route=%2Fwp%2Fv2%2Fcategories&post=2342"},{"taxonomy":"post_tag","embeddable":true,"href":"https:\/\/gemeindebuechereikastl.de\/index.php?rest_route=%2Fwp%2Fv2%2Ftags&post=2342"}],"curies":[{"name":"wp","href":"https:\/\/api.w.org\/{rel}","templated":true}]}}