{"id":2349,"date":"2021-10-02T16:40:05","date_gmt":"2021-10-02T16:40:05","guid":{"rendered":"https:\/\/gemeindebuechereikastl.de\/?p=2349"},"modified":"2021-10-02T18:04:33","modified_gmt":"2021-10-02T18:04:33","slug":"ab-montag-4-oktober-ist-der-zugang-zur-buecherei-wieder-fuer-alle-moeglich","status":"publish","type":"post","link":"https:\/\/gemeindebuechereikastl.de\/?p=2349","title":{"rendered":"Ab Montag, 4. Oktober ist der Zugang zur B\u00fccherei wieder f\u00fcr alle m\u00f6glich!"},"content":{"rendered":"<h2 style=\"text-align: center;\"><span style=\"color: #ff6600;\">Inzidenzwert im Landkreis Amberg-Sulzbach an drei Tagen in Folge unter 35<\/span><\/h2>\n<div class=\" einleitung\">\n<h2 style=\"text-align: center;\"><span style=\"color: #ff6600;\">-Erleichterungen ab Montag, 4. Oktober 2021-<\/span><\/h2>\n<\/div>\n<div>\n<p>Im Landkreis Amberg-Sulzbach wurde der Inzidenzwert von 35 Neuinfektionen mit dem Coronavirus SARS-CoV-2 je 100.000 Einwohner an drei aufeinanderfolgenden Tagen unterschritten. Am Samstag meldete das Robert Koch-Institut einen Inzidenzwert von 25,2 f\u00fcr den Landkreis Amberg-Sulzbach (Donnerstag, 31,1; Freitag 23,3). Damit treten laut einer Bekanntmachung des Landratsamtes Amberg-Sulzbach ab Montag, 4. Oktober 2021 inzidenzabh\u00e4ngige Erleichterungen in Kraft.<img loading=\"lazy\" decoding=\"async\" class=\"size-medium wp-image-2350 alignleft\" src=\"https:\/\/gemeindebuechereikastl.de\/wp-content\/uploads\/2021\/10\/covid-300x201.jpg\" alt=\"\" width=\"300\" height=\"201\" srcset=\"https:\/\/gemeindebuechereikastl.de\/wp-content\/uploads\/2021\/10\/covid-300x201.jpg 300w, https:\/\/gemeindebuechereikastl.de\/wp-content\/uploads\/2021\/10\/covid-1603x1072.jpg 1603w, https:\/\/gemeindebuechereikastl.de\/wp-content\/uploads\/2021\/10\/covid-768x514.jpg 768w, https:\/\/gemeindebuechereikastl.de\/wp-content\/uploads\/2021\/10\/covid-1536x1027.jpg 1536w, https:\/\/gemeindebuechereikastl.de\/wp-content\/uploads\/2021\/10\/covid-750x502.jpg 750w, https:\/\/gemeindebuechereikastl.de\/wp-content\/uploads\/2021\/10\/covid.jpg 1920w\" sizes=\"auto, (max-width: 300px) 100vw, 300px\" \/><\/p>\n<p>Bislang galt die so genannte 3-G-Regel, wonach nur Personen Zugang zu bestimmten geschlossenen R\u00e4umen haben, die geimpft, genesen oder getestet sind. Ab Montag bestehen f\u00fcr den Zugang zu geschlossenen R\u00e4umen, beispielsweise bei \u00f6ffentlichen und privaten Veranstaltungen bis 1.000 Personen in nichtprivaten R\u00e4umlichkeiten, Sportst\u00e4tten und Fitnessstudios oder Kinos und Museen sowie f\u00fcr Dienstleistungen, bei denen eine k\u00f6rperliche N\u00e4he unabdingbar ist, keine Zugangsbeschr\u00e4nkungen im Sinne der 3-G-Regel.<\/p>\n<p><strong><a href=\"https:\/\/www.kreis-as.de\/Gesundheit-Verbraucherschutz\/Corona\/Coronavirus\/Inzidenzwert-an-drei-Tagen-in-Folge-unter-35.php?object=tx,3131.5&amp;ModID=7&amp;FID=3131.21961.1\">https:\/\/www.kreis-as.de\/Gesundheit-Verbraucherschutz\/Corona\/Coronavirus\/Inzidenzwert-an-drei-Tagen-in-Folge-unter-35.php?object=tx,3131.5&amp;ModID=7&amp;FID=3131.21961.1<\/a><\/strong><\/p>\n<\/div>\n","protected":false},"excerpt":{"rendered":"<p>Inzidenzwert im Landkreis Amberg-Sulzbach an drei Tagen in Folge unter 35 -Erleichterungen ab Montag, 4. Oktober 2021- Im Landkreis Amberg-Sulzbach wurde der Inzidenzwert von 35 Neuinfektionen mit dem Coronavirus SARS-CoV-2 je 100.000 Einwohner an drei aufeinanderfolgenden Tagen unterschritten. Am Samstag meldete das Robert Koch-Institut einen Inzidenzwert von 25,2 f\u00fcr den Landkreis Amberg-Sulzbach (Donnerstag, 31,1; Freitag &hellip; <\/p>\n<p><a class=\"more-link btn\" href=\"https:\/\/gemeindebuechereikastl.de\/?p=2349\">Weiterlesen<\/a><\/p>\n","protected":false},"author":1,"featured_media":1071,"comment_status":"closed","ping_status":"closed","sticky":false,"template":"","format":"standard","meta":{"footnotes":""},"categories":[5],"tags":[279,213,155],"class_list":["post-2349","post","type-post","status-publish","format-standard","has-post-thumbnail","hentry","category-news","tag-3g-regel","tag-corona","tag-oeffnung","item-wrap"],"_links":{"self":[{"href":"https:\/\/gemeindebuechereikastl.de\/index.php?rest_route=\/wp\/v2\/posts\/2349","targetHints":{"allow":["GET"]}}],"collection":[{"href":"https:\/\/gemeindebuechereikastl.de\/index.php?rest_route=\/wp\/v2\/posts"}],"about":[{"href":"https:\/\/gemeindebuechereikastl.de\/index.php?rest_route=\/wp\/v2\/types\/post"}],"author":[{"embeddable":true,"href":"https:\/\/gemeindebuechereikastl.de\/index.php?rest_route=\/wp\/v2\/users\/1"}],"replies":[{"embeddable":true,"href":"https:\/\/gemeindebuechereikastl.de\/index.php?rest_route=%2Fwp%2Fv2%2Fcomments&post=2349"}],"version-history":[{"count":4,"href":"https:\/\/gemeindebuechereikastl.de\/index.php?rest_route=\/wp\/v2\/posts\/2349\/revisions"}],"predecessor-version":[{"id":2354,"href":"https:\/\/gemeindebuechereikastl.de\/index.php?rest_route=\/wp\/v2\/posts\/2349\/revisions\/2354"}],"wp:featuredmedia":[{"embeddable":true,"href":"https:\/\/gemeindebuechereikastl.de\/index.php?rest_route=\/wp\/v2\/media\/1071"}],"wp:attachment":[{"href":"https:\/\/gemeindebuechereikastl.de\/index.php?rest_route=%2Fwp%2Fv2%2Fmedia&parent=2349"}],"wp:term":[{"taxonomy":"category","embeddable":true,"href":"https:\/\/gemeindebuechereikastl.de\/index.php?rest_route=%2Fwp%2Fv2%2Fcategories&post=2349"},{"taxonomy":"post_tag","embeddable":true,"href":"https:\/\/gemeindebuechereikastl.de\/index.php?rest_route=%2Fwp%2Fv2%2Ftags&post=2349"}],"curies":[{"name":"wp","href":"https:\/\/api.w.org\/{rel}","templated":true}]}}