{"id":2355,"date":"2021-10-05T17:45:41","date_gmt":"2021-10-05T17:45:41","guid":{"rendered":"https:\/\/gemeindebuechereikastl.de\/?p=2355"},"modified":"2021-10-14T06:01:06","modified_gmt":"2021-10-14T06:01:06","slug":"letzte-chance-beim-buecherflohmarkt-im-oktober","status":"publish","type":"post","link":"https:\/\/gemeindebuechereikastl.de\/?p=2355","title":{"rendered":"Letzter B\u00fccherflohmarkt am Markt im Markt Kastl wieder gut besucht"},"content":{"rendered":"<div class=\"entry-content clearfix\">\n<h2 style=\"text-align: center;\"><strong><span style=\"color: #ff6600;\">Die lezte M\u00f6glichkeit zur Schn\u00e4ppchenjagd nach guten B\u00fcchern nutzen viele beim Oktober Markt <\/span><br \/>\n<\/strong><\/h2>\n<div class=\"entry-content clearfix\">\n<p><img loading=\"lazy\" decoding=\"async\" class=\"aligncenter wp-image-2365 size-large\" src=\"https:\/\/gemeindebuechereikastl.de\/wp-content\/uploads\/2021\/10\/20211009_112844-1603x902.jpg\" alt=\"\" width=\"750\" height=\"422\" srcset=\"https:\/\/gemeindebuechereikastl.de\/wp-content\/uploads\/2021\/10\/20211009_112844-1603x902.jpg 1603w, https:\/\/gemeindebuechereikastl.de\/wp-content\/uploads\/2021\/10\/20211009_112844-300x169.jpg 300w, https:\/\/gemeindebuechereikastl.de\/wp-content\/uploads\/2021\/10\/20211009_112844-768x432.jpg 768w, https:\/\/gemeindebuechereikastl.de\/wp-content\/uploads\/2021\/10\/20211009_112844-1536x864.jpg 1536w, https:\/\/gemeindebuechereikastl.de\/wp-content\/uploads\/2021\/10\/20211009_112844-2048x1152.jpg 2048w, https:\/\/gemeindebuechereikastl.de\/wp-content\/uploads\/2021\/10\/20211009_112844-750x422.jpg 750w\" sizes=\"auto, (max-width: 750px) 100vw, 750px\" \/><\/p>\n<p>Bei herrlichem Herbstwetter war beim Markt im Oktober wieder viel los. Auch das B\u00fcchereiteam war erneut mit ihrem B\u00fccherflohmarkstand vertreten. Die Suche nach gut erhaltenen B\u00fcchern, DVDs, Spielen oder H\u00f6rb\u00fcchern f\u00fcr jedes Alter und jeden Geschmack ist ebenfalls gut angenommen worden. Den Preis f\u00fcr die B\u00fccher bestimmten die Buchliebhaber wieder selbst. Sie spendeten einfach den Betrag, was ihnen das Buch bzw. die B\u00fccher wert waren.<br \/>\n<strong><img loading=\"lazy\" decoding=\"async\" class=\"wp-image-2374  alignleft\" src=\"https:\/\/gemeindebuechereikastl.de\/wp-content\/uploads\/2021\/10\/IMG-20211012-WA0002.jpg\" alt=\"\" width=\"267\" height=\"320\" srcset=\"https:\/\/gemeindebuechereikastl.de\/wp-content\/uploads\/2021\/10\/IMG-20211012-WA0002.jpg 899w, https:\/\/gemeindebuechereikastl.de\/wp-content\/uploads\/2021\/10\/IMG-20211012-WA0002-250x300.jpg 250w, https:\/\/gemeindebuechereikastl.de\/wp-content\/uploads\/2021\/10\/IMG-20211012-WA0002-768x920.jpg 768w, https:\/\/gemeindebuechereikastl.de\/wp-content\/uploads\/2021\/10\/IMG-20211012-WA0002-750x898.jpg 750w\" sizes=\"auto, (max-width: 267px) 100vw, 267px\" \/>Die Erl\u00f6se aus den Spenden des B\u00fccherflohmarktes und dem Verkauf der s\u00fc\u00dfen T\u00fcte wird wieder f\u00fcr die Neuanschaffungen von B\u00fcchern und Medien verwendet, die beim<br \/>\n<span style=\"color: #ff0000;\">Tag der offenen T\u00fcr am <\/span><span style=\"color: #ff0000;\">Sonntag, den 24. Oktober von 13.00 bis 17.00 Uhr in den neu gestalteten B\u00fcchereir\u00e4umen vorgestellt werden.<img loading=\"lazy\" decoding=\"async\" class=\"alignright wp-image-2042 \" src=\"https:\/\/gemeindebuechereikastl.de\/wp-content\/uploads\/2021\/05\/Mini-Flohmarkt-576x1024.jpg\" alt=\"\" width=\"153\" height=\"272\" srcset=\"https:\/\/gemeindebuechereikastl.de\/wp-content\/uploads\/2021\/05\/Mini-Flohmarkt-576x1024.jpg 576w, https:\/\/gemeindebuechereikastl.de\/wp-content\/uploads\/2021\/05\/Mini-Flohmarkt-169x300.jpg 169w, https:\/\/gemeindebuechereikastl.de\/wp-content\/uploads\/2021\/05\/Mini-Flohmarkt-768x1365.jpg 768w, https:\/\/gemeindebuechereikastl.de\/wp-content\/uploads\/2021\/05\/Mini-Flohmarkt-864x1536.jpg 864w, https:\/\/gemeindebuechereikastl.de\/wp-content\/uploads\/2021\/05\/Mini-Flohmarkt-1152x2048.jpg 1152w, https:\/\/gemeindebuechereikastl.de\/wp-content\/uploads\/2021\/05\/Mini-Flohmarkt-750x1333.jpg 750w, https:\/\/gemeindebuechereikastl.de\/wp-content\/uploads\/2021\/05\/Mini-Flohmarkt-scaled.jpg 1440w\" sizes=\"auto, (max-width: 153px) 100vw, 153px\" \/><\/span> <\/strong><\/p>\n<p><span style=\"color: #99cc00;\"><strong>Auch wenn es in diesem Jahr der letzte Flohmarkt beim Markt im Markt war, das B\u00fcchereiteam wird auch im kommenden Jahr wieder mit ihrer Schn\u00e4ppchenjagd nach guten B\u00fcchern beim Markt im Markt vertreten sein.<\/strong><\/span><\/p>\n<p><strong><span style=\"color: #ff0000;\">W\u00e4hrend der Wintermonate gibt es im Eingangsbereich der B\u00fccherei einen Mini-Flohmarkt. Hier kann man w\u00e4hrend der \u00d6ffnugnszeiten der B\u00fccherei ebenfalls gute B\u00fccher entdecken!!!<\/span><\/strong><\/p>\n<\/div>\n<\/div>\n","protected":false},"excerpt":{"rendered":"<p>Die lezte M\u00f6glichkeit zur Schn\u00e4ppchenjagd nach guten B\u00fcchern nutzen viele beim Oktober Markt Bei herrlichem Herbstwetter war beim Markt im Oktober wieder viel los. Auch das B\u00fcchereiteam war erneut mit ihrem B\u00fccherflohmarkstand vertreten. Die Suche nach gut erhaltenen B\u00fcchern, DVDs, Spielen oder H\u00f6rb\u00fcchern f\u00fcr jedes Alter und jeden Geschmack ist ebenfalls gut angenommen worden. Den &hellip; <\/p>\n<p><a class=\"more-link btn\" href=\"https:\/\/gemeindebuechereikastl.de\/?p=2355\">Weiterlesen<\/a><\/p>\n","protected":false},"author":1,"featured_media":2365,"comment_status":"closed","ping_status":"closed","sticky":false,"template":"","format":"standard","meta":{"footnotes":""},"categories":[5],"tags":[60,59,250],"class_list":["post-2355","post","type-post","status-publish","format-standard","has-post-thumbnail","hentry","category-news","tag-buecherflohmarkt","tag-flohmarkt","tag-schnaeppchenjagd","item-wrap"],"_links":{"self":[{"href":"https:\/\/gemeindebuechereikastl.de\/index.php?rest_route=\/wp\/v2\/posts\/2355","targetHints":{"allow":["GET"]}}],"collection":[{"href":"https:\/\/gemeindebuechereikastl.de\/index.php?rest_route=\/wp\/v2\/posts"}],"about":[{"href":"https:\/\/gemeindebuechereikastl.de\/index.php?rest_route=\/wp\/v2\/types\/post"}],"author":[{"embeddable":true,"href":"https:\/\/gemeindebuechereikastl.de\/index.php?rest_route=\/wp\/v2\/users\/1"}],"replies":[{"embeddable":true,"href":"https:\/\/gemeindebuechereikastl.de\/index.php?rest_route=%2Fwp%2Fv2%2Fcomments&post=2355"}],"version-history":[{"count":14,"href":"https:\/\/gemeindebuechereikastl.de\/index.php?rest_route=\/wp\/v2\/posts\/2355\/revisions"}],"predecessor-version":[{"id":2375,"href":"https:\/\/gemeindebuechereikastl.de\/index.php?rest_route=\/wp\/v2\/posts\/2355\/revisions\/2375"}],"wp:featuredmedia":[{"embeddable":true,"href":"https:\/\/gemeindebuechereikastl.de\/index.php?rest_route=\/wp\/v2\/media\/2365"}],"wp:attachment":[{"href":"https:\/\/gemeindebuechereikastl.de\/index.php?rest_route=%2Fwp%2Fv2%2Fmedia&parent=2355"}],"wp:term":[{"taxonomy":"category","embeddable":true,"href":"https:\/\/gemeindebuechereikastl.de\/index.php?rest_route=%2Fwp%2Fv2%2Fcategories&post=2355"},{"taxonomy":"post_tag","embeddable":true,"href":"https:\/\/gemeindebuechereikastl.de\/index.php?rest_route=%2Fwp%2Fv2%2Ftags&post=2355"}],"curies":[{"name":"wp","href":"https:\/\/api.w.org\/{rel}","templated":true}]}}