{"id":2376,"date":"2021-10-15T06:40:23","date_gmt":"2021-10-15T06:40:23","guid":{"rendered":"https:\/\/gemeindebuechereikastl.de\/?p=2376"},"modified":"2021-10-15T06:40:23","modified_gmt":"2021-10-15T06:40:23","slug":"renovierungsabreiten-gehen-voran-malerarbeiten-fast-abgeschlossen","status":"publish","type":"post","link":"https:\/\/gemeindebuechereikastl.de\/?p=2376","title":{"rendered":"Renovierungsabreiten gehen voran &#8211; Malerarbeiten fast abgeschlossen"},"content":{"rendered":"<h2 style=\"text-align: center;\"><span style=\"color: #ff6600;\"><strong>Malerarbeiten in der B\u00fccherei<\/strong> <\/span><\/h2>\n<p><img loading=\"lazy\" decoding=\"async\" class=\"aligncenter wp-image-2377 size-large\" src=\"https:\/\/gemeindebuechereikastl.de\/wp-content\/uploads\/2021\/10\/Malerarbeiten-1-1603x902.jpg\" alt=\"\" width=\"750\" height=\"422\" srcset=\"https:\/\/gemeindebuechereikastl.de\/wp-content\/uploads\/2021\/10\/Malerarbeiten-1-1603x902.jpg 1603w, https:\/\/gemeindebuechereikastl.de\/wp-content\/uploads\/2021\/10\/Malerarbeiten-1-300x169.jpg 300w, https:\/\/gemeindebuechereikastl.de\/wp-content\/uploads\/2021\/10\/Malerarbeiten-1-768x432.jpg 768w, https:\/\/gemeindebuechereikastl.de\/wp-content\/uploads\/2021\/10\/Malerarbeiten-1-1536x864.jpg 1536w, https:\/\/gemeindebuechereikastl.de\/wp-content\/uploads\/2021\/10\/Malerarbeiten-1-2048x1152.jpg 2048w, https:\/\/gemeindebuechereikastl.de\/wp-content\/uploads\/2021\/10\/Malerarbeiten-1-750x422.jpg 750w\" sizes=\"auto, (max-width: 750px) 100vw, 750px\" \/><\/p>\n<p style=\"text-align: center;\">Die Renovierungsarbeiten in der B\u00fccherei sind im Endspurt. Zurzeit sind die Maler am Werk, um unsere R\u00e4ume wieder in hellem Wei\u00df erstrahlen zu lassen. Auch wurden ein paar farbige Akzente gesetzt, um gewisse Bereiche besser zu charakterisieren. Nach dem Ende er Malerarbeiten ist dann das Team wieder gefragt, um wieder alles einzur\u00e4umen damit zur Er\u00f6ffnung mit dem \u201eTag der offenen T\u00fcr\u201c am<br \/>\nSonntag, 24. Oktober von 13.00 bis 17.00 Uhr wieder alles an seinen Platz steht.<\/p>\n<p><img loading=\"lazy\" decoding=\"async\" class=\"aligncenter wp-image-2378 size-large\" src=\"https:\/\/gemeindebuechereikastl.de\/wp-content\/uploads\/2021\/10\/Malerarbeiten-2-1603x902.jpg\" alt=\"\" width=\"750\" height=\"422\" srcset=\"https:\/\/gemeindebuechereikastl.de\/wp-content\/uploads\/2021\/10\/Malerarbeiten-2-1603x902.jpg 1603w, https:\/\/gemeindebuechereikastl.de\/wp-content\/uploads\/2021\/10\/Malerarbeiten-2-300x169.jpg 300w, https:\/\/gemeindebuechereikastl.de\/wp-content\/uploads\/2021\/10\/Malerarbeiten-2-768x432.jpg 768w, https:\/\/gemeindebuechereikastl.de\/wp-content\/uploads\/2021\/10\/Malerarbeiten-2-1536x864.jpg 1536w, https:\/\/gemeindebuechereikastl.de\/wp-content\/uploads\/2021\/10\/Malerarbeiten-2-2048x1152.jpg 2048w, https:\/\/gemeindebuechereikastl.de\/wp-content\/uploads\/2021\/10\/Malerarbeiten-2-750x422.jpg 750w\" sizes=\"auto, (max-width: 750px) 100vw, 750px\" \/><\/p>\n","protected":false},"excerpt":{"rendered":"<p>Malerarbeiten in der B\u00fccherei Die Renovierungsarbeiten in der B\u00fccherei sind im Endspurt. Zurzeit sind die Maler am Werk, um unsere R\u00e4ume wieder in hellem Wei\u00df erstrahlen zu lassen. Auch wurden ein paar farbige Akzente gesetzt, um gewisse Bereiche besser zu charakterisieren. Nach dem Ende er Malerarbeiten ist dann das Team wieder gefragt, um wieder alles &hellip; <\/p>\n<p><a class=\"more-link btn\" href=\"https:\/\/gemeindebuechereikastl.de\/?p=2376\">Weiterlesen<\/a><\/p>\n","protected":false},"author":1,"featured_media":2378,"comment_status":"closed","ping_status":"closed","sticky":false,"template":"","format":"standard","meta":{"footnotes":""},"categories":[5],"tags":[282,281,276],"class_list":["post-2376","post","type-post","status-publish","format-standard","has-post-thumbnail","hentry","category-news","tag-maler","tag-malerarbeiten","tag-renovierung","item-wrap"],"_links":{"self":[{"href":"https:\/\/gemeindebuechereikastl.de\/index.php?rest_route=\/wp\/v2\/posts\/2376","targetHints":{"allow":["GET"]}}],"collection":[{"href":"https:\/\/gemeindebuechereikastl.de\/index.php?rest_route=\/wp\/v2\/posts"}],"about":[{"href":"https:\/\/gemeindebuechereikastl.de\/index.php?rest_route=\/wp\/v2\/types\/post"}],"author":[{"embeddable":true,"href":"https:\/\/gemeindebuechereikastl.de\/index.php?rest_route=\/wp\/v2\/users\/1"}],"replies":[{"embeddable":true,"href":"https:\/\/gemeindebuechereikastl.de\/index.php?rest_route=%2Fwp%2Fv2%2Fcomments&post=2376"}],"version-history":[{"count":1,"href":"https:\/\/gemeindebuechereikastl.de\/index.php?rest_route=\/wp\/v2\/posts\/2376\/revisions"}],"predecessor-version":[{"id":2379,"href":"https:\/\/gemeindebuechereikastl.de\/index.php?rest_route=\/wp\/v2\/posts\/2376\/revisions\/2379"}],"wp:featuredmedia":[{"embeddable":true,"href":"https:\/\/gemeindebuechereikastl.de\/index.php?rest_route=\/wp\/v2\/media\/2378"}],"wp:attachment":[{"href":"https:\/\/gemeindebuechereikastl.de\/index.php?rest_route=%2Fwp%2Fv2%2Fmedia&parent=2376"}],"wp:term":[{"taxonomy":"category","embeddable":true,"href":"https:\/\/gemeindebuechereikastl.de\/index.php?rest_route=%2Fwp%2Fv2%2Fcategories&post=2376"},{"taxonomy":"post_tag","embeddable":true,"href":"https:\/\/gemeindebuechereikastl.de\/index.php?rest_route=%2Fwp%2Fv2%2Ftags&post=2376"}],"curies":[{"name":"wp","href":"https:\/\/api.w.org\/{rel}","templated":true}]}}