{"id":2381,"date":"2021-10-17T16:52:07","date_gmt":"2021-10-17T16:52:07","guid":{"rendered":"https:\/\/gemeindebuechereikastl.de\/?p=2381"},"modified":"2021-10-17T18:43:42","modified_gmt":"2021-10-17T18:43:42","slug":"endspurt-in-der-buecherei-buechereiteam-unermuedlich-am-arbeiten-fuer-die-eroeffnung","status":"publish","type":"post","link":"https:\/\/gemeindebuechereikastl.de\/?p=2381","title":{"rendered":"Endspurt in der B\u00fccherei- B\u00fcchereiteam unerm\u00fcdlich am Arbeiten f\u00fcr die Er\u00f6ffnung"},"content":{"rendered":"<h2 style=\"text-align: center;\"><strong><span style=\"color: #ff6600;\">Wiederer\u00f6ffnung der Gemeindeb\u00fccherei am <\/span><br \/>\n<span style=\"color: #ff6600;\">Sonntag, 24. Oktober &#8211; Team mit viel Engagement <\/span><br \/>\n<span style=\"color: #ff6600;\">mit Vorbereitungsarbeiten besch\u00e4ftigt!<\/span> <\/strong><\/h2>\n<p><img loading=\"lazy\" decoding=\"async\" class=\"wp-image-2382 alignnone\" src=\"https:\/\/gemeindebuechereikastl.de\/wp-content\/uploads\/2021\/10\/20211016_145436-2-1603x1043.jpg\" alt=\"\" width=\"678\" height=\"441\" srcset=\"https:\/\/gemeindebuechereikastl.de\/wp-content\/uploads\/2021\/10\/20211016_145436-2-1603x1043.jpg 1603w, https:\/\/gemeindebuechereikastl.de\/wp-content\/uploads\/2021\/10\/20211016_145436-2-300x195.jpg 300w, https:\/\/gemeindebuechereikastl.de\/wp-content\/uploads\/2021\/10\/20211016_145436-2-768x500.jpg 768w, https:\/\/gemeindebuechereikastl.de\/wp-content\/uploads\/2021\/10\/20211016_145436-2-1536x999.jpg 1536w, https:\/\/gemeindebuechereikastl.de\/wp-content\/uploads\/2021\/10\/20211016_145436-2-2048x1332.jpg 2048w, https:\/\/gemeindebuechereikastl.de\/wp-content\/uploads\/2021\/10\/20211016_145436-2-750x488.jpg 750w\" sizes=\"auto, (max-width: 678px) 100vw, 678px\" \/><\/p>\n<p><img loading=\"lazy\" decoding=\"async\" class=\"wp-image-2383 alignleft\" src=\"https:\/\/gemeindebuechereikastl.de\/wp-content\/uploads\/2021\/10\/20211017_170324-752x1206.jpg\" alt=\"\" width=\"231\" height=\"371\" srcset=\"https:\/\/gemeindebuechereikastl.de\/wp-content\/uploads\/2021\/10\/20211017_170324-752x1206.jpg 752w, https:\/\/gemeindebuechereikastl.de\/wp-content\/uploads\/2021\/10\/20211017_170324-187x300.jpg 187w, https:\/\/gemeindebuechereikastl.de\/wp-content\/uploads\/2021\/10\/20211017_170324-768x1231.jpg 768w, https:\/\/gemeindebuechereikastl.de\/wp-content\/uploads\/2021\/10\/20211017_170324-958x1536.jpg 958w, https:\/\/gemeindebuechereikastl.de\/wp-content\/uploads\/2021\/10\/20211017_170324-1277x2048.jpg 1277w, https:\/\/gemeindebuechereikastl.de\/wp-content\/uploads\/2021\/10\/20211017_170324-750x1203.jpg 750w, https:\/\/gemeindebuechereikastl.de\/wp-content\/uploads\/2021\/10\/20211017_170324-scaled.jpg 1597w\" sizes=\"auto, (max-width: 231px) 100vw, 231px\" \/>Kaum sind die Maler fertig und schon ist das Team wieder am Arbeiten. Nach dem Ausr\u00e4umen zu Beginn der Renovierungsarbeiten steht auch wieder das Einr\u00e4umen auf dem Plan. Viele flei\u00dfige H\u00e4nde des B\u00fcchereiteams sind momentan am Arbeiten, um wieder alle B\u00fccher und Medien in die Regle zu r\u00e4umen damit unser gro\u00dfes Angebot wiederum f\u00fcr alle Leser ab dem kommenden Wochenende zur Verf\u00fcgung steht. <img loading=\"lazy\" decoding=\"async\" class=\" wp-image-2385 alignright\" src=\"https:\/\/gemeindebuechereikastl.de\/wp-content\/uploads\/2021\/10\/Tag-der-offenen-Tuer-2021-Plakat-212x300.jpg\" alt=\"\" width=\"125\" height=\"177\" srcset=\"https:\/\/gemeindebuechereikastl.de\/wp-content\/uploads\/2021\/10\/Tag-der-offenen-Tuer-2021-Plakat-212x300.jpg 212w, https:\/\/gemeindebuechereikastl.de\/wp-content\/uploads\/2021\/10\/Tag-der-offenen-Tuer-2021-Plakat-853x1206.jpg 853w, https:\/\/gemeindebuechereikastl.de\/wp-content\/uploads\/2021\/10\/Tag-der-offenen-Tuer-2021-Plakat-768x1086.jpg 768w, https:\/\/gemeindebuechereikastl.de\/wp-content\/uploads\/2021\/10\/Tag-der-offenen-Tuer-2021-Plakat-1086x1536.jpg 1086w, https:\/\/gemeindebuechereikastl.de\/wp-content\/uploads\/2021\/10\/Tag-der-offenen-Tuer-2021-Plakat-750x1061.jpg 750w, https:\/\/gemeindebuechereikastl.de\/wp-content\/uploads\/2021\/10\/Tag-der-offenen-Tuer-2021-Plakat.jpg 1240w\" sizes=\"auto, (max-width: 125px) 100vw, 125px\" \/><\/p>\n<p>Am Sontag, 24. Oktober ist von 13.00\u00a0 bis 17.00 Uhr f\u00fcr alle Interessierte ein Tag der offenen T\u00fcr bei dem auf die Besucher ein neue Outfit der B\u00fccherr\u00e4ume wartet\u00a0 und auch ca. 350 neue, aktuelle Neuerwerbungen von\u00a0 B\u00fcchern und weiteren Medien des B\u00fcchereiherbstes.<\/p>\n<p><span style=\"color: #ff6600;\"><strong><a style=\"color: #ff6600;\" href=\"https:\/\/gemeindebuechereikastl.de\/wp-content\/uploads\/2021\/10\/Tag-der-offenen-Tuer-2021-Plakat.pdf\">N\u00e4here Infos zum Tag der offenen T\u00fcr 2021<\/a><\/strong><\/span><\/p>\n<p>&nbsp;<\/p>\n","protected":false},"excerpt":{"rendered":"<p>Wiederer\u00f6ffnung der Gemeindeb\u00fccherei am Sonntag, 24. Oktober &#8211; Team mit viel Engagement mit Vorbereitungsarbeiten besch\u00e4ftigt! Kaum sind die Maler fertig und schon ist das Team wieder am Arbeiten. Nach dem Ausr\u00e4umen zu Beginn der Renovierungsarbeiten steht auch wieder das Einr\u00e4umen auf dem Plan. Viele flei\u00dfige H\u00e4nde des B\u00fcchereiteams sind momentan am Arbeiten, um wieder alle &hellip; <\/p>\n<p><a class=\"more-link btn\" href=\"https:\/\/gemeindebuechereikastl.de\/?p=2381\">Weiterlesen<\/a><\/p>\n","protected":false},"author":1,"featured_media":2382,"comment_status":"closed","ping_status":"closed","sticky":false,"template":"","format":"standard","meta":{"footnotes":""},"categories":[5],"tags":[283,276,161],"class_list":["post-2381","post","type-post","status-publish","format-standard","has-post-thumbnail","hentry","category-news","tag-arbeiten-team","tag-renovierung","tag-wiedereroeffnung","item-wrap"],"_links":{"self":[{"href":"https:\/\/gemeindebuechereikastl.de\/index.php?rest_route=\/wp\/v2\/posts\/2381","targetHints":{"allow":["GET"]}}],"collection":[{"href":"https:\/\/gemeindebuechereikastl.de\/index.php?rest_route=\/wp\/v2\/posts"}],"about":[{"href":"https:\/\/gemeindebuechereikastl.de\/index.php?rest_route=\/wp\/v2\/types\/post"}],"author":[{"embeddable":true,"href":"https:\/\/gemeindebuechereikastl.de\/index.php?rest_route=\/wp\/v2\/users\/1"}],"replies":[{"embeddable":true,"href":"https:\/\/gemeindebuechereikastl.de\/index.php?rest_route=%2Fwp%2Fv2%2Fcomments&post=2381"}],"version-history":[{"count":4,"href":"https:\/\/gemeindebuechereikastl.de\/index.php?rest_route=\/wp\/v2\/posts\/2381\/revisions"}],"predecessor-version":[{"id":2389,"href":"https:\/\/gemeindebuechereikastl.de\/index.php?rest_route=\/wp\/v2\/posts\/2381\/revisions\/2389"}],"wp:featuredmedia":[{"embeddable":true,"href":"https:\/\/gemeindebuechereikastl.de\/index.php?rest_route=\/wp\/v2\/media\/2382"}],"wp:attachment":[{"href":"https:\/\/gemeindebuechereikastl.de\/index.php?rest_route=%2Fwp%2Fv2%2Fmedia&parent=2381"}],"wp:term":[{"taxonomy":"category","embeddable":true,"href":"https:\/\/gemeindebuechereikastl.de\/index.php?rest_route=%2Fwp%2Fv2%2Fcategories&post=2381"},{"taxonomy":"post_tag","embeddable":true,"href":"https:\/\/gemeindebuechereikastl.de\/index.php?rest_route=%2Fwp%2Fv2%2Ftags&post=2381"}],"curies":[{"name":"wp","href":"https:\/\/api.w.org\/{rel}","templated":true}]}}