{"id":2391,"date":"2021-10-30T13:50:05","date_gmt":"2021-10-30T13:50:05","guid":{"rendered":"https:\/\/gemeindebuechereikastl.de\/?p=2391"},"modified":"2021-10-30T14:06:37","modified_gmt":"2021-10-30T14:06:37","slug":"die-buechereiteam-konnte-zwei-grossartige-ereignisse-feiern-einweihung-der-renovierten-buechereiraeume-und-verleihung-des-goldenen-buechereisiegels","status":"publish","type":"post","link":"https:\/\/gemeindebuechereikastl.de\/?p=2391","title":{"rendered":"Die B\u00fcchereiteam konnte zwei gro\u00dfartige Ereignisse feiern &#8211; Einweihung der renovierten B\u00fcchereir\u00e4ume und Verleihung des Goldenen B\u00fcchereisiegels"},"content":{"rendered":"<h2 style=\"text-align: center;\"><span style=\"color: #ff6600;\"><strong>In der B\u00fccherei gab es zwei gro\u00dfartige Ereignisse zu feiern. Zum einen erhielten wir zum 2. Mal das B\u00fccherei\u2013Siegel in Gold des St. Michaelsbunds und au\u00dferdem wurden die neu renovierten B\u00fcchereir\u00e4ume eingeweiht!<\/strong><\/span><\/h2>\n<p><img loading=\"lazy\" decoding=\"async\" class=\"wp-image-2396 size-large aligncenter\" src=\"https:\/\/gemeindebuechereikastl.de\/wp-content\/uploads\/2021\/10\/Gruppenbild-2-1603x1047.jpg\" alt=\"\" width=\"750\" height=\"490\" srcset=\"https:\/\/gemeindebuechereikastl.de\/wp-content\/uploads\/2021\/10\/Gruppenbild-2-1603x1047.jpg 1603w, https:\/\/gemeindebuechereikastl.de\/wp-content\/uploads\/2021\/10\/Gruppenbild-2-300x196.jpg 300w, https:\/\/gemeindebuechereikastl.de\/wp-content\/uploads\/2021\/10\/Gruppenbild-2-768x502.jpg 768w, https:\/\/gemeindebuechereikastl.de\/wp-content\/uploads\/2021\/10\/Gruppenbild-2-1536x1003.jpg 1536w, https:\/\/gemeindebuechereikastl.de\/wp-content\/uploads\/2021\/10\/Gruppenbild-2-2048x1338.jpg 2048w, https:\/\/gemeindebuechereikastl.de\/wp-content\/uploads\/2021\/10\/Gruppenbild-2-750x490.jpg 750w\" sizes=\"auto, (max-width: 750px) 100vw, 750px\" \/><\/p>\n<p>Rund 20.000 Euro lie\u00dfen sich die Gemeinde und Pfarrei die Renovierung der B\u00fccherei kosten. Aufgrund der alten Mauern drang Feuchtigkeit ins Innere. Durch den Einbau einer modernen Wandheizung im Erdgeschoss will man die Feuchtigkeit soweit m\u00f6glich aus den B\u00fcchereir\u00e4umen fernzuhalten.<\/p>\n<p>B\u00fcchereileiter Georg D\u00fcrr begr\u00fc\u00dfte im Obergescho\u00df der B\u00fccherei von der Di\u00f6zese Eichst\u00e4tt Dr. Ludwig Brandl und Wolfgang Rei\u00dfner, ferner Pfarrer Johannes Arweck und die Mitglieder der Kirchenverwaltung, B\u00fcrgermeister Stefan Braun und die Damen und Herren des Marktrates.<\/p>\n<p><img loading=\"lazy\" decoding=\"async\" class=\"alignleft wp-image-2398 \" src=\"https:\/\/gemeindebuechereikastl.de\/wp-content\/uploads\/2021\/10\/MA-149903-1-1603x1069.jpg\" alt=\"\" width=\"488\" height=\"325\" srcset=\"https:\/\/gemeindebuechereikastl.de\/wp-content\/uploads\/2021\/10\/MA-149903-1-1603x1069.jpg 1603w, https:\/\/gemeindebuechereikastl.de\/wp-content\/uploads\/2021\/10\/MA-149903-1-300x200.jpg 300w, https:\/\/gemeindebuechereikastl.de\/wp-content\/uploads\/2021\/10\/MA-149903-1-768x512.jpg 768w, https:\/\/gemeindebuechereikastl.de\/wp-content\/uploads\/2021\/10\/MA-149903-1-1536x1024.jpg 1536w, https:\/\/gemeindebuechereikastl.de\/wp-content\/uploads\/2021\/10\/MA-149903-1-2048x1365.jpg 2048w, https:\/\/gemeindebuechereikastl.de\/wp-content\/uploads\/2021\/10\/MA-149903-1-750x500.jpg 750w\" sizes=\"auto, (max-width: 488px) 100vw, 488px\" \/>Ganz besonders nat\u00fcrlich seine Damen vom B\u00fcchereiteam. Er dankte seinem flei\u00dfigen Team f\u00fcr Ihre harte Arbeit und f\u00fcr das Engagement. Besonders in den letzten 14 Tagen wurde t\u00e4glich bis sp\u00e4t in den Abend hinein gewerkelt damit alles rechtzeitig f\u00fcr die Einweihung fertiggestellt werden konnte. Neue Farbe, neue Regale und ein neues Angebot an B\u00fcchern und Medien sollen alte und neue Besucher wieder in die B\u00fccherei locken.<\/p>\n<p>Anschlie\u00dfend weihte Pfarrer Johannes Arweck die neu renovierten R\u00e4ume ein und meinte, dass Bibliothek von Bibel kommt- dem Buch der B\u00fccher. Auch freute er sich, dass seine Kastler B\u00fccherei wieder die h\u00f6chste Auszeichnung, das goldene B\u00fcchereisiegel erhalten hat, das die Wertsch\u00e4tzung f\u00fcr diese B\u00fccherei ausdr\u00fcckt.<\/p>\n<p><img loading=\"lazy\" decoding=\"async\" class=\"alignright wp-image-2394 \" src=\"https:\/\/gemeindebuechereikastl.de\/wp-content\/uploads\/2021\/10\/Gueteseigel-in-Gold-1603x1022.jpg\" alt=\"\" width=\"508\" height=\"324\" srcset=\"https:\/\/gemeindebuechereikastl.de\/wp-content\/uploads\/2021\/10\/Gueteseigel-in-Gold-1603x1022.jpg 1603w, https:\/\/gemeindebuechereikastl.de\/wp-content\/uploads\/2021\/10\/Gueteseigel-in-Gold-300x191.jpg 300w, https:\/\/gemeindebuechereikastl.de\/wp-content\/uploads\/2021\/10\/Gueteseigel-in-Gold-768x490.jpg 768w, https:\/\/gemeindebuechereikastl.de\/wp-content\/uploads\/2021\/10\/Gueteseigel-in-Gold-1536x979.jpg 1536w, https:\/\/gemeindebuechereikastl.de\/wp-content\/uploads\/2021\/10\/Gueteseigel-in-Gold-2048x1306.jpg 2048w, https:\/\/gemeindebuechereikastl.de\/wp-content\/uploads\/2021\/10\/Gueteseigel-in-Gold-750x478.jpg 750w\" sizes=\"auto, (max-width: 508px) 100vw, 508px\" \/>Dr. Ludwig Brandl vom Bistum Eichst\u00e4tt freute sich, dass er bereits zum 2. Mal das goldene B\u00fcchereisiegel des St. Michaelsbundes der Kastler B\u00fccherei \u00fcbergeben konnte. Das erste Mal geschah dies 2018. Dies zeigt, dass die Qualit\u00e4t der Kastler B\u00fccherei nicht nachgelassen, sondern sich verbessert hat- da sie wieder die 15 Kriterien, die f\u00fcrs Siegel notwendig sind \u00fcberragend\u00a0 hat.<\/p>\n<p>Dem schloss sich B\u00fcrgermeister Stefan Braun an und nannte die Kastler Pfarr und Gemeindeb\u00fccherei ein Schmuckk\u00e4stchen in der Gemeinde. Als Leuchtturm in der Marktgemeinde und dar\u00fcber hinaus bezeichnete\u00a0Braun die Kastler B\u00fccherei. Der Dank und die Auszeichnung Geb\u00fchren dem Team. \u201eOhne ein funktionierendes Team kann Wissen nicht an die Bev\u00f6lkerung herangetragen werden\u201c, so Braun.<\/p>\n<p><strong><a href=\"https:\/\/gemeindebuechereikastl.de\/wp-content\/uploads\/2021\/10\/einweihung.pdf\">Pressebericht MZ vom 26.10.2021\u00a0<\/a><\/strong><\/p>\n","protected":false},"excerpt":{"rendered":"<p>In der B\u00fccherei gab es zwei gro\u00dfartige Ereignisse zu feiern. Zum einen erhielten wir zum 2. Mal das B\u00fccherei\u2013Siegel in Gold des St. Michaelsbunds und au\u00dferdem wurden die neu renovierten B\u00fcchereir\u00e4ume eingeweiht! Rund 20.000 Euro lie\u00dfen sich die Gemeinde und Pfarrei die Renovierung der B\u00fccherei kosten. Aufgrund der alten Mauern drang Feuchtigkeit ins Innere. Durch &hellip; <\/p>\n<p><a class=\"more-link btn\" href=\"https:\/\/gemeindebuechereikastl.de\/?p=2391\">Weiterlesen<\/a><\/p>\n","protected":false},"author":1,"featured_media":0,"comment_status":"closed","ping_status":"closed","sticky":false,"template":"","format":"standard","meta":{"footnotes":""},"categories":[5],"tags":[166,284,77],"class_list":["post-2391","post","type-post","status-publish","format-standard","hentry","category-news","tag-buecherei-siegel","tag-einweihung","tag-gold","item-wrap"],"_links":{"self":[{"href":"https:\/\/gemeindebuechereikastl.de\/index.php?rest_route=\/wp\/v2\/posts\/2391","targetHints":{"allow":["GET"]}}],"collection":[{"href":"https:\/\/gemeindebuechereikastl.de\/index.php?rest_route=\/wp\/v2\/posts"}],"about":[{"href":"https:\/\/gemeindebuechereikastl.de\/index.php?rest_route=\/wp\/v2\/types\/post"}],"author":[{"embeddable":true,"href":"https:\/\/gemeindebuechereikastl.de\/index.php?rest_route=\/wp\/v2\/users\/1"}],"replies":[{"embeddable":true,"href":"https:\/\/gemeindebuechereikastl.de\/index.php?rest_route=%2Fwp%2Fv2%2Fcomments&post=2391"}],"version-history":[{"count":5,"href":"https:\/\/gemeindebuechereikastl.de\/index.php?rest_route=\/wp\/v2\/posts\/2391\/revisions"}],"predecessor-version":[{"id":2405,"href":"https:\/\/gemeindebuechereikastl.de\/index.php?rest_route=\/wp\/v2\/posts\/2391\/revisions\/2405"}],"wp:attachment":[{"href":"https:\/\/gemeindebuechereikastl.de\/index.php?rest_route=%2Fwp%2Fv2%2Fmedia&parent=2391"}],"wp:term":[{"taxonomy":"category","embeddable":true,"href":"https:\/\/gemeindebuechereikastl.de\/index.php?rest_route=%2Fwp%2Fv2%2Fcategories&post=2391"},{"taxonomy":"post_tag","embeddable":true,"href":"https:\/\/gemeindebuechereikastl.de\/index.php?rest_route=%2Fwp%2Fv2%2Ftags&post=2391"}],"curies":[{"name":"wp","href":"https:\/\/api.w.org\/{rel}","templated":true}]}}