{"id":2406,"date":"2021-10-31T08:12:51","date_gmt":"2021-10-31T08:12:51","guid":{"rendered":"https:\/\/gemeindebuechereikastl.de\/?p=2406"},"modified":"2021-10-31T11:56:10","modified_gmt":"2021-10-31T11:56:10","slug":"tag-der-offenen-tuer-team-stellte-das-neue-outfit-und-die-neuen-buecher-der-oeffentlichkeit-vor","status":"publish","type":"post","link":"https:\/\/gemeindebuechereikastl.de\/?p=2406","title":{"rendered":"Tag der offenen T\u00fcr &#8211;  Team stellte das neue Outfit und die neu erworbenen B\u00fccher der \u00d6ffentlichkeit vor"},"content":{"rendered":"<h2 style=\"text-align: center;\"><span style=\"color: #ff6600;\"><strong>Die renovierten R\u00e4ume und die neue Medienaufstellung sowie die Neuerwerbungen des B\u00fccherherbstes stellte das Team am Tag der offenen T\u00fcr allen Interessierten Lesern vor!<\/strong><\/span><\/h2>\n<p>Das B\u00fcchereiteam stellte beim Tag der offenen T\u00fcr zum ersten Mal den Leserinnen und Lesern die neu renovierten R\u00e4ume mit der ge\u00e4nderten Medienaufstellung sowie \u00fcber 300 neue B\u00fccher und Medien vor. Neben den vielen Neuerwerbungen konnten sich die Besucher auch \u00fcber die breite Palette des bereits vorhandenen Medienangebotes der Kastler B\u00fccherei von fast 10.000 Medien Informieren.<img loading=\"lazy\" decoding=\"async\" class=\"wp-image-2411 size-large alignnone\" src=\"https:\/\/gemeindebuechereikastl.de\/wp-content\/uploads\/2021\/10\/Tag-der-offenen-Tuer-2-1603x1066.jpg\" alt=\"\" width=\"750\" height=\"499\" srcset=\"https:\/\/gemeindebuechereikastl.de\/wp-content\/uploads\/2021\/10\/Tag-der-offenen-Tuer-2-1603x1066.jpg 1603w, https:\/\/gemeindebuechereikastl.de\/wp-content\/uploads\/2021\/10\/Tag-der-offenen-Tuer-2-300x200.jpg 300w, https:\/\/gemeindebuechereikastl.de\/wp-content\/uploads\/2021\/10\/Tag-der-offenen-Tuer-2-768x511.jpg 768w, https:\/\/gemeindebuechereikastl.de\/wp-content\/uploads\/2021\/10\/Tag-der-offenen-Tuer-2-1536x1022.jpg 1536w, https:\/\/gemeindebuechereikastl.de\/wp-content\/uploads\/2021\/10\/Tag-der-offenen-Tuer-2-2048x1362.jpg 2048w, https:\/\/gemeindebuechereikastl.de\/wp-content\/uploads\/2021\/10\/Tag-der-offenen-Tuer-2-750x499.jpg 750w\" sizes=\"auto, (max-width: 750px) 100vw, 750px\" \/><\/p>\n<p>Bei herrlichem Herbstwetter fanden viele Besucher den Weg in die B\u00fccherei. Die Neuerwerbungen waren besonders hervorgehoben. Es bot sich an diesem Tag die Gelegenheit in den neuen B\u00fcchern kurz zu schm\u00f6kern und sich \u00fcber die aktuellen Neuerscheinungen zu unterhalten.<img loading=\"lazy\" decoding=\"async\" class=\"alignleft wp-image-2410 \" src=\"https:\/\/gemeindebuechereikastl.de\/wp-content\/uploads\/2021\/10\/Besucher-1603x1069.jpg\" alt=\"\" width=\"401\" height=\"267\" srcset=\"https:\/\/gemeindebuechereikastl.de\/wp-content\/uploads\/2021\/10\/Besucher-1603x1069.jpg 1603w, https:\/\/gemeindebuechereikastl.de\/wp-content\/uploads\/2021\/10\/Besucher-300x200.jpg 300w, https:\/\/gemeindebuechereikastl.de\/wp-content\/uploads\/2021\/10\/Besucher-768x512.jpg 768w, https:\/\/gemeindebuechereikastl.de\/wp-content\/uploads\/2021\/10\/Besucher-1536x1024.jpg 1536w, https:\/\/gemeindebuechereikastl.de\/wp-content\/uploads\/2021\/10\/Besucher-2048x1365.jpg 2048w, https:\/\/gemeindebuechereikastl.de\/wp-content\/uploads\/2021\/10\/Besucher-750x500.jpg 750w\" sizes=\"auto, (max-width: 401px) 100vw, 401px\" \/><\/p>\n<p>Die neu renovierten R\u00e4ume fanden gro\u00dfe Aufmerksamkeit. Die Besucher zeigten sich begeistert vom neuen Outfit der B\u00fccherei. Die interessierten Leser fanden sich trotz einiger Umstellungen schnell zurecht.<\/p>\n<p>Das B\u00fcchereiteam hat neben den aktuellen Bestsellern auch f\u00fcr alle Leser von 3 \u2013 99 Jahren wieder eine gro\u00dfartige Auswahl an neuen B\u00fcchern im Wert von ca. 4000 Euro eingekauft. Im Bereich der Nichtbuchmedien wurde ebenfalls wieder viel Neues pr\u00e4sentiert. So wurden f\u00fcr die Kinder und auch f\u00fcr die Erwachsenen wieder neue und aktuelle H\u00f6rspiele auf CD angeschafft. Bei den Brettspielen wurde neben den \u201eSpielen des Jahres 2021\u201c auch weitere neue und interessante Spiele vorgestellt. Das Tonie-Angebot wurde ebenfalls erweitert.<\/p>\n","protected":false},"excerpt":{"rendered":"<p>Die renovierten R\u00e4ume und die neue Medienaufstellung sowie die Neuerwerbungen des B\u00fccherherbstes stellte das Team am Tag der offenen T\u00fcr allen Interessierten Lesern vor! Das B\u00fcchereiteam stellte beim Tag der offenen T\u00fcr zum ersten Mal den Leserinnen und Lesern die neu renovierten R\u00e4ume mit der ge\u00e4nderten Medienaufstellung sowie \u00fcber 300 neue B\u00fccher und Medien vor. &hellip; <\/p>\n<p><a class=\"more-link btn\" href=\"https:\/\/gemeindebuechereikastl.de\/?p=2406\">Weiterlesen<\/a><\/p>\n","protected":false},"author":1,"featured_media":2411,"comment_status":"closed","ping_status":"closed","sticky":false,"template":"","format":"standard","meta":{"footnotes":""},"categories":[5],"tags":[85,86,88,161],"class_list":["post-2406","post","type-post","status-publish","format-standard","has-post-thumbnail","hentry","category-news","tag-neue-buecher","tag-neue-medien","tag-tag-der-offenen-tuer","tag-wiedereroeffnung","item-wrap"],"_links":{"self":[{"href":"https:\/\/gemeindebuechereikastl.de\/index.php?rest_route=\/wp\/v2\/posts\/2406","targetHints":{"allow":["GET"]}}],"collection":[{"href":"https:\/\/gemeindebuechereikastl.de\/index.php?rest_route=\/wp\/v2\/posts"}],"about":[{"href":"https:\/\/gemeindebuechereikastl.de\/index.php?rest_route=\/wp\/v2\/types\/post"}],"author":[{"embeddable":true,"href":"https:\/\/gemeindebuechereikastl.de\/index.php?rest_route=\/wp\/v2\/users\/1"}],"replies":[{"embeddable":true,"href":"https:\/\/gemeindebuechereikastl.de\/index.php?rest_route=%2Fwp%2Fv2%2Fcomments&post=2406"}],"version-history":[{"count":6,"href":"https:\/\/gemeindebuechereikastl.de\/index.php?rest_route=\/wp\/v2\/posts\/2406\/revisions"}],"predecessor-version":[{"id":2425,"href":"https:\/\/gemeindebuechereikastl.de\/index.php?rest_route=\/wp\/v2\/posts\/2406\/revisions\/2425"}],"wp:featuredmedia":[{"embeddable":true,"href":"https:\/\/gemeindebuechereikastl.de\/index.php?rest_route=\/wp\/v2\/media\/2411"}],"wp:attachment":[{"href":"https:\/\/gemeindebuechereikastl.de\/index.php?rest_route=%2Fwp%2Fv2%2Fmedia&parent=2406"}],"wp:term":[{"taxonomy":"category","embeddable":true,"href":"https:\/\/gemeindebuechereikastl.de\/index.php?rest_route=%2Fwp%2Fv2%2Fcategories&post=2406"},{"taxonomy":"post_tag","embeddable":true,"href":"https:\/\/gemeindebuechereikastl.de\/index.php?rest_route=%2Fwp%2Fv2%2Ftags&post=2406"}],"curies":[{"name":"wp","href":"https:\/\/api.w.org\/{rel}","templated":true}]}}