{"id":2426,"date":"2021-11-06T16:15:29","date_gmt":"2021-11-06T16:15:29","guid":{"rendered":"https:\/\/gemeindebuechereikastl.de\/?p=2426"},"modified":"2021-11-06T16:16:40","modified_gmt":"2021-11-06T16:16:40","slug":"online-lesung-fuer-kinder-mit-schweizer-kinderbuchautorin","status":"publish","type":"post","link":"https:\/\/gemeindebuechereikastl.de\/?p=2426","title":{"rendered":"Online-Lesung f\u00fcr Kinder mit Schweizer Kinderbuchautorin"},"content":{"rendered":"<div class=\"row\">\n<div class=\"col-sm-12 col-xs-12\">\n<h1 class=\"vcms dd-shortcode-smb_headline \" style=\"text-align: center;\"><span style=\"color: #ff6600;\"><strong>Im Himmel gibt es Luftballons<\/strong><\/span><\/h1>\n<\/div>\n<\/div>\n<div class=\"row\">\n<div class=\"col-sm-12 col-xs-12\">\n<div class=\"dd-shortcode-text\">\n<h3 style=\"text-align: center;\"><b>Online-Lesung via Zoom mit der Schweizer Kinderbuchautorin Melanie Gerber am Freitag, den 19. November 2021, um 19.00 Uhr<\/b><\/h3>\n<\/div>\n<p><img loading=\"lazy\" decoding=\"async\" class=\"alignleft\" src=\"https:\/\/multimedia.knv.de\/cover\/81\/24\/56\/8124562100001Z.jpg\" alt=\"Im Himmel gibt es Luftballons \" width=\"344\" height=\"484\" \/>Nora ist 8 Jahre, 5 Monate, 3 Wochen und 4 Tage alt. Seit das mit Mia passiert ist, nimmt sie es genau mit den Zahlen, um nur ja nichts zu vergessen. Und seither hat sie eine gro\u00dfe Frage, die ihr niemand beantwortet: Ist Mia jetzt tats\u00e4chlich im Himmel? W\u00e4hrend Nora der Frage um ihre Schwester nachgeht, lernt sie, dass es in Ordnung ist, mit den eigenen Gef\u00fchlen alleine zu sein, dass aber niemand damit alleine sein muss. Und sie merkt, dass die Antworten auf die wirklich wichtigen Fragen des Lebens oft bereits in jedem selbst stecken.<\/p>\n<p>Melanie Gerber zeigt uns in ihrem ersten Kinderbuch Im Himmel gibt es Luftballons, 2020 erschienen, wie man mit Leichtigkeit und einer Prise Humor dem schweren Thema von Verlust und Trauer begegnen kann. Das Buch wurde 2021 f\u00fcr den Korbinian \u2013 Paul Maar-Preis nominiert.<\/p>\n<p>Einwahldaten erhalten Sie bei der Gesch\u00e4ftsstelle der Akademie. Die Teilnehmer:innenzahl ist begrenzt und <strong>Anmeldungen sind erbeten unter der Mailadresse:\u00a0<a href=\"mailto:josef.roessner@akademie-kjl.de\" target=\"_blank\" rel=\"noopener\">josef.roessner@akademie-kjl.de<\/a><\/strong><\/p>\n<h3 style=\"text-align: center;\"><span style=\"color: #ff0000;\"><a style=\"color: #ff0000;\" href=\"https:\/\/gemeindebuechereikastl.de\/wp-content\/uploads\/2021\/11\/Lesung-Luftballons-Himmel_Melanie-Gerber_WEB_1.pdf\">Weitere Infos zur Lesung &#8211; Im Himmel gibt es Luftballons\u00a0<\/a><\/span><\/h3>\n<\/div>\n<\/div>\n<p>&nbsp;<\/p>\n","protected":false},"excerpt":{"rendered":"<p>Im Himmel gibt es Luftballons Online-Lesung via Zoom mit der Schweizer Kinderbuchautorin Melanie Gerber am Freitag, den 19. November 2021, um 19.00 Uhr Nora ist 8 Jahre, 5 Monate, 3 Wochen und 4 Tage alt. Seit das mit Mia passiert ist, nimmt sie es genau mit den Zahlen, um nur ja nichts zu vergessen. Und &hellip; <\/p>\n<p><a class=\"more-link btn\" href=\"https:\/\/gemeindebuechereikastl.de\/?p=2426\">Weiterlesen<\/a><\/p>\n","protected":false},"author":1,"featured_media":2428,"comment_status":"closed","ping_status":"closed","sticky":false,"template":"","format":"standard","meta":{"footnotes":""},"categories":[5],"tags":[232],"class_list":["post-2426","post","type-post","status-publish","format-standard","has-post-thumbnail","hentry","category-news","tag-online-lesungen","item-wrap"],"_links":{"self":[{"href":"https:\/\/gemeindebuechereikastl.de\/index.php?rest_route=\/wp\/v2\/posts\/2426","targetHints":{"allow":["GET"]}}],"collection":[{"href":"https:\/\/gemeindebuechereikastl.de\/index.php?rest_route=\/wp\/v2\/posts"}],"about":[{"href":"https:\/\/gemeindebuechereikastl.de\/index.php?rest_route=\/wp\/v2\/types\/post"}],"author":[{"embeddable":true,"href":"https:\/\/gemeindebuechereikastl.de\/index.php?rest_route=\/wp\/v2\/users\/1"}],"replies":[{"embeddable":true,"href":"https:\/\/gemeindebuechereikastl.de\/index.php?rest_route=%2Fwp%2Fv2%2Fcomments&post=2426"}],"version-history":[{"count":3,"href":"https:\/\/gemeindebuechereikastl.de\/index.php?rest_route=\/wp\/v2\/posts\/2426\/revisions"}],"predecessor-version":[{"id":2431,"href":"https:\/\/gemeindebuechereikastl.de\/index.php?rest_route=\/wp\/v2\/posts\/2426\/revisions\/2431"}],"wp:featuredmedia":[{"embeddable":true,"href":"https:\/\/gemeindebuechereikastl.de\/index.php?rest_route=\/wp\/v2\/media\/2428"}],"wp:attachment":[{"href":"https:\/\/gemeindebuechereikastl.de\/index.php?rest_route=%2Fwp%2Fv2%2Fmedia&parent=2426"}],"wp:term":[{"taxonomy":"category","embeddable":true,"href":"https:\/\/gemeindebuechereikastl.de\/index.php?rest_route=%2Fwp%2Fv2%2Fcategories&post=2426"},{"taxonomy":"post_tag","embeddable":true,"href":"https:\/\/gemeindebuechereikastl.de\/index.php?rest_route=%2Fwp%2Fv2%2Ftags&post=2426"}],"curies":[{"name":"wp","href":"https:\/\/api.w.org\/{rel}","templated":true}]}}