{"id":2433,"date":"2021-11-19T07:57:41","date_gmt":"2021-11-19T07:57:41","guid":{"rendered":"https:\/\/gemeindebuechereikastl.de\/?p=2433"},"modified":"2021-11-19T08:00:05","modified_gmt":"2021-11-19T08:00:05","slug":"buchausstellung-zum-monat-der-spiritualitaet","status":"publish","type":"post","link":"https:\/\/gemeindebuechereikastl.de\/?p=2433","title":{"rendered":"Buchausstellung zum &#8222;Monat der Spiritualit\u00e4t&#8220;"},"content":{"rendered":"<h2 style=\"text-align: center;\"><span style=\"color: #ff6600;\"><strong>Mit B\u00fcchern &#8222;Wege in die Freude&#8220; finden &#8211; Buchausstellung im OG der B\u00fccherei.<br \/>\n<\/strong><\/span><\/h2>\n<p><img loading=\"lazy\" decoding=\"async\" class=\"size-medium wp-image-2437 alignleft\" src=\"https:\/\/gemeindebuechereikastl.de\/wp-content\/uploads\/2021\/11\/Plakat-Monat-Spiri-2021-212x300.jpg\" alt=\"\" width=\"212\" height=\"300\" srcset=\"https:\/\/gemeindebuechereikastl.de\/wp-content\/uploads\/2021\/11\/Plakat-Monat-Spiri-2021-212x300.jpg 212w, https:\/\/gemeindebuechereikastl.de\/wp-content\/uploads\/2021\/11\/Plakat-Monat-Spiri-2021-853x1206.jpg 853w, https:\/\/gemeindebuechereikastl.de\/wp-content\/uploads\/2021\/11\/Plakat-Monat-Spiri-2021-768x1086.jpg 768w, https:\/\/gemeindebuechereikastl.de\/wp-content\/uploads\/2021\/11\/Plakat-Monat-Spiri-2021-750x1060.jpg 750w, https:\/\/gemeindebuechereikastl.de\/wp-content\/uploads\/2021\/11\/Plakat-Monat-Spiri-2021.jpg 877w\" sizes=\"auto, (max-width: 212px) 100vw, 212px\" \/><\/p>\n<p>Der Alltag mit seinen vielen Anforderungen besch\u00e4ftigt uns oft so sehr, dass wir kaum noch Zeit finden, uns auf die wirklich wichtigen Fragen des Lebens zu besinnen. Damit aber auf unserem Lebens<img loading=\"lazy\" decoding=\"async\" class=\"wp-image-2436 alignright\" src=\"https:\/\/gemeindebuechereikastl.de\/wp-content\/uploads\/2021\/11\/20211107_121012-2-863x1206.jpg\" alt=\"\" width=\"366\" height=\"512\" srcset=\"https:\/\/gemeindebuechereikastl.de\/wp-content\/uploads\/2021\/11\/20211107_121012-2-863x1206.jpg 863w, https:\/\/gemeindebuechereikastl.de\/wp-content\/uploads\/2021\/11\/20211107_121012-2-215x300.jpg 215w, https:\/\/gemeindebuechereikastl.de\/wp-content\/uploads\/2021\/11\/20211107_121012-2-768x1074.jpg 768w, https:\/\/gemeindebuechereikastl.de\/wp-content\/uploads\/2021\/11\/20211107_121012-2-1099x1536.jpg 1099w, https:\/\/gemeindebuechereikastl.de\/wp-content\/uploads\/2021\/11\/20211107_121012-2-1465x2048.jpg 1465w, https:\/\/gemeindebuechereikastl.de\/wp-content\/uploads\/2021\/11\/20211107_121012-2-750x1048.jpg 750w, https:\/\/gemeindebuechereikastl.de\/wp-content\/uploads\/2021\/11\/20211107_121012-2-scaled.jpg 1831w\" sizes=\"auto, (max-width: 366px) 100vw, 366px\" \/>weg die Seele mit ihren Bed\u00fcrfnissen nicht zu kurz kommt, braucht es immer wieder gewisse\u00a0<strong>Oasen f\u00fcr das Leben<\/strong>, spirituelle Rastpl\u00e4tze, an denen die Seele ausruhen und wieder zu sich finden kann. Ohne spirituelle Dimension verk\u00fcmmert der Mensch zu einem blo\u00df (mehr oder weniger) funktionierenden Lebewesen. Wer dagegen dem lebendigen Gott begegnet, sei es in der Stille, in der Natur, in der Heiligen Schrift oder auch in einer g\u00e4nzlich unerwarteten Situation, dem wird diese Erfahrung\u00a0<strong>\u201eDu, mein Gott!\u201c<\/strong>\u00a0zur Mitte des Lebens. Wer auf der Grundlage einer solchen Gottesbegegnung sein Leben gestaltet, findet im Glauben Halt und kann Lebenskrisen bew\u00e4ltigen, dar\u00fcber hinaus voll Hoffnung und Zuversicht die Zukunft aktiv mitgestalten, ganz im Sinne von Papst Franziskus, der alle Gl\u00e4ubigen ermutigt:\u00a0<strong>Wage zu tr\u00e4umen!<\/strong>\u00a0So k\u00f6nnen spirituelle Erfahrungen den Menschen von falschen Sorgen und \u00c4ngsten befreien und ihm in vielerlei Hinsicht\u00a0<strong>Wege in die Freude<\/strong>\u00a0aufzeigen.<\/p>\n<p>Das B\u00fcchereiteam hat wieder eine Auswahl an B\u00fcchern f\u00fcr Sie bereitgestellt um <strong>Wege in die Freude<\/strong> aufzeigen. Hierzu gibt es im Obergeschoss eine Buchausttellung mit B\u00fcchern zu diesem Thema.<\/p>\n","protected":false},"excerpt":{"rendered":"<p>Mit B\u00fcchern &#8222;Wege in die Freude&#8220; finden &#8211; Buchausstellung im OG der B\u00fccherei. Der Alltag mit seinen vielen Anforderungen besch\u00e4ftigt uns oft so sehr, dass wir kaum noch Zeit finden, uns auf die wirklich wichtigen Fragen des Lebens zu besinnen. Damit aber auf unserem Lebensweg die Seele mit ihren Bed\u00fcrfnissen nicht zu kurz kommt, braucht &hellip; <\/p>\n<p><a class=\"more-link btn\" href=\"https:\/\/gemeindebuechereikastl.de\/?p=2433\">Weiterlesen<\/a><\/p>\n","protected":false},"author":1,"featured_media":2437,"comment_status":"closed","ping_status":"closed","sticky":false,"template":"","format":"standard","meta":{"footnotes":""},"categories":[5],"tags":[194,201],"class_list":["post-2433","post","type-post","status-publish","format-standard","has-post-thumbnail","hentry","category-news","tag-buchausstellung","tag-monat-der-spiritualitaet","item-wrap"],"_links":{"self":[{"href":"https:\/\/gemeindebuechereikastl.de\/index.php?rest_route=\/wp\/v2\/posts\/2433","targetHints":{"allow":["GET"]}}],"collection":[{"href":"https:\/\/gemeindebuechereikastl.de\/index.php?rest_route=\/wp\/v2\/posts"}],"about":[{"href":"https:\/\/gemeindebuechereikastl.de\/index.php?rest_route=\/wp\/v2\/types\/post"}],"author":[{"embeddable":true,"href":"https:\/\/gemeindebuechereikastl.de\/index.php?rest_route=\/wp\/v2\/users\/1"}],"replies":[{"embeddable":true,"href":"https:\/\/gemeindebuechereikastl.de\/index.php?rest_route=%2Fwp%2Fv2%2Fcomments&post=2433"}],"version-history":[{"count":4,"href":"https:\/\/gemeindebuechereikastl.de\/index.php?rest_route=\/wp\/v2\/posts\/2433\/revisions"}],"predecessor-version":[{"id":2441,"href":"https:\/\/gemeindebuechereikastl.de\/index.php?rest_route=\/wp\/v2\/posts\/2433\/revisions\/2441"}],"wp:featuredmedia":[{"embeddable":true,"href":"https:\/\/gemeindebuechereikastl.de\/index.php?rest_route=\/wp\/v2\/media\/2437"}],"wp:attachment":[{"href":"https:\/\/gemeindebuechereikastl.de\/index.php?rest_route=%2Fwp%2Fv2%2Fmedia&parent=2433"}],"wp:term":[{"taxonomy":"category","embeddable":true,"href":"https:\/\/gemeindebuechereikastl.de\/index.php?rest_route=%2Fwp%2Fv2%2Fcategories&post=2433"},{"taxonomy":"post_tag","embeddable":true,"href":"https:\/\/gemeindebuechereikastl.de\/index.php?rest_route=%2Fwp%2Fv2%2Ftags&post=2433"}],"curies":[{"name":"wp","href":"https:\/\/api.w.org\/{rel}","templated":true}]}}