{"id":2442,"date":"2021-11-24T17:47:50","date_gmt":"2021-11-24T17:47:50","guid":{"rendered":"https:\/\/gemeindebuechereikastl.de\/?p=2442"},"modified":"2021-11-24T17:47:50","modified_gmt":"2021-11-24T17:47:50","slug":"2g-regelung-auch-fuer-buechereien","status":"publish","type":"post","link":"https:\/\/gemeindebuechereikastl.de\/?p=2442","title":{"rendered":"2G-Regelung auch f\u00fcr B\u00fcchereien"},"content":{"rendered":"<h2 style=\"text-align: center;\"><strong><span style=\"color: #ff6600;\">Ab 24. November bis 15. Dezember versch\u00e4rfte Corona-Ma\u00dfnahmen f\u00fcr den B\u00fcchereibetrieb<\/span><br \/>\n<span style=\"color: #ff0000;\">&#8211; B\u00fcchereibesuch nur mit der 2G-Regel m\u00f6glich &#8211;<\/span><br \/>\n<\/strong><\/h2>\n<p>Die 2G-Regelung wird fl\u00e4chendeckend ausgeweitet und gilt daher k\u00fcnftig auch f\u00fcr den regul\u00e4ren Bibliotheksbetrieb.<img loading=\"lazy\" decoding=\"async\" class=\"wp-image-2443 size-full alignleft\" src=\"https:\/\/gemeindebuechereikastl.de\/wp-content\/uploads\/2021\/11\/2g-regeln-1-002.webp\" alt=\"\" width=\"366\" height=\"508\" \/><\/p>\n<p>Statt der medizinischen Maske muss im Innenraum wieder eine <b>FFP2-Maske <\/b>getragen werden. Kinder bis zum sechsten Geburtstag sind von der Maskenpflicht befreit. Kinder und Jugendliche zwischen dem sechsten und 16. Geburtstag m\u00fcssen zumindest eine medizinische Maske tragen.<\/p>\n<h4>Was hei\u00dft 2G<\/h4>\n<p>2G bedeutet geimpft oder genesen. Als geimpft gelten Personen, bei denen die abschlie\u00dfende Impfung mindestens zwei Wochen zur\u00fcckliegt. Als genesen gelten Personen, bei denen die Corona-Infektion mit einem PCR-Test festgestellt wurde. Dieses Testergebnis muss mindestens 28 Tage alt sein und darf aber nicht l\u00e4nger als sechs Monate zur\u00fcckliegen.<\/p>\n<p><img loading=\"lazy\" decoding=\"async\" class=\"wp-image-2350 alignright\" src=\"https:\/\/gemeindebuechereikastl.de\/wp-content\/uploads\/2021\/10\/covid-300x201.jpg\" alt=\"\" width=\"207\" height=\"139\" srcset=\"https:\/\/gemeindebuechereikastl.de\/wp-content\/uploads\/2021\/10\/covid-300x201.jpg 300w, https:\/\/gemeindebuechereikastl.de\/wp-content\/uploads\/2021\/10\/covid-1603x1072.jpg 1603w, https:\/\/gemeindebuechereikastl.de\/wp-content\/uploads\/2021\/10\/covid-768x514.jpg 768w, https:\/\/gemeindebuechereikastl.de\/wp-content\/uploads\/2021\/10\/covid-1536x1027.jpg 1536w, https:\/\/gemeindebuechereikastl.de\/wp-content\/uploads\/2021\/10\/covid-750x502.jpg 750w, https:\/\/gemeindebuechereikastl.de\/wp-content\/uploads\/2021\/10\/covid.jpg 1920w\" sizes=\"auto, (max-width: 207px) 100vw, 207px\" \/><b>Ausgenommen<\/b> von der 2G-Regel sind Kinder unter zw\u00f6lf Jahren, f\u00fcr die in Europa noch kein Corona-Impfstoff zugelassen ist. Auch Menschen, die sich aus medizinischen Gr\u00fcnden nicht impfen lassen k\u00f6nnen, sind von der Regel ausgenommen. Sie ben\u00f6tigen f\u00fcr den Zutritt zu 2G-Bereichen ein \u00e4rztliches Attest und einen negativen PCR-Test.<\/p>\n","protected":false},"excerpt":{"rendered":"<p>Ab 24. November bis 15. Dezember versch\u00e4rfte Corona-Ma\u00dfnahmen f\u00fcr den B\u00fcchereibetrieb &#8211; B\u00fcchereibesuch nur mit der 2G-Regel m\u00f6glich &#8211; Die 2G-Regelung wird fl\u00e4chendeckend ausgeweitet und gilt daher k\u00fcnftig auch f\u00fcr den regul\u00e4ren Bibliotheksbetrieb. Statt der medizinischen Maske muss im Innenraum wieder eine FFP2-Maske getragen werden. Kinder bis zum sechsten Geburtstag sind von der Maskenpflicht befreit. &hellip; <\/p>\n<p><a class=\"more-link btn\" href=\"https:\/\/gemeindebuechereikastl.de\/?p=2442\">Weiterlesen<\/a><\/p>\n","protected":false},"author":1,"featured_media":2444,"comment_status":"closed","ping_status":"closed","sticky":false,"template":"","format":"standard","meta":{"footnotes":""},"categories":[1],"tags":[285,280,213],"class_list":["post-2442","post","type-post","status-publish","format-standard","has-post-thumbnail","hentry","category-team","tag-2g","tag-buechereibesuch","tag-corona","item-wrap"],"_links":{"self":[{"href":"https:\/\/gemeindebuechereikastl.de\/index.php?rest_route=\/wp\/v2\/posts\/2442","targetHints":{"allow":["GET"]}}],"collection":[{"href":"https:\/\/gemeindebuechereikastl.de\/index.php?rest_route=\/wp\/v2\/posts"}],"about":[{"href":"https:\/\/gemeindebuechereikastl.de\/index.php?rest_route=\/wp\/v2\/types\/post"}],"author":[{"embeddable":true,"href":"https:\/\/gemeindebuechereikastl.de\/index.php?rest_route=\/wp\/v2\/users\/1"}],"replies":[{"embeddable":true,"href":"https:\/\/gemeindebuechereikastl.de\/index.php?rest_route=%2Fwp%2Fv2%2Fcomments&post=2442"}],"version-history":[{"count":1,"href":"https:\/\/gemeindebuechereikastl.de\/index.php?rest_route=\/wp\/v2\/posts\/2442\/revisions"}],"predecessor-version":[{"id":2445,"href":"https:\/\/gemeindebuechereikastl.de\/index.php?rest_route=\/wp\/v2\/posts\/2442\/revisions\/2445"}],"wp:featuredmedia":[{"embeddable":true,"href":"https:\/\/gemeindebuechereikastl.de\/index.php?rest_route=\/wp\/v2\/media\/2444"}],"wp:attachment":[{"href":"https:\/\/gemeindebuechereikastl.de\/index.php?rest_route=%2Fwp%2Fv2%2Fmedia&parent=2442"}],"wp:term":[{"taxonomy":"category","embeddable":true,"href":"https:\/\/gemeindebuechereikastl.de\/index.php?rest_route=%2Fwp%2Fv2%2Fcategories&post=2442"},{"taxonomy":"post_tag","embeddable":true,"href":"https:\/\/gemeindebuechereikastl.de\/index.php?rest_route=%2Fwp%2Fv2%2Ftags&post=2442"}],"curies":[{"name":"wp","href":"https:\/\/api.w.org\/{rel}","templated":true}]}}