{"id":2448,"date":"2021-11-29T15:41:24","date_gmt":"2021-11-29T15:41:24","guid":{"rendered":"https:\/\/gemeindebuechereikastl.de\/?p=2448"},"modified":"2021-11-29T15:53:25","modified_gmt":"2021-11-29T15:53:25","slug":"grosse-auswahl-an-buechern-zur-advents-und-weihnachtszeit","status":"publish","type":"post","link":"https:\/\/gemeindebuechereikastl.de\/?p=2448","title":{"rendered":"Gro\u00dfe Auswahl an B\u00fcchern zur Advents- und Weihnachtszeit"},"content":{"rendered":"<h2 style=\"text-align: center;\"><strong><span style=\"color: #ff6600;\">Diverse B\u00fccher, H\u00f6rspiele, DVDs zu Advent und Weihnachten <\/span><\/strong><strong><span style=\"color: #ff6600;\">stellt das Team mit zwei Thementische im <img loading=\"lazy\" decoding=\"async\" class=\"alignleft wp-image-2450 \" src=\"https:\/\/gemeindebuechereikastl.de\/wp-content\/uploads\/2021\/11\/Weihnachten-1-709x1206.jpg\" alt=\"\" width=\"316\" height=\"538\" srcset=\"https:\/\/gemeindebuechereikastl.de\/wp-content\/uploads\/2021\/11\/Weihnachten-1-709x1206.jpg 709w, https:\/\/gemeindebuechereikastl.de\/wp-content\/uploads\/2021\/11\/Weihnachten-1-176x300.jpg 176w, https:\/\/gemeindebuechereikastl.de\/wp-content\/uploads\/2021\/11\/Weihnachten-1-768x1306.jpg 768w, https:\/\/gemeindebuechereikastl.de\/wp-content\/uploads\/2021\/11\/Weihnachten-1-903x1536.jpg 903w, https:\/\/gemeindebuechereikastl.de\/wp-content\/uploads\/2021\/11\/Weihnachten-1-1204x2048.jpg 1204w, https:\/\/gemeindebuechereikastl.de\/wp-content\/uploads\/2021\/11\/Weihnachten-1-750x1275.jpg 750w, https:\/\/gemeindebuechereikastl.de\/wp-content\/uploads\/2021\/11\/Weihnachten-1-scaled.jpg 1505w\" sizes=\"auto, (max-width: 316px) 100vw, 316px\" \/>Erdgeschoss f\u00fcr Kinder und <\/span><\/strong><strong><span style=\"color: #ff6600;\">im Obergeschoss f\u00fcr Jugendliche und Erwachsene\u00a0<\/span><\/strong><strong><span style=\"color: #ff6600;\"> eine kleine Auswahl zum Ausleihen zur Verf\u00fcgung.<\/span> <\/strong><\/h2>\n<p>Auf den ersten Blick erscheint es nicht unbedingt originell, was ich das Team der Gemeindeb\u00fccherei Kastl f\u00fcr ihren Thementisch im Dezember ausgedacht hat: Weihnachten, das Fest der Liebe! Umso erstaunlicher ist die Vielfalt, die den Lesern unter diesem Motto geboten wird.<\/p>\n<p>Da liegen stimmungsvolle Romane bereit, um an langen Winterabenden das Herz zu erw\u00e4rmen. Hinzu kommen Sachb\u00fccher, die dem unersch\u00f6pflichen Thema aus den <img loading=\"lazy\" decoding=\"async\" class=\"wp-image-2449 alignright\" src=\"https:\/\/gemeindebuechereikastl.de\/wp-content\/uploads\/2021\/11\/Weihanchten-2-1603x1156.jpg\" alt=\"\" width=\"387\" height=\"279\" srcset=\"https:\/\/gemeindebuechereikastl.de\/wp-content\/uploads\/2021\/11\/Weihanchten-2-1603x1156.jpg 1603w, https:\/\/gemeindebuechereikastl.de\/wp-content\/uploads\/2021\/11\/Weihanchten-2-300x216.jpg 300w, https:\/\/gemeindebuechereikastl.de\/wp-content\/uploads\/2021\/11\/Weihanchten-2-768x554.jpg 768w, https:\/\/gemeindebuechereikastl.de\/wp-content\/uploads\/2021\/11\/Weihanchten-2-1536x1108.jpg 1536w, https:\/\/gemeindebuechereikastl.de\/wp-content\/uploads\/2021\/11\/Weihanchten-2-2048x1477.jpg 2048w, https:\/\/gemeindebuechereikastl.de\/wp-content\/uploads\/2021\/11\/Weihanchten-2-750x541.jpg 750w\" sizes=\"auto, (max-width: 387px) 100vw, 387px\" \/>verschiedensten Blickwinkeln auf den Grund gehen. Und auch die die Einsamkeit ist nicht vergessen, setzt doch gerade zur Weihnachtszeit das Alleinsein manchen besonders heftig zu.<\/p>\n<p>Unsere Buchempfehlungen wollen Sie dabei intensiv begleiten: mit besinnlicher, die Weihnachtsbotschaft \u00fcberbringender Lekt\u00fcre zur Advents- und Weihnachtszeit, mit kreativen Gestaltungsvorschl\u00e4gen f\u00fcr ein festliches Zuhause usw.<\/p>\n<p style=\"text-align: center;\"><span style=\"color: #ff6600;\"><strong><span style=\"color: #ff6600;\">Weiteren interessanten Lesestoff zu<\/span> <span style=\"color: #ff0000;\">&#8222;Advent\u201c und \u201eWeihnachten\u201c<\/span> <span style=\"color: #ff6600;\">findet man auch noch in unserem<\/span> <a style=\"color: #ff6600;\" href=\"https:\/\/iopac.gemeindebuechereikastl.de\/iopac\/\"><span style=\"color: #ff0000;\">ONLINE-KATALOG<\/span><\/a><span style=\"color: #ff0000;\">\u00a0 <span style=\"color: #ff6600;\">oder bei einem <span style=\"color: #ff0000;\">Besuch<\/span><\/span> in der B\u00fccherei.<\/span><br \/>\n<\/strong><\/span><\/p>\n","protected":false},"excerpt":{"rendered":"<p>Diverse B\u00fccher, H\u00f6rspiele, DVDs zu Advent und Weihnachten stellt das Team mit zwei Thementische im Erdgeschoss f\u00fcr Kinder und im Obergeschoss f\u00fcr Jugendliche und Erwachsene\u00a0 eine kleine Auswahl zum Ausleihen zur Verf\u00fcgung. Auf den ersten Blick erscheint es nicht unbedingt originell, was ich das Team der Gemeindeb\u00fccherei Kastl f\u00fcr ihren Thementisch im Dezember ausgedacht hat: &hellip; <\/p>\n<p><a class=\"more-link btn\" href=\"https:\/\/gemeindebuechereikastl.de\/?p=2448\">Weiterlesen<\/a><\/p>\n","protected":false},"author":1,"featured_media":2449,"comment_status":"closed","ping_status":"closed","sticky":false,"template":"","format":"standard","meta":{"footnotes":""},"categories":[5],"tags":[286,194,138],"class_list":["post-2448","post","type-post","status-publish","format-standard","has-post-thumbnail","hentry","category-news","tag-advent","tag-buchausstellung","tag-weihnachten","item-wrap"],"_links":{"self":[{"href":"https:\/\/gemeindebuechereikastl.de\/index.php?rest_route=\/wp\/v2\/posts\/2448","targetHints":{"allow":["GET"]}}],"collection":[{"href":"https:\/\/gemeindebuechereikastl.de\/index.php?rest_route=\/wp\/v2\/posts"}],"about":[{"href":"https:\/\/gemeindebuechereikastl.de\/index.php?rest_route=\/wp\/v2\/types\/post"}],"author":[{"embeddable":true,"href":"https:\/\/gemeindebuechereikastl.de\/index.php?rest_route=\/wp\/v2\/users\/1"}],"replies":[{"embeddable":true,"href":"https:\/\/gemeindebuechereikastl.de\/index.php?rest_route=%2Fwp%2Fv2%2Fcomments&post=2448"}],"version-history":[{"count":8,"href":"https:\/\/gemeindebuechereikastl.de\/index.php?rest_route=\/wp\/v2\/posts\/2448\/revisions"}],"predecessor-version":[{"id":2458,"href":"https:\/\/gemeindebuechereikastl.de\/index.php?rest_route=\/wp\/v2\/posts\/2448\/revisions\/2458"}],"wp:featuredmedia":[{"embeddable":true,"href":"https:\/\/gemeindebuechereikastl.de\/index.php?rest_route=\/wp\/v2\/media\/2449"}],"wp:attachment":[{"href":"https:\/\/gemeindebuechereikastl.de\/index.php?rest_route=%2Fwp%2Fv2%2Fmedia&parent=2448"}],"wp:term":[{"taxonomy":"category","embeddable":true,"href":"https:\/\/gemeindebuechereikastl.de\/index.php?rest_route=%2Fwp%2Fv2%2Fcategories&post=2448"},{"taxonomy":"post_tag","embeddable":true,"href":"https:\/\/gemeindebuechereikastl.de\/index.php?rest_route=%2Fwp%2Fv2%2Ftags&post=2448"}],"curies":[{"name":"wp","href":"https:\/\/api.w.org\/{rel}","templated":true}]}}