{"id":2459,"date":"2021-12-01T18:44:49","date_gmt":"2021-12-01T18:44:49","guid":{"rendered":"https:\/\/gemeindebuechereikastl.de\/?p=2459"},"modified":"2021-12-01T18:51:22","modified_gmt":"2021-12-01T18:51:22","slug":"adventskalender-fuer-kinder-in-der-buecherei","status":"publish","type":"post","link":"https:\/\/gemeindebuechereikastl.de\/?p=2459","title":{"rendered":"Adventskalender f\u00fcr Kinder in der B\u00fccherei"},"content":{"rendered":"<h2 style=\"text-align: center;\"><span style=\"color: #ff6600;\"><strong>W\u00e4hrend der gesamten Adventzeit wartet wieder ein <img loading=\"lazy\" decoding=\"async\" class=\"alignleft wp-image-2460\" src=\"https:\/\/gemeindebuechereikastl.de\/wp-content\/uploads\/2021\/12\/Adventskalender-2021-169x300.jpg\" alt=\"\" width=\"225\" height=\"399\" srcset=\"https:\/\/gemeindebuechereikastl.de\/wp-content\/uploads\/2021\/12\/Adventskalender-2021-169x300.jpg 169w, https:\/\/gemeindebuechereikastl.de\/wp-content\/uploads\/2021\/12\/Adventskalender-2021-679x1206.jpg 679w, https:\/\/gemeindebuechereikastl.de\/wp-content\/uploads\/2021\/12\/Adventskalender-2021-768x1364.jpg 768w, https:\/\/gemeindebuechereikastl.de\/wp-content\/uploads\/2021\/12\/Adventskalender-2021-865x1536.jpg 865w, https:\/\/gemeindebuechereikastl.de\/wp-content\/uploads\/2021\/12\/Adventskalender-2021-1153x2048.jpg 1153w, https:\/\/gemeindebuechereikastl.de\/wp-content\/uploads\/2021\/12\/Adventskalender-2021-750x1332.jpg 750w, https:\/\/gemeindebuechereikastl.de\/wp-content\/uploads\/2021\/12\/Adventskalender-2021-scaled.jpg 1441w\" sizes=\"auto, (max-width: 225px) 100vw, 225px\" \/>Minibuch \u2013 <\/strong><strong>Adventskalender f\u00fcr alle\u00a0 Kinder\u00a0<\/strong><\/span><strong style=\"font-family: inherit; color: #ff6600;\"><span style=\"color: #ff6600;\">i<\/span>n der B\u00fccherei<\/strong><\/h2>\n<p>&nbsp;<\/p>\n<p>F\u00fcr alle Kinder, die in der Adventszeit in die B\u00fccherei kommen gibt es wieder eine kleine \u00dcberraschung in Form eines Minibuch \u2013 Adventskalenders. Wie in den letzten Jahren auch, wartet in diesem Jahr ebenfalls wieder ein Minibuch \u2013 Adventskalender f\u00fcr die Kinder zum \u00d6ffnen in der B\u00fccherei<\/p>\n<p>Jeweils die ersten Kinder, die zu den \u00d6ffnungszeiten in die Gemeindeb\u00fccherei kommen, d\u00fcrfen jeweils ein Fernster des Adventskalenders \u00f6ffnen und das darin enthaltene Minibuch mit nach Hause nehmen. Am Dienstag und Donnerstag d\u00fcrfen die ersten beiden Kinder, die in die B\u00fccherei kommen jeweils ein T\u00fcrchen \u00f6ffnen und die B\u00fcchlein mitnehmen, am Sonntag sind es dann die drei ersten Kinder.<\/p>\n","protected":false},"excerpt":{"rendered":"<p>W\u00e4hrend der gesamten Adventzeit wartet wieder ein Minibuch \u2013 Adventskalender f\u00fcr alle\u00a0 Kinder\u00a0in der B\u00fccherei &nbsp; F\u00fcr alle Kinder, die in der Adventszeit in die B\u00fccherei kommen gibt es wieder eine kleine \u00dcberraschung in Form eines Minibuch \u2013 Adventskalenders. Wie in den letzten Jahren auch, wartet in diesem Jahr ebenfalls wieder ein Minibuch \u2013 Adventskalender &hellip; <\/p>\n<p><a class=\"more-link btn\" href=\"https:\/\/gemeindebuechereikastl.de\/?p=2459\">Weiterlesen<\/a><\/p>\n","protected":false},"author":1,"featured_media":2460,"comment_status":"closed","ping_status":"closed","sticky":false,"template":"","format":"standard","meta":{"footnotes":""},"categories":[5],"tags":[286,91,287],"class_list":["post-2459","post","type-post","status-publish","format-standard","has-post-thumbnail","hentry","category-news","tag-advent","tag-adventskalender","tag-minibuecher","item-wrap"],"_links":{"self":[{"href":"https:\/\/gemeindebuechereikastl.de\/index.php?rest_route=\/wp\/v2\/posts\/2459","targetHints":{"allow":["GET"]}}],"collection":[{"href":"https:\/\/gemeindebuechereikastl.de\/index.php?rest_route=\/wp\/v2\/posts"}],"about":[{"href":"https:\/\/gemeindebuechereikastl.de\/index.php?rest_route=\/wp\/v2\/types\/post"}],"author":[{"embeddable":true,"href":"https:\/\/gemeindebuechereikastl.de\/index.php?rest_route=\/wp\/v2\/users\/1"}],"replies":[{"embeddable":true,"href":"https:\/\/gemeindebuechereikastl.de\/index.php?rest_route=%2Fwp%2Fv2%2Fcomments&post=2459"}],"version-history":[{"count":5,"href":"https:\/\/gemeindebuechereikastl.de\/index.php?rest_route=\/wp\/v2\/posts\/2459\/revisions"}],"predecessor-version":[{"id":2465,"href":"https:\/\/gemeindebuechereikastl.de\/index.php?rest_route=\/wp\/v2\/posts\/2459\/revisions\/2465"}],"wp:featuredmedia":[{"embeddable":true,"href":"https:\/\/gemeindebuechereikastl.de\/index.php?rest_route=\/wp\/v2\/media\/2460"}],"wp:attachment":[{"href":"https:\/\/gemeindebuechereikastl.de\/index.php?rest_route=%2Fwp%2Fv2%2Fmedia&parent=2459"}],"wp:term":[{"taxonomy":"category","embeddable":true,"href":"https:\/\/gemeindebuechereikastl.de\/index.php?rest_route=%2Fwp%2Fv2%2Fcategories&post=2459"},{"taxonomy":"post_tag","embeddable":true,"href":"https:\/\/gemeindebuechereikastl.de\/index.php?rest_route=%2Fwp%2Fv2%2Ftags&post=2459"}],"curies":[{"name":"wp","href":"https:\/\/api.w.org\/{rel}","templated":true}]}}