{"id":2467,"date":"2021-12-10T14:42:46","date_gmt":"2021-12-10T14:42:46","guid":{"rendered":"https:\/\/gemeindebuechereikastl.de\/?p=2467"},"modified":"2021-12-10T14:55:16","modified_gmt":"2021-12-10T14:55:16","slug":"buechereiteam-gestaltet-adventsfenster-am-freitag-17-dezember","status":"publish","type":"post","link":"https:\/\/gemeindebuechereikastl.de\/?p=2467","title":{"rendered":"B\u00fcchereiteam gestaltet Adventsfenster der Pfarrei am Freitag, 17. Dezember"},"content":{"rendered":"<h2 style=\"text-align: center;\"><span style=\"color: #ff6600;\"><strong>Am Freitag, 17. Dezember um 17.30 Uhr wird das vierte <\/strong><\/span><strong style=\"color: #ff6600; font-family: inherit;\">\u00a0Adventsfenster an der B\u00fccherei <\/strong><strong style=\"color: #ff6600; font-family: inherit;\">er\u00f6ffnet<\/strong><\/h2>\n<h2 style=\"text-align: center;\"><img loading=\"lazy\" decoding=\"async\" class=\"wp-image-2468 alignleft\" style=\"font-size: 16px; margin-top: 6px;\" src=\"https:\/\/gemeindebuechereikastl.de\/wp-content\/uploads\/2021\/12\/Adventsfenster-Plakat-2021-869x1206.jpg\" alt=\"\" width=\"431\" height=\"599\" srcset=\"https:\/\/gemeindebuechereikastl.de\/wp-content\/uploads\/2021\/12\/Adventsfenster-Plakat-2021-869x1206.jpg 869w, https:\/\/gemeindebuechereikastl.de\/wp-content\/uploads\/2021\/12\/Adventsfenster-Plakat-2021-216x300.jpg 216w, https:\/\/gemeindebuechereikastl.de\/wp-content\/uploads\/2021\/12\/Adventsfenster-Plakat-2021-768x1066.jpg 768w, https:\/\/gemeindebuechereikastl.de\/wp-content\/uploads\/2021\/12\/Adventsfenster-Plakat-2021-750x1041.jpg 750w, https:\/\/gemeindebuechereikastl.de\/wp-content\/uploads\/2021\/12\/Adventsfenster-Plakat-2021.jpg 1061w\" sizes=\"auto, (max-width: 431px) 100vw, 431px\" \/><\/h2>\n<p>Vier liebevoll gestaltete Fenster erwarten Sie\u00a0 in der Adventszeit, jeweils freitags ab 17.30 Uhr in der Pfarrei Kastl. Hier kann man einer kurzen Geschichte lauschen.<br \/>\nUm 17.45 wird es passend dazu in der Marktkirche oder in der Pfarrkirche eine Meditation dazu geben, bevor ein Gotteseinst gefeiert wird.<\/p>\n<p>Das erste Fenster wurde am Donnerstag,<br \/>\n25. November bei der Adventkranzweihe im Jugendheim er\u00f6ffnet.<br \/>\nDas zweite Fenster am Freitag, 3. Dezember bei der Gesundheitspraxis Klatt und das dritte Fenster am Freitag, 10. Dezember beim Kindergarten.<\/p>\n<p><strong>Das vierte und letzte Fenster wird am Freitag, 17. Dezember um 17.30 Uhr in der Pfarr- und Gemeinb\u00fccherei er\u00f6ffnet. Das Team ist schon mit den Vorbereitungen besch\u00e4ftigt und freut sich auf viele Bewunderer.<\/strong><\/p>\n","protected":false},"excerpt":{"rendered":"<p>Am Freitag, 17. Dezember um 17.30 Uhr wird das vierte \u00a0Adventsfenster an der B\u00fccherei er\u00f6ffnet Vier liebevoll gestaltete Fenster erwarten Sie\u00a0 in der Adventszeit, jeweils freitags ab 17.30 Uhr in der Pfarrei Kastl. Hier kann man einer kurzen Geschichte lauschen. Um 17.45 wird es passend dazu in der Marktkirche oder in der Pfarrkirche eine Meditation &hellip; <\/p>\n<p><a class=\"more-link btn\" href=\"https:\/\/gemeindebuechereikastl.de\/?p=2467\">Weiterlesen<\/a><\/p>\n","protected":false},"author":1,"featured_media":2474,"comment_status":"closed","ping_status":"closed","sticky":false,"template":"","format":"standard","meta":{"footnotes":""},"categories":[5],"tags":[286,288,289,138],"class_list":["post-2467","post","type-post","status-publish","format-standard","has-post-thumbnail","hentry","category-news","tag-advent","tag-adventsfenster","tag-fenster","tag-weihnachten","item-wrap"],"_links":{"self":[{"href":"https:\/\/gemeindebuechereikastl.de\/index.php?rest_route=\/wp\/v2\/posts\/2467","targetHints":{"allow":["GET"]}}],"collection":[{"href":"https:\/\/gemeindebuechereikastl.de\/index.php?rest_route=\/wp\/v2\/posts"}],"about":[{"href":"https:\/\/gemeindebuechereikastl.de\/index.php?rest_route=\/wp\/v2\/types\/post"}],"author":[{"embeddable":true,"href":"https:\/\/gemeindebuechereikastl.de\/index.php?rest_route=\/wp\/v2\/users\/1"}],"replies":[{"embeddable":true,"href":"https:\/\/gemeindebuechereikastl.de\/index.php?rest_route=%2Fwp%2Fv2%2Fcomments&post=2467"}],"version-history":[{"count":5,"href":"https:\/\/gemeindebuechereikastl.de\/index.php?rest_route=\/wp\/v2\/posts\/2467\/revisions"}],"predecessor-version":[{"id":2476,"href":"https:\/\/gemeindebuechereikastl.de\/index.php?rest_route=\/wp\/v2\/posts\/2467\/revisions\/2476"}],"wp:featuredmedia":[{"embeddable":true,"href":"https:\/\/gemeindebuechereikastl.de\/index.php?rest_route=\/wp\/v2\/media\/2474"}],"wp:attachment":[{"href":"https:\/\/gemeindebuechereikastl.de\/index.php?rest_route=%2Fwp%2Fv2%2Fmedia&parent=2467"}],"wp:term":[{"taxonomy":"category","embeddable":true,"href":"https:\/\/gemeindebuechereikastl.de\/index.php?rest_route=%2Fwp%2Fv2%2Fcategories&post=2467"},{"taxonomy":"post_tag","embeddable":true,"href":"https:\/\/gemeindebuechereikastl.de\/index.php?rest_route=%2Fwp%2Fv2%2Ftags&post=2467"}],"curies":[{"name":"wp","href":"https:\/\/api.w.org\/{rel}","templated":true}]}}