{"id":2503,"date":"2021-12-23T13:25:15","date_gmt":"2021-12-23T13:25:15","guid":{"rendered":"https:\/\/gemeindebuechereikastl.de\/?p=2503"},"modified":"2021-12-23T18:49:31","modified_gmt":"2021-12-23T18:49:31","slug":"das-vierte-adventsfenster-wurde-am-17-dezember-in-der-buecherei-geoeffnet","status":"publish","type":"post","link":"https:\/\/gemeindebuechereikastl.de\/?p=2503","title":{"rendered":"Das vierte Adventsfenster der Pfarrei wurde am 17. Dezember in der B\u00fccherei ge\u00f6ffnet"},"content":{"rendered":"<h2 style=\"text-align: center;\"><span style=\"color: #ff6600;\"><strong><img loading=\"lazy\" decoding=\"async\" class=\" wp-image-2505 alignleft\" src=\"https:\/\/gemeindebuechereikastl.de\/wp-content\/uploads\/2021\/12\/20211217_172147-2-234x300.jpg\" alt=\"\" width=\"301\" height=\"385\" srcset=\"https:\/\/gemeindebuechereikastl.de\/wp-content\/uploads\/2021\/12\/20211217_172147-2-234x300.jpg 234w, https:\/\/gemeindebuechereikastl.de\/wp-content\/uploads\/2021\/12\/20211217_172147-2-943x1206.jpg 943w, https:\/\/gemeindebuechereikastl.de\/wp-content\/uploads\/2021\/12\/20211217_172147-2-768x983.jpg 768w, https:\/\/gemeindebuechereikastl.de\/wp-content\/uploads\/2021\/12\/20211217_172147-2-1201x1536.jpg 1201w, https:\/\/gemeindebuechereikastl.de\/wp-content\/uploads\/2021\/12\/20211217_172147-2-1601x2048.jpg 1601w, https:\/\/gemeindebuechereikastl.de\/wp-content\/uploads\/2021\/12\/20211217_172147-2-750x959.jpg 750w, https:\/\/gemeindebuechereikastl.de\/wp-content\/uploads\/2021\/12\/20211217_172147-2-scaled.jpg 2001w\" sizes=\"auto, (max-width: 301px) 100vw, 301px\" \/><\/strong><\/span><\/h2>\n<h2 style=\"text-align: center;\"><span style=\"color: #ff6600;\"><strong><br \/>\nIn der Gemeindeb\u00fccherei wurde das letzte und vierte Adventsfenster der Pfarrei Kastl vor dem 4. Advent ge\u00f6ffnet<\/strong><\/span><\/h2>\n<p>Am Freitag vor dem 4. Advent wurde das vierte Adventsfenster der Pfarrei Kastl in der Gemeindeb\u00fccherei Kastl er\u00f6ffnet. Die Damen vom Team hatten die wunderbare Idee einen Christbaum mit B\u00fcchern zu gestalten und daraus wurde ein herrlicher B\u00fccher-, Weihnachtsbaum.<\/p>\n<p><img loading=\"lazy\" decoding=\"async\" class=\"alignright wp-image-2523 \" src=\"https:\/\/gemeindebuechereikastl.de\/wp-content\/uploads\/2021\/12\/20211217_173953-905x1206.jpg\" alt=\"\" width=\"397\" height=\"529\" srcset=\"https:\/\/gemeindebuechereikastl.de\/wp-content\/uploads\/2021\/12\/20211217_173953-905x1206.jpg 905w, https:\/\/gemeindebuechereikastl.de\/wp-content\/uploads\/2021\/12\/20211217_173953-225x300.jpg 225w, https:\/\/gemeindebuechereikastl.de\/wp-content\/uploads\/2021\/12\/20211217_173953-768x1024.jpg 768w, https:\/\/gemeindebuechereikastl.de\/wp-content\/uploads\/2021\/12\/20211217_173953-1152x1536.jpg 1152w, https:\/\/gemeindebuechereikastl.de\/wp-content\/uploads\/2021\/12\/20211217_173953-1536x2048.jpg 1536w, https:\/\/gemeindebuechereikastl.de\/wp-content\/uploads\/2021\/12\/20211217_173953-750x1000.jpg 750w, https:\/\/gemeindebuechereikastl.de\/wp-content\/uploads\/2021\/12\/20211217_173953-scaled.jpg 1920w\" sizes=\"auto, (max-width: 397px) 100vw, 397px\" \/><\/p>\n<p>Ebenfalls waren die Fenster mit Sternen und Engel verziert, so dass dieser von den Besuchern bei der Er\u00f6ffnung des vierten und letzten Adventsfenster gro\u00dfes Lob bekam.<\/p>\n<p>Zu Beginn des Abends begr\u00fc\u00dfte die Pfarrgemeinderatsvorsitzende Theresia Otterbein alle Anwesenden und dankte dem B\u00fcchereiteam f\u00fcr die tolle Gestaltung des viertens Adventsfensters.<\/p>\n<p>&nbsp;<\/p>\n<h3 style=\"text-align: center;\"><span style=\"color: #ff0000;\"><strong>Das Adventsfenster in der Gemeindeb\u00fccherei kann<br \/>\n<\/strong><\/span><span style=\"color: #ff0000;\"><strong>noch bis zum 6. Januar 2022 bestaunt werden.<\/strong><\/span><\/h3>\n<p>&nbsp;<\/p>\n<p><img loading=\"lazy\" decoding=\"async\" class=\"aligncenter wp-image-2504 size-large\" src=\"https:\/\/gemeindebuechereikastl.de\/wp-content\/uploads\/2021\/12\/20211217_172026-2-1603x1077.jpg\" alt=\"\" width=\"750\" height=\"504\" srcset=\"https:\/\/gemeindebuechereikastl.de\/wp-content\/uploads\/2021\/12\/20211217_172026-2-1603x1077.jpg 1603w, https:\/\/gemeindebuechereikastl.de\/wp-content\/uploads\/2021\/12\/20211217_172026-2-300x202.jpg 300w, https:\/\/gemeindebuechereikastl.de\/wp-content\/uploads\/2021\/12\/20211217_172026-2-768x516.jpg 768w, https:\/\/gemeindebuechereikastl.de\/wp-content\/uploads\/2021\/12\/20211217_172026-2-1536x1032.jpg 1536w, https:\/\/gemeindebuechereikastl.de\/wp-content\/uploads\/2021\/12\/20211217_172026-2-2048x1376.jpg 2048w, https:\/\/gemeindebuechereikastl.de\/wp-content\/uploads\/2021\/12\/20211217_172026-2-750x504.jpg 750w\" sizes=\"auto, (max-width: 750px) 100vw, 750px\" \/><\/p>\n<p><img loading=\"lazy\" decoding=\"async\" class=\"aligncenter wp-image-2506 size-large\" src=\"https:\/\/gemeindebuechereikastl.de\/wp-content\/uploads\/2021\/12\/20211217_172618-1603x1202.jpg\" alt=\"\" width=\"750\" height=\"562\" srcset=\"https:\/\/gemeindebuechereikastl.de\/wp-content\/uploads\/2021\/12\/20211217_172618-1603x1202.jpg 1603w, https:\/\/gemeindebuechereikastl.de\/wp-content\/uploads\/2021\/12\/20211217_172618-300x225.jpg 300w, https:\/\/gemeindebuechereikastl.de\/wp-content\/uploads\/2021\/12\/20211217_172618-768x576.jpg 768w, https:\/\/gemeindebuechereikastl.de\/wp-content\/uploads\/2021\/12\/20211217_172618-1536x1152.jpg 1536w, https:\/\/gemeindebuechereikastl.de\/wp-content\/uploads\/2021\/12\/20211217_172618-2048x1536.jpg 2048w, https:\/\/gemeindebuechereikastl.de\/wp-content\/uploads\/2021\/12\/20211217_172618-750x563.jpg 750w\" sizes=\"auto, (max-width: 750px) 100vw, 750px\" \/> <img loading=\"lazy\" decoding=\"async\" class=\"aligncenter wp-image-2507 size-large\" src=\"https:\/\/gemeindebuechereikastl.de\/wp-content\/uploads\/2021\/12\/20211217_173036-1603x1202.jpg\" alt=\"\" width=\"750\" height=\"562\" srcset=\"https:\/\/gemeindebuechereikastl.de\/wp-content\/uploads\/2021\/12\/20211217_173036-1603x1202.jpg 1603w, https:\/\/gemeindebuechereikastl.de\/wp-content\/uploads\/2021\/12\/20211217_173036-300x225.jpg 300w, https:\/\/gemeindebuechereikastl.de\/wp-content\/uploads\/2021\/12\/20211217_173036-768x576.jpg 768w, https:\/\/gemeindebuechereikastl.de\/wp-content\/uploads\/2021\/12\/20211217_173036-1536x1152.jpg 1536w, https:\/\/gemeindebuechereikastl.de\/wp-content\/uploads\/2021\/12\/20211217_173036-2048x1536.jpg 2048w, https:\/\/gemeindebuechereikastl.de\/wp-content\/uploads\/2021\/12\/20211217_173036-750x563.jpg 750w\" sizes=\"auto, (max-width: 750px) 100vw, 750px\" \/><\/p>\n","protected":false},"excerpt":{"rendered":"<p>In der Gemeindeb\u00fccherei wurde das letzte und vierte Adventsfenster der Pfarrei Kastl vor dem 4. Advent ge\u00f6ffnet Am Freitag vor dem 4. Advent wurde das vierte Adventsfenster der Pfarrei Kastl in der Gemeindeb\u00fccherei Kastl er\u00f6ffnet. Die Damen vom Team hatten die wunderbare Idee einen Christbaum mit B\u00fcchern zu gestalten und daraus wurde ein herrlicher B\u00fccher-, &hellip; <\/p>\n<p><a class=\"more-link btn\" href=\"https:\/\/gemeindebuechereikastl.de\/?p=2503\">Weiterlesen<\/a><\/p>\n","protected":false},"author":1,"featured_media":2504,"comment_status":"closed","ping_status":"closed","sticky":false,"template":"","format":"standard","meta":{"footnotes":""},"categories":[5],"tags":[286,288],"class_list":["post-2503","post","type-post","status-publish","format-standard","has-post-thumbnail","hentry","category-news","tag-advent","tag-adventsfenster","item-wrap"],"_links":{"self":[{"href":"https:\/\/gemeindebuechereikastl.de\/index.php?rest_route=\/wp\/v2\/posts\/2503","targetHints":{"allow":["GET"]}}],"collection":[{"href":"https:\/\/gemeindebuechereikastl.de\/index.php?rest_route=\/wp\/v2\/posts"}],"about":[{"href":"https:\/\/gemeindebuechereikastl.de\/index.php?rest_route=\/wp\/v2\/types\/post"}],"author":[{"embeddable":true,"href":"https:\/\/gemeindebuechereikastl.de\/index.php?rest_route=\/wp\/v2\/users\/1"}],"replies":[{"embeddable":true,"href":"https:\/\/gemeindebuechereikastl.de\/index.php?rest_route=%2Fwp%2Fv2%2Fcomments&post=2503"}],"version-history":[{"count":7,"href":"https:\/\/gemeindebuechereikastl.de\/index.php?rest_route=\/wp\/v2\/posts\/2503\/revisions"}],"predecessor-version":[{"id":2530,"href":"https:\/\/gemeindebuechereikastl.de\/index.php?rest_route=\/wp\/v2\/posts\/2503\/revisions\/2530"}],"wp:featuredmedia":[{"embeddable":true,"href":"https:\/\/gemeindebuechereikastl.de\/index.php?rest_route=\/wp\/v2\/media\/2504"}],"wp:attachment":[{"href":"https:\/\/gemeindebuechereikastl.de\/index.php?rest_route=%2Fwp%2Fv2%2Fmedia&parent=2503"}],"wp:term":[{"taxonomy":"category","embeddable":true,"href":"https:\/\/gemeindebuechereikastl.de\/index.php?rest_route=%2Fwp%2Fv2%2Fcategories&post=2503"},{"taxonomy":"post_tag","embeddable":true,"href":"https:\/\/gemeindebuechereikastl.de\/index.php?rest_route=%2Fwp%2Fv2%2Ftags&post=2503"}],"curies":[{"name":"wp","href":"https:\/\/api.w.org\/{rel}","templated":true}]}}