{"id":2515,"date":"2021-12-23T14:06:40","date_gmt":"2021-12-23T14:06:40","guid":{"rendered":"https:\/\/gemeindebuechereikastl.de\/?p=2515"},"modified":"2021-12-23T14:17:40","modified_gmt":"2021-12-23T14:17:40","slug":"buechereiteam-wuenscht-allen-lesern-ein-frohes-und-gesegnetes-weihnachtsfest-und-ein-gutes-neues-jahr-2022","status":"publish","type":"post","link":"https:\/\/gemeindebuechereikastl.de\/?p=2515","title":{"rendered":"B\u00fcchereiteam w\u00fcnscht allen Lesern ein frohes und gesegnetes Weihnachtsfest und ein gutes neues Jahr 2022"},"content":{"rendered":"<h2 style=\"text-align: center;\"><span style=\"color: #ff6600;\"><strong>\u00d6FFNUNGSZEITEN \u00fcber die Weihnachtsfeiertage\u00a0<\/strong><\/span><\/h2>\n<p><img loading=\"lazy\" decoding=\"async\" class=\"aligncenter wp-image-2516 size-large\" src=\"https:\/\/gemeindebuechereikastl.de\/wp-content\/uploads\/2021\/12\/Weihnachtsoeffnung-1603x529.jpg\" alt=\"\" width=\"750\" height=\"248\" \/><\/p>\n<h4 style=\"text-align: center;\">Nach Hl. Drei K\u00f6nige, dem 6. Januar 2022\u00a0 ist das B\u00fcchereiteam zu den gewohnten \u00d6ffnungszeiten, am Sonntag von 10.00 bis 11.30 Uhr sowie Dienstag und Donnerstag von 17.00 bis 18.30 Uhr wieder f\u00fcr Sie da.<\/h4>\n<h2 style=\"text-align: center;\"><span style=\"color: #ff0000;\">&#8212;&#8212;&#8212;&#8212;&#8212;&#8212;&#8212;&#8212;&#8212;&#8212;&#8212;&#8212;&#8212;&#8212;&#8212;&#8212;&#8212;&#8212;&#8212;<\/span><\/h2>\n<h1 style=\"text-align: center;\"><span style=\"color: #ff0000;\"><strong><img loading=\"lazy\" decoding=\"async\" class=\"alignleft wp-image-2523 \" src=\"https:\/\/gemeindebuechereikastl.de\/wp-content\/uploads\/2021\/12\/20211217_173953-905x1206.jpg\" alt=\"\" width=\"347\" height=\"463\" srcset=\"https:\/\/gemeindebuechereikastl.de\/wp-content\/uploads\/2021\/12\/20211217_173953-905x1206.jpg 905w, https:\/\/gemeindebuechereikastl.de\/wp-content\/uploads\/2021\/12\/20211217_173953-225x300.jpg 225w, https:\/\/gemeindebuechereikastl.de\/wp-content\/uploads\/2021\/12\/20211217_173953-768x1024.jpg 768w, https:\/\/gemeindebuechereikastl.de\/wp-content\/uploads\/2021\/12\/20211217_173953-1152x1536.jpg 1152w, https:\/\/gemeindebuechereikastl.de\/wp-content\/uploads\/2021\/12\/20211217_173953-1536x2048.jpg 1536w, https:\/\/gemeindebuechereikastl.de\/wp-content\/uploads\/2021\/12\/20211217_173953-750x1000.jpg 750w, https:\/\/gemeindebuechereikastl.de\/wp-content\/uploads\/2021\/12\/20211217_173953-scaled.jpg 1920w\" sizes=\"auto, (max-width: 347px) 100vw, 347px\" \/>Das Team der Gemeindeb\u00fccherei w\u00fcnscht all Ihren Leserinnen und Lesern<br \/>\n&#8212;&#8212;&#8212;&#8212;&#8212;-<br \/>\n<\/strong><strong>Ein frohes und gesegnetes Weihnachtsfest und<br \/>\nein gutes<br \/>\nneues Jahr 2022<\/strong><\/span><\/h1>\n","protected":false},"excerpt":{"rendered":"<p>\u00d6FFNUNGSZEITEN \u00fcber die Weihnachtsfeiertage\u00a0 Nach Hl. Drei K\u00f6nige, dem 6. Januar 2022\u00a0 ist das B\u00fcchereiteam zu den gewohnten \u00d6ffnungszeiten, am Sonntag von 10.00 bis 11.30 Uhr sowie Dienstag und Donnerstag von 17.00 bis 18.30 Uhr wieder f\u00fcr Sie da. &#8212;&#8212;&#8212;&#8212;&#8212;&#8212;&#8212;&#8212;&#8212;&#8212;&#8212;&#8212;&#8212;&#8212;&#8212;&#8212;&#8212;&#8212;&#8212; Das Team der Gemeindeb\u00fccherei w\u00fcnscht all Ihren Leserinnen und Lesern &#8212;&#8212;&#8212;&#8212;&#8212;- Ein frohes und gesegnetes &hellip; <\/p>\n<p><a class=\"more-link btn\" href=\"https:\/\/gemeindebuechereikastl.de\/?p=2515\">Weiterlesen<\/a><\/p>\n","protected":false},"author":1,"featured_media":2520,"comment_status":"closed","ping_status":"closed","sticky":false,"template":"","format":"standard","meta":{"footnotes":""},"categories":[5],"tags":[214,138],"class_list":["post-2515","post","type-post","status-publish","format-standard","has-post-thumbnail","hentry","category-news","tag-neues-jahr","tag-weihnachten","item-wrap"],"_links":{"self":[{"href":"https:\/\/gemeindebuechereikastl.de\/index.php?rest_route=\/wp\/v2\/posts\/2515","targetHints":{"allow":["GET"]}}],"collection":[{"href":"https:\/\/gemeindebuechereikastl.de\/index.php?rest_route=\/wp\/v2\/posts"}],"about":[{"href":"https:\/\/gemeindebuechereikastl.de\/index.php?rest_route=\/wp\/v2\/types\/post"}],"author":[{"embeddable":true,"href":"https:\/\/gemeindebuechereikastl.de\/index.php?rest_route=\/wp\/v2\/users\/1"}],"replies":[{"embeddable":true,"href":"https:\/\/gemeindebuechereikastl.de\/index.php?rest_route=%2Fwp%2Fv2%2Fcomments&post=2515"}],"version-history":[{"count":11,"href":"https:\/\/gemeindebuechereikastl.de\/index.php?rest_route=\/wp\/v2\/posts\/2515\/revisions"}],"predecessor-version":[{"id":2529,"href":"https:\/\/gemeindebuechereikastl.de\/index.php?rest_route=\/wp\/v2\/posts\/2515\/revisions\/2529"}],"wp:featuredmedia":[{"embeddable":true,"href":"https:\/\/gemeindebuechereikastl.de\/index.php?rest_route=\/wp\/v2\/media\/2520"}],"wp:attachment":[{"href":"https:\/\/gemeindebuechereikastl.de\/index.php?rest_route=%2Fwp%2Fv2%2Fmedia&parent=2515"}],"wp:term":[{"taxonomy":"category","embeddable":true,"href":"https:\/\/gemeindebuechereikastl.de\/index.php?rest_route=%2Fwp%2Fv2%2Fcategories&post=2515"},{"taxonomy":"post_tag","embeddable":true,"href":"https:\/\/gemeindebuechereikastl.de\/index.php?rest_route=%2Fwp%2Fv2%2Ftags&post=2515"}],"curies":[{"name":"wp","href":"https:\/\/api.w.org\/{rel}","templated":true}]}}