{"id":2544,"date":"2022-01-12T12:45:17","date_gmt":"2022-01-12T12:45:17","guid":{"rendered":"https:\/\/gemeindebuechereikastl.de\/?p=2544"},"modified":"2022-01-12T12:45:40","modified_gmt":"2022-01-12T12:45:40","slug":"expedition-zum-nordpol-und-suedpol-buchausstellung-zu-pinguin-eisbaer","status":"publish","type":"post","link":"https:\/\/gemeindebuechereikastl.de\/?p=2544","title":{"rendered":"Expedition zum Nordpol und S\u00fcdpol &#8211; Buchausstellung zu Pinguin &#038; Eisb\u00e4r"},"content":{"rendered":"<h2 style=\"text-align: center;\"><span style=\"color: #ff6600;\">Sie lieben es Eisig Kalt &#8211; Pinguine &amp; Eisb\u00e4ren<\/span><\/h2>\n<h2 style=\"text-align: center;\"><span style=\"color: #ff6600;\"> <img loading=\"lazy\" decoding=\"async\" class=\"aligncenter wp-image-2546 size-large\" src=\"https:\/\/gemeindebuechereikastl.de\/wp-content\/uploads\/2022\/01\/20220109_120108-2-902x1206.jpg\" alt=\"\" width=\"750\" height=\"1003\" srcset=\"https:\/\/gemeindebuechereikastl.de\/wp-content\/uploads\/2022\/01\/20220109_120108-2-902x1206.jpg 902w, https:\/\/gemeindebuechereikastl.de\/wp-content\/uploads\/2022\/01\/20220109_120108-2-224x300.jpg 224w, https:\/\/gemeindebuechereikastl.de\/wp-content\/uploads\/2022\/01\/20220109_120108-2-768x1027.jpg 768w, https:\/\/gemeindebuechereikastl.de\/wp-content\/uploads\/2022\/01\/20220109_120108-2-1149x1536.jpg 1149w, https:\/\/gemeindebuechereikastl.de\/wp-content\/uploads\/2022\/01\/20220109_120108-2-1532x2048.jpg 1532w, https:\/\/gemeindebuechereikastl.de\/wp-content\/uploads\/2022\/01\/20220109_120108-2-750x1003.jpg 750w, https:\/\/gemeindebuechereikastl.de\/wp-content\/uploads\/2022\/01\/20220109_120108-2-scaled.jpg 1915w\" sizes=\"auto, (max-width: 750px) 100vw, 750px\" \/><\/span><\/h2>\n<p style=\"text-align: center;\">Unter dem Thema \u201eSie lieben es Eisig Kalt\u201c Expedition zum Nordpol und S\u00fcdpol gibt es im Erdgeschoss eine Ausstellung mit B\u00fcchern, Spielen und Tonies \u00fcber Pinguine &amp; Eisb\u00e4ren. Unter den B\u00fcchern die Geschichten vom kleinen Eisb\u00e4ren Lars oder auch Sachb\u00fccher \u00fcber die Polargebiete wo Pinguine &amp; Eisb\u00e4ren leben. Auch spielerisch kann man mit Pinguinen &amp; Eisb\u00e4ren umgehen.<\/p>\n<h4 style=\"text-align: center;\"><span style=\"color: #ff0000;\"><a style=\"color: #ff0000;\" href=\"https:\/\/iopac.gemeindebuechereikastl.de\/iopac\/\">Weitere interessante B\u00fccher und Medien aus unserem Angebot zu diesem Thema<br \/>\nfindet ihr im Online-Katalog unter den Stichworten:<br \/>\nPinguine, Eisb\u00e4r, S\u00fcdpol, Nordpol, Arktis und Antarktis<\/a><\/span><\/h4>\n","protected":false},"excerpt":{"rendered":"<p>Sie lieben es Eisig Kalt &#8211; Pinguine &amp; Eisb\u00e4ren Unter dem Thema \u201eSie lieben es Eisig Kalt\u201c Expedition zum Nordpol und S\u00fcdpol gibt es im Erdgeschoss eine Ausstellung mit B\u00fcchern, Spielen und Tonies \u00fcber Pinguine &amp; Eisb\u00e4ren. Unter den B\u00fcchern die Geschichten vom kleinen Eisb\u00e4ren Lars oder auch Sachb\u00fccher \u00fcber die Polargebiete wo Pinguine &amp; &hellip; <\/p>\n<p><a class=\"more-link btn\" href=\"https:\/\/gemeindebuechereikastl.de\/?p=2544\">Weiterlesen<\/a><\/p>\n","protected":false},"author":1,"featured_media":2547,"comment_status":"closed","ping_status":"closed","sticky":false,"template":"","format":"standard","meta":{"footnotes":""},"categories":[5],"tags":[194,291,292],"class_list":["post-2544","post","type-post","status-publish","format-standard","has-post-thumbnail","hentry","category-news","tag-buchausstellung","tag-eisbaer","tag-pinguin","item-wrap"],"_links":{"self":[{"href":"https:\/\/gemeindebuechereikastl.de\/index.php?rest_route=\/wp\/v2\/posts\/2544","targetHints":{"allow":["GET"]}}],"collection":[{"href":"https:\/\/gemeindebuechereikastl.de\/index.php?rest_route=\/wp\/v2\/posts"}],"about":[{"href":"https:\/\/gemeindebuechereikastl.de\/index.php?rest_route=\/wp\/v2\/types\/post"}],"author":[{"embeddable":true,"href":"https:\/\/gemeindebuechereikastl.de\/index.php?rest_route=\/wp\/v2\/users\/1"}],"replies":[{"embeddable":true,"href":"https:\/\/gemeindebuechereikastl.de\/index.php?rest_route=%2Fwp%2Fv2%2Fcomments&post=2544"}],"version-history":[{"count":2,"href":"https:\/\/gemeindebuechereikastl.de\/index.php?rest_route=\/wp\/v2\/posts\/2544\/revisions"}],"predecessor-version":[{"id":2549,"href":"https:\/\/gemeindebuechereikastl.de\/index.php?rest_route=\/wp\/v2\/posts\/2544\/revisions\/2549"}],"wp:featuredmedia":[{"embeddable":true,"href":"https:\/\/gemeindebuechereikastl.de\/index.php?rest_route=\/wp\/v2\/media\/2547"}],"wp:attachment":[{"href":"https:\/\/gemeindebuechereikastl.de\/index.php?rest_route=%2Fwp%2Fv2%2Fmedia&parent=2544"}],"wp:term":[{"taxonomy":"category","embeddable":true,"href":"https:\/\/gemeindebuechereikastl.de\/index.php?rest_route=%2Fwp%2Fv2%2Fcategories&post=2544"},{"taxonomy":"post_tag","embeddable":true,"href":"https:\/\/gemeindebuechereikastl.de\/index.php?rest_route=%2Fwp%2Fv2%2Ftags&post=2544"}],"curies":[{"name":"wp","href":"https:\/\/api.w.org\/{rel}","templated":true}]}}