{"id":2550,"date":"2022-01-12T16:12:39","date_gmt":"2022-01-12T16:12:39","guid":{"rendered":"https:\/\/gemeindebuechereikastl.de\/?p=2550"},"modified":"2022-01-12T16:16:07","modified_gmt":"2022-01-12T16:16:07","slug":"tatort-buecherei-regionalkrimis-aus-bayern-und-ganz-deutschland","status":"publish","type":"post","link":"https:\/\/gemeindebuechereikastl.de\/?p=2550","title":{"rendered":"Tatort B\u00fccherei  &#8211; Regionalkrimis aus Bayern und ganz Deutschland"},"content":{"rendered":"<h2 style=\"text-align: center;\"><strong><span style=\"color: #ff6600;\">Entdecken sie ihren Sp\u00fcrsinn beim Tatort B\u00fccherei mit\u00a0 Regionalkrimis aus allen Regionen Bayerns und Deutschlands und dar\u00fcber hinaus<\/span><\/strong><\/h2>\n<p><img loading=\"lazy\" decoding=\"async\" class=\"alignleft wp-image-2555 \" src=\"https:\/\/gemeindebuechereikastl.de\/wp-content\/uploads\/2022\/01\/IMG-20220109-WA0001-2-830x1206.jpg\" alt=\"\" width=\"498\" height=\"724\" srcset=\"https:\/\/gemeindebuechereikastl.de\/wp-content\/uploads\/2022\/01\/IMG-20220109-WA0001-2-830x1206.jpg 830w, https:\/\/gemeindebuechereikastl.de\/wp-content\/uploads\/2022\/01\/IMG-20220109-WA0001-2-206x300.jpg 206w, https:\/\/gemeindebuechereikastl.de\/wp-content\/uploads\/2022\/01\/IMG-20220109-WA0001-2-768x1116.jpg 768w, https:\/\/gemeindebuechereikastl.de\/wp-content\/uploads\/2022\/01\/IMG-20220109-WA0001-2-750x1090.jpg 750w, https:\/\/gemeindebuechereikastl.de\/wp-content\/uploads\/2022\/01\/IMG-20220109-WA0001-2.jpg 895w\" sizes=\"auto, (max-width: 498px) 100vw, 498px\" \/><\/p>\n<p>Erschrecken Sie nicht beim Betreten des Tatortes im Obergescho\u00df der B\u00fccherei, hier treiben M\u00f6rder und finstere Gestalten aus ganz Bayern und dar\u00fcber hinaus ihr Unwesen. Unter \u201eTatort \u2013 Regionalkrimis\u201c hat das Team eine Auswahl der bekanntesten Regionalkrimis aus Bayern und dar\u00fcber hinaus f\u00fcr sie zusammengetragen. Entdecken Sie Ihren Sp\u00fcrsinn und auch die Vielfalt der Krimis aus den verschiedensten Regionen Bayerns, Deutschland und der Welt.<\/p>\n<p>Als eine der bekanntesten Regional Krimis ist der Eberhofer Krimi von Rita Falk aus Niederbayern, auch der Kluftiger aus dem Allg\u00e4u von Michael Kobr und Volker Kl\u00fcpfel sind bei den Lesern sehr beliebt und durch viele B\u00fccher sowie durch Film und Fernsehen bekannt.<\/p>\n<p>Aber die Regionalkrimis sind vielseitig und erstrecken sich von Oberbayern \u00fcber Niederbayern, Schwaben und der Oberpfalz mit Franz Borkner mit dem bekanntesten Buch &#8222;Berg-Fest-Mord&#8220; \u00fcber das Bergfest in Amberg. Auch aus Franken gibt es von Richard Auer hier besonders hier das Altm\u00fchltal gibt es einige B\u00fccher in der B\u00fccherei zu entdecken.<img loading=\"lazy\" decoding=\"async\" class=\"alignright wp-image-2553 size-large\" src=\"https:\/\/gemeindebuechereikastl.de\/wp-content\/uploads\/2022\/01\/20220109_120251-2-867x1206.jpg\" alt=\"\" width=\"750\" height=\"1043\" srcset=\"https:\/\/gemeindebuechereikastl.de\/wp-content\/uploads\/2022\/01\/20220109_120251-2-867x1206.jpg 867w, https:\/\/gemeindebuechereikastl.de\/wp-content\/uploads\/2022\/01\/20220109_120251-2-216x300.jpg 216w, https:\/\/gemeindebuechereikastl.de\/wp-content\/uploads\/2022\/01\/20220109_120251-2-768x1068.jpg 768w, https:\/\/gemeindebuechereikastl.de\/wp-content\/uploads\/2022\/01\/20220109_120251-2-1104x1536.jpg 1104w, https:\/\/gemeindebuechereikastl.de\/wp-content\/uploads\/2022\/01\/20220109_120251-2-1473x2048.jpg 1473w, https:\/\/gemeindebuechereikastl.de\/wp-content\/uploads\/2022\/01\/20220109_120251-2-750x1043.jpg 750w, https:\/\/gemeindebuechereikastl.de\/wp-content\/uploads\/2022\/01\/20220109_120251-2-scaled.jpg 1841w\" sizes=\"auto, (max-width: 750px) 100vw, 750px\" \/><\/p>\n<p>Aber nicht nur aus Bayern, sondern aus ganz Deutschland gibt es diverse Regionalkrimis in der B\u00fccherei zum Mitnehmen. Die Tatorte erstrecken sich von den Alpen \u00fcber viele Regionen in Deutschland zu. Von Nele Neuhaus die Taunus Krimis, bis hin zur Nord\u2013 und Ostsee. Auch au\u00dferhalb von Deutschland gibt es Regionalkrimis aus S\u00fcdtirol, aus der Bretagne aufzusp\u00fcren, um nur einige zu nennen.<\/p>\n<h4 style=\"text-align: center;\">Kommen Sie einfach zu den \u00d6ffnungszeiten in der B\u00fccherei vorbei und entdecken die gro\u00dfe Auswahl an diversen Regionalkrimis.<br \/>\n<a href=\"https:\/\/iopac.gemeindebuechereikastl.de\/iopac\/\"><span style=\"color: #ff0000;\">Eine Vorauswahl wie immer in unserem Online-Katalog unter Provinzkrimi oder einfach Krimi und die gesuchte Region (Bayern, Oberpfalz, Franken, Taunus, Ostfriesland, S\u00fcdtirol\u00a0 usw.)<\/span><\/a><\/h4>\n<p>&nbsp;<\/p>\n","protected":false},"excerpt":{"rendered":"<p>Entdecken sie ihren Sp\u00fcrsinn beim Tatort B\u00fccherei mit\u00a0 Regionalkrimis aus allen Regionen Bayerns und Deutschlands und dar\u00fcber hinaus Erschrecken Sie nicht beim Betreten des Tatortes im Obergescho\u00df der B\u00fccherei, hier treiben M\u00f6rder und finstere Gestalten aus ganz Bayern und dar\u00fcber hinaus ihr Unwesen. Unter \u201eTatort \u2013 Regionalkrimis\u201c hat das Team eine Auswahl der bekanntesten Regionalkrimis &hellip; <\/p>\n<p><a class=\"more-link btn\" href=\"https:\/\/gemeindebuechereikastl.de\/?p=2550\">Weiterlesen<\/a><\/p>\n","protected":false},"author":1,"featured_media":2554,"comment_status":"closed","ping_status":"closed","sticky":false,"template":"","format":"standard","meta":{"footnotes":""},"categories":[1],"tags":[194,293,294,295],"class_list":["post-2550","post","type-post","status-publish","format-standard","has-post-thumbnail","hentry","category-team","tag-buchausstellung","tag-krimi","tag-regionalkrimis","tag-spannung","item-wrap"],"_links":{"self":[{"href":"https:\/\/gemeindebuechereikastl.de\/index.php?rest_route=\/wp\/v2\/posts\/2550","targetHints":{"allow":["GET"]}}],"collection":[{"href":"https:\/\/gemeindebuechereikastl.de\/index.php?rest_route=\/wp\/v2\/posts"}],"about":[{"href":"https:\/\/gemeindebuechereikastl.de\/index.php?rest_route=\/wp\/v2\/types\/post"}],"author":[{"embeddable":true,"href":"https:\/\/gemeindebuechereikastl.de\/index.php?rest_route=\/wp\/v2\/users\/1"}],"replies":[{"embeddable":true,"href":"https:\/\/gemeindebuechereikastl.de\/index.php?rest_route=%2Fwp%2Fv2%2Fcomments&post=2550"}],"version-history":[{"count":3,"href":"https:\/\/gemeindebuechereikastl.de\/index.php?rest_route=\/wp\/v2\/posts\/2550\/revisions"}],"predecessor-version":[{"id":2558,"href":"https:\/\/gemeindebuechereikastl.de\/index.php?rest_route=\/wp\/v2\/posts\/2550\/revisions\/2558"}],"wp:featuredmedia":[{"embeddable":true,"href":"https:\/\/gemeindebuechereikastl.de\/index.php?rest_route=\/wp\/v2\/media\/2554"}],"wp:attachment":[{"href":"https:\/\/gemeindebuechereikastl.de\/index.php?rest_route=%2Fwp%2Fv2%2Fmedia&parent=2550"}],"wp:term":[{"taxonomy":"category","embeddable":true,"href":"https:\/\/gemeindebuechereikastl.de\/index.php?rest_route=%2Fwp%2Fv2%2Fcategories&post=2550"},{"taxonomy":"post_tag","embeddable":true,"href":"https:\/\/gemeindebuechereikastl.de\/index.php?rest_route=%2Fwp%2Fv2%2Ftags&post=2550"}],"curies":[{"name":"wp","href":"https:\/\/api.w.org\/{rel}","templated":true}]}}