{"id":2610,"date":"2022-02-06T15:53:00","date_gmt":"2022-02-06T15:53:00","guid":{"rendered":"https:\/\/gemeindebuechereikastl.de\/?p=2610"},"modified":"2022-02-07T07:08:21","modified_gmt":"2022-02-07T07:08:21","slug":"buechereiteam-gestaltete-den-gottesdienst-zum-bibelsonntag","status":"publish","type":"post","link":"https:\/\/gemeindebuechereikastl.de\/?p=2610","title":{"rendered":"B\u00fcchereiteam gestaltete den Gottesdienst zum Wort Gottes"},"content":{"rendered":"<h2 style=\"text-align: center;\"><span style=\"color: #ff6600;\"><strong>\u00d6kumenischer Bibelsonntag und katholischer Sonntag des Wortes Gottes am Sonntag, 30. Januar vom B\u00fcchereiteam gestaltet<\/strong><\/span><\/h2>\n<p><img loading=\"lazy\" decoding=\"async\" class=\"aligncenter wp-image-2613 size-large\" src=\"https:\/\/gemeindebuechereikastl.de\/wp-content\/uploads\/2022\/02\/Bibelsonntag-1-1603x965.jpg\" alt=\"\" width=\"750\" height=\"451\" srcset=\"https:\/\/gemeindebuechereikastl.de\/wp-content\/uploads\/2022\/02\/Bibelsonntag-1-1603x965.jpg 1603w, https:\/\/gemeindebuechereikastl.de\/wp-content\/uploads\/2022\/02\/Bibelsonntag-1-300x181.jpg 300w, https:\/\/gemeindebuechereikastl.de\/wp-content\/uploads\/2022\/02\/Bibelsonntag-1-768x462.jpg 768w, https:\/\/gemeindebuechereikastl.de\/wp-content\/uploads\/2022\/02\/Bibelsonntag-1-1536x924.jpg 1536w, https:\/\/gemeindebuechereikastl.de\/wp-content\/uploads\/2022\/02\/Bibelsonntag-1-2048x1232.jpg 2048w, https:\/\/gemeindebuechereikastl.de\/wp-content\/uploads\/2022\/02\/Bibelsonntag-1-750x451.jpg 750w\" sizes=\"auto, (max-width: 750px) 100vw, 750px\" \/><\/p>\n<p>Mit verschieden Texten hob das Team das Wort Gottes hervor auch wurde vom Team der Platz vor dem Altar mit B\u00fcchern \u00fcber das Wort Gottes dekoriert. Mit dem Medtiationstext zum &#8222;Wort&#8220;, er\u00f6ffnete das Team den Gottesdienst zum Wort Gottes.<\/p>\n<p><strong>Im Anfang \/war ich ein Wort \/ Dein Wort \/ Ganz bei dir \/ Du und ich \/ Ein Wort<\/strong><br \/>\n<strong>Ward dann Mensch \/ Ganz wortlos \/ Zu Beginn \/ Ausgeliefert \/ Anvertraut<\/strong><br \/>\n<strong>Fange jetzt \/ Jeden Tag damit ein \/ Das eine Wort zu finden \/ Du und ich \/ Du<\/strong><\/p>\n<p>Pfarrer Arweck sagte das der Bibelsonntag \u2013 der Sonntag des Wortes Gottes ist. Da liegt es nahe, dass wir zusammen mit dem Team der Pfarr- und Gemeindeb\u00fccherei feiern. Bibliothek und Bibel sind zwei verwandte Begriffe.<img loading=\"lazy\" decoding=\"async\" class=\"alignright wp-image-2614 \" src=\"https:\/\/gemeindebuechereikastl.de\/wp-content\/uploads\/2022\/02\/Bibelsonntag-2-1603x1202.jpg\" alt=\"\" width=\"463\" height=\"347\" srcset=\"https:\/\/gemeindebuechereikastl.de\/wp-content\/uploads\/2022\/02\/Bibelsonntag-2-1603x1202.jpg 1603w, https:\/\/gemeindebuechereikastl.de\/wp-content\/uploads\/2022\/02\/Bibelsonntag-2-300x225.jpg 300w, https:\/\/gemeindebuechereikastl.de\/wp-content\/uploads\/2022\/02\/Bibelsonntag-2-768x576.jpg 768w, https:\/\/gemeindebuechereikastl.de\/wp-content\/uploads\/2022\/02\/Bibelsonntag-2-1536x1152.jpg 1536w, https:\/\/gemeindebuechereikastl.de\/wp-content\/uploads\/2022\/02\/Bibelsonntag-2-2048x1536.jpg 2048w, https:\/\/gemeindebuechereikastl.de\/wp-content\/uploads\/2022\/02\/Bibelsonntag-2-750x563.jpg 750w\" sizes=\"auto, (max-width: 463px) 100vw, 463px\" \/><br \/>\nBibel kommt vom griechischen Wort biblos: das Buch. Unsere Bibel wird also einfach \u201eBuch\u201c genannt \u2013 das Buch der B\u00fccher, das Buch schlechthin. Es ist auch ein recht dickes Buch, unsere Bibel: eine ganze Sammlung von 73 verschiedenen B\u00fcchern unterschiedlicher Gattungen: Es gibt Chroniken, Lieder, Lebensberichte, poetische Texte, Prophetien\u2026 Eine bunte Zusammenstellung, die auch die Vielfalt des menschlichen Lebens widerspiegelt: Freude und Trauer, Gelassenheit und Schmerz.<\/p>\n<p>Mit verschiedenen selbst gestaltetenTexten zum Wort Gottes brachte sich das Team zum Kyrie, den F\u00fcrbitten und einer Geschichte zum Buch \u00a0w\u00e4hrend des Gottesdienstes mit ein.<\/p>\n<p>Zum ende des Gottesdienstes betonte Pfarrer Arweck, dass die ruhige Zeit w\u00e4hrend der Corona-Pandemie keine verlorene Zeit sein muss. Nutzen Sie die kommenden Wochen doch zum Bibelstudium. Gott m\u00f6chte zu Ihnen sprechen, entdecken Sie sein Wort in der Bibel. Verschiedene Bibelausgaben und andere religi\u00f6se B\u00fccher finden Sie in unserer Pfarr- und Gemeindeb\u00fccherei. Viele hundert Leserinnen und Leser, alte und junge, regelm\u00e4\u00dfige Nutzer und seltene, Einheimische und Urlaubsg\u00e4ste sind dort gleicherma\u00dfen willkommen.<img loading=\"lazy\" decoding=\"async\" class=\"alignleft wp-image-2615 \" src=\"https:\/\/gemeindebuechereikastl.de\/wp-content\/uploads\/2022\/02\/Bibelsonntag-3-949x1206.jpg\" alt=\"\" width=\"317\" height=\"403\" srcset=\"https:\/\/gemeindebuechereikastl.de\/wp-content\/uploads\/2022\/02\/Bibelsonntag-3-949x1206.jpg 949w, https:\/\/gemeindebuechereikastl.de\/wp-content\/uploads\/2022\/02\/Bibelsonntag-3-236x300.jpg 236w, https:\/\/gemeindebuechereikastl.de\/wp-content\/uploads\/2022\/02\/Bibelsonntag-3-768x976.jpg 768w, https:\/\/gemeindebuechereikastl.de\/wp-content\/uploads\/2022\/02\/Bibelsonntag-3-1209x1536.jpg 1209w, https:\/\/gemeindebuechereikastl.de\/wp-content\/uploads\/2022\/02\/Bibelsonntag-3-1612x2048.jpg 1612w, https:\/\/gemeindebuechereikastl.de\/wp-content\/uploads\/2022\/02\/Bibelsonntag-3-750x953.jpg 750w, https:\/\/gemeindebuechereikastl.de\/wp-content\/uploads\/2022\/02\/Bibelsonntag-3-scaled.jpg 2015w\" sizes=\"auto, (max-width: 317px) 100vw, 317px\" \/><br \/>\nHerr Georg D\u00fcrr und sein Team haben in den vergangenen Jahren ehrenamtlich viel auf die Beine gestellt. Nicht umsonst wurde der B\u00fccherei im Herbst das goldene B\u00fcchereisiegel \u00fcberreicht. Die politische Gemeinde Kastl und die Pfarrgemeinde arbeiten eng zusammen. Denn die Pfarr- und Gemeindeb\u00fccherei soll ein Treffpunkt f\u00fcr alle sein, die gerne lesen, sich weiterbilden, Neues entdecken, sich austauschen wollen. Die B\u00fccherei ist mitten im Ort angesiedelt, zwischen verschiedenen Gesch\u00e4ften und Gasth\u00e4usern. Denn B\u00fccher sind geistige Nahrung.<\/p>\n<p>Ehrenamtliches Engagement ist nicht selbstverst\u00e4ndlich. Umso dankbarer k\u00f6nnen wir als Pfarrgemeinde sein, eine eigene B\u00fccherei zu haben. Ich w\u00fcnsche Ihnen viele interessante Entdeckungen in der Bibel und in anderen B\u00fcchern, die uns von Gott erz\u00e4hlen!<img loading=\"lazy\" decoding=\"async\" class=\"wp-image-2617 alignright\" src=\"https:\/\/gemeindebuechereikastl.de\/wp-content\/uploads\/2022\/02\/Bibelsonntag-4-871x1206.jpg\" alt=\"\" width=\"267\" height=\"370\" srcset=\"https:\/\/gemeindebuechereikastl.de\/wp-content\/uploads\/2022\/02\/Bibelsonntag-4-871x1206.jpg 871w, https:\/\/gemeindebuechereikastl.de\/wp-content\/uploads\/2022\/02\/Bibelsonntag-4-217x300.jpg 217w, https:\/\/gemeindebuechereikastl.de\/wp-content\/uploads\/2022\/02\/Bibelsonntag-4-768x1063.jpg 768w, https:\/\/gemeindebuechereikastl.de\/wp-content\/uploads\/2022\/02\/Bibelsonntag-4-1109x1536.jpg 1109w, https:\/\/gemeindebuechereikastl.de\/wp-content\/uploads\/2022\/02\/Bibelsonntag-4-1479x2048.jpg 1479w, https:\/\/gemeindebuechereikastl.de\/wp-content\/uploads\/2022\/02\/Bibelsonntag-4-750x1038.jpg 750w, https:\/\/gemeindebuechereikastl.de\/wp-content\/uploads\/2022\/02\/Bibelsonntag-4.jpg 1488w\" sizes=\"auto, (max-width: 267px) 100vw, 267px\" \/><\/p>\n<p>Kurz vor dem Segen stellte B\u00fcchereileiter Georg D\u00fcrr in ein paar kurzen S\u00e4tzen die Pfarr- und Gemeindeb\u00fccherei vor. Er betonte, dass das ehrenamtliche B\u00fcchereiteam aus 25 Frauen und M\u00e4nner bestehe, die j\u00e4hrlich ca. 3.000 ehrenamtliche Stunden f\u00fcr die Arbeit in und um die B\u00fccherei aufwenden. Auch das es in Kastl seit \u00fcber 100 Jahren eine katholisch \u00f6ffentliche B\u00fccherei g\u00e4be und dass ein gro\u00dfes Angebot von ca. 10.000 B\u00fcchern und Medien f\u00fcr jedes Alter, vom Kleinkind ab 2 Jahren bis hin zu Senioren in der B\u00fccherei allen Interessenten zur Verf\u00fcgung steht. Ein gro\u00dfes Augenmerkt des Teams liegt auch in der Bereitstellung religi\u00f6ser Literatur f\u00fcr alle Altersschichten. Er lud alle Gottesdienstbesucher ein, einfach in der B\u00fccherei vorbeizukommen und sich vor Ort vom Angebot zu \u00fcberzeugen.<\/p>\n","protected":false},"excerpt":{"rendered":"<p>\u00d6kumenischer Bibelsonntag und katholischer Sonntag des Wortes Gottes am Sonntag, 30. Januar vom B\u00fcchereiteam gestaltet Mit verschieden Texten hob das Team das Wort Gottes hervor auch wurde vom Team der Platz vor dem Altar mit B\u00fcchern \u00fcber das Wort Gottes dekoriert. Mit dem Medtiationstext zum &#8222;Wort&#8220;, er\u00f6ffnete das Team den Gottesdienst zum Wort Gottes. Im &hellip; <\/p>\n<p><a class=\"more-link btn\" href=\"https:\/\/gemeindebuechereikastl.de\/?p=2610\">Weiterlesen<\/a><\/p>\n","protected":false},"author":1,"featured_media":2614,"comment_status":"closed","ping_status":"closed","sticky":false,"template":"","format":"standard","meta":{"footnotes":""},"categories":[5],"tags":[305,306,64,303,304],"class_list":["post-2610","post","type-post","status-publish","format-standard","has-post-thumbnail","hentry","category-news","tag-bibel","tag-bibelsonntag","tag-buechereiteam","tag-gottesdienst","tag-wort-gottes","item-wrap"],"_links":{"self":[{"href":"https:\/\/gemeindebuechereikastl.de\/index.php?rest_route=\/wp\/v2\/posts\/2610","targetHints":{"allow":["GET"]}}],"collection":[{"href":"https:\/\/gemeindebuechereikastl.de\/index.php?rest_route=\/wp\/v2\/posts"}],"about":[{"href":"https:\/\/gemeindebuechereikastl.de\/index.php?rest_route=\/wp\/v2\/types\/post"}],"author":[{"embeddable":true,"href":"https:\/\/gemeindebuechereikastl.de\/index.php?rest_route=\/wp\/v2\/users\/1"}],"replies":[{"embeddable":true,"href":"https:\/\/gemeindebuechereikastl.de\/index.php?rest_route=%2Fwp%2Fv2%2Fcomments&post=2610"}],"version-history":[{"count":6,"href":"https:\/\/gemeindebuechereikastl.de\/index.php?rest_route=\/wp\/v2\/posts\/2610\/revisions"}],"predecessor-version":[{"id":2620,"href":"https:\/\/gemeindebuechereikastl.de\/index.php?rest_route=\/wp\/v2\/posts\/2610\/revisions\/2620"}],"wp:featuredmedia":[{"embeddable":true,"href":"https:\/\/gemeindebuechereikastl.de\/index.php?rest_route=\/wp\/v2\/media\/2614"}],"wp:attachment":[{"href":"https:\/\/gemeindebuechereikastl.de\/index.php?rest_route=%2Fwp%2Fv2%2Fmedia&parent=2610"}],"wp:term":[{"taxonomy":"category","embeddable":true,"href":"https:\/\/gemeindebuechereikastl.de\/index.php?rest_route=%2Fwp%2Fv2%2Fcategories&post=2610"},{"taxonomy":"post_tag","embeddable":true,"href":"https:\/\/gemeindebuechereikastl.de\/index.php?rest_route=%2Fwp%2Fv2%2Ftags&post=2610"}],"curies":[{"name":"wp","href":"https:\/\/api.w.org\/{rel}","templated":true}]}}