{"id":2641,"date":"2022-02-15T16:49:02","date_gmt":"2022-02-15T16:49:02","guid":{"rendered":"https:\/\/gemeindebuechereikastl.de\/?p=2641"},"modified":"2022-02-15T16:53:21","modified_gmt":"2022-02-15T16:53:21","slug":"lockerungen-der-corona-schutzmassnahmen-fuer-buechereibesuche","status":"publish","type":"post","link":"https:\/\/gemeindebuechereikastl.de\/?p=2641","title":{"rendered":"Lockerungen der Corona-Schutzma\u00dfnahmen f\u00fcr B\u00fcchereibesuche"},"content":{"rendered":"<h2 style=\"text-align: center;\"><span style=\"color: #ff6600;\"><strong>Corona Lockerungen f\u00fcr B\u00fcchereien beschlossen<\/strong><\/span><\/h2>\n<p style=\"text-align: center;\"><strong>Aufgrund des r\u00fcckl\u00e4ufigen Infektionsgeschehens und der stabilen Lage in den Krankenh\u00e4usern hat das Bayerische Kabinett in der Sitzung vom 15. Febraur 2022 erhebliche Lockerungen der bisher geltenden Infektionsschutzma\u00dfnahmen beschlossen. Diese\u00a0treten zum Donnerstag, 17. Februar, in Kraft\u00a0und gelten bis vorerst 19. M\u00e4rz:<\/strong><\/p>\n<h4><img loading=\"lazy\" decoding=\"async\" class=\"wp-image-2642 alignleft\" src=\"https:\/\/gemeindebuechereikastl.de\/wp-content\/uploads\/2022\/02\/Corona-Regeln.jpg\" alt=\"\" width=\"269\" height=\"271\" srcset=\"https:\/\/gemeindebuechereikastl.de\/wp-content\/uploads\/2022\/02\/Corona-Regeln.jpg 268w, https:\/\/gemeindebuechereikastl.de\/wp-content\/uploads\/2022\/02\/Corona-Regeln-150x150.jpg 150w\" sizes=\"auto, (max-width: 269px) 100vw, 269px\" \/><\/h4>\n<h4><span style=\"color: #ff0000;\">Pr\u00e4senzbetrieb nach &#8222;3G&#8220;<\/span><\/h4>\n<p>Beim Pr\u00e4senzbetrieb wird wieder auf die sog. 3G Regel umgestellt. Zugang darf wieder geimpften, genesenen und getesteten Personen gew\u00e4hrt werden.<\/p>\n<p>* Als geimpft gelten Personen mit der n\u00f6tigen Anzahl an Einzelimpfungen (momentan: 2), wobei die letzte davon mindestens 14 Tage zur\u00fcck liegen muss.<\/p>\n<p>* Als Testnachweis gelten PCR-Tests (48 h), zertifizierte Antigentests (24 h) und unter Aufsicht vorgenommene Schnelltests. Sch\u00fcler gelten als gestestet. Sch\u00fclerinnen und Sch\u00fcler, die im Rahmen der Schule regelm\u00e4\u00dfig getestet werden, ben\u00f6tigen keinen zus\u00e4tzlichen Testnachweis.<\/p>\n<p>* Als genesen gelten Personen, bei denen die Corona-Infektion mit einem PCR-Test festgestellt wurde. Dieses Testergebnis muss mindestens 28 Tage alt sein, darf aber nicht l\u00e4nger als drei Monate zur\u00fcckliegen.<\/p>\n<h4><span style=\"color: #ff0000;\">Maskenpflicht<\/span><\/h4>\n<p>Im Innenraum muss\u00a0<b>FFP2-Maske\u00a0<\/b>getragen werden. Kinder bis zum sechsten Geburtstag sind von der Maskenpflicht befreit. Kinder und Jugendliche zwischen dem sechsten und 16. Geburtstag m\u00fcssen zumindest eine medizinische Maske tragen.<\/p>\n","protected":false},"excerpt":{"rendered":"<p>Corona Lockerungen f\u00fcr B\u00fcchereien beschlossen Aufgrund des r\u00fcckl\u00e4ufigen Infektionsgeschehens und der stabilen Lage in den Krankenh\u00e4usern hat das Bayerische Kabinett in der Sitzung vom 15. Febraur 2022 erhebliche Lockerungen der bisher geltenden Infektionsschutzma\u00dfnahmen beschlossen. Diese\u00a0treten zum Donnerstag, 17. Februar, in Kraft\u00a0und gelten bis vorerst 19. M\u00e4rz: Pr\u00e4senzbetrieb nach &#8222;3G&#8220; Beim Pr\u00e4senzbetrieb wird wieder auf die &hellip; <\/p>\n<p><a class=\"more-link btn\" href=\"https:\/\/gemeindebuechereikastl.de\/?p=2641\">Weiterlesen<\/a><\/p>\n","protected":false},"author":1,"featured_media":2642,"comment_status":"closed","ping_status":"closed","sticky":false,"template":"","format":"standard","meta":{"footnotes":""},"categories":[5],"tags":[279,213],"class_list":["post-2641","post","type-post","status-publish","format-standard","has-post-thumbnail","hentry","category-news","tag-3g-regel","tag-corona","item-wrap"],"_links":{"self":[{"href":"https:\/\/gemeindebuechereikastl.de\/index.php?rest_route=\/wp\/v2\/posts\/2641","targetHints":{"allow":["GET"]}}],"collection":[{"href":"https:\/\/gemeindebuechereikastl.de\/index.php?rest_route=\/wp\/v2\/posts"}],"about":[{"href":"https:\/\/gemeindebuechereikastl.de\/index.php?rest_route=\/wp\/v2\/types\/post"}],"author":[{"embeddable":true,"href":"https:\/\/gemeindebuechereikastl.de\/index.php?rest_route=\/wp\/v2\/users\/1"}],"replies":[{"embeddable":true,"href":"https:\/\/gemeindebuechereikastl.de\/index.php?rest_route=%2Fwp%2Fv2%2Fcomments&post=2641"}],"version-history":[{"count":5,"href":"https:\/\/gemeindebuechereikastl.de\/index.php?rest_route=\/wp\/v2\/posts\/2641\/revisions"}],"predecessor-version":[{"id":2647,"href":"https:\/\/gemeindebuechereikastl.de\/index.php?rest_route=\/wp\/v2\/posts\/2641\/revisions\/2647"}],"wp:featuredmedia":[{"embeddable":true,"href":"https:\/\/gemeindebuechereikastl.de\/index.php?rest_route=\/wp\/v2\/media\/2642"}],"wp:attachment":[{"href":"https:\/\/gemeindebuechereikastl.de\/index.php?rest_route=%2Fwp%2Fv2%2Fmedia&parent=2641"}],"wp:term":[{"taxonomy":"category","embeddable":true,"href":"https:\/\/gemeindebuechereikastl.de\/index.php?rest_route=%2Fwp%2Fv2%2Fcategories&post=2641"},{"taxonomy":"post_tag","embeddable":true,"href":"https:\/\/gemeindebuechereikastl.de\/index.php?rest_route=%2Fwp%2Fv2%2Ftags&post=2641"}],"curies":[{"name":"wp","href":"https:\/\/api.w.org\/{rel}","templated":true}]}}