{"id":2683,"date":"2022-03-02T18:38:53","date_gmt":"2022-03-02T18:38:53","guid":{"rendered":"https:\/\/gemeindebuechereikastl.de\/?p=2683"},"modified":"2022-03-03T15:29:48","modified_gmt":"2022-03-03T15:29:48","slug":"online-lesungen-jetzt-ist-vorlesezeit","status":"publish","type":"post","link":"https:\/\/gemeindebuechereikastl.de\/?p=2683","title":{"rendered":"Online-Lesungen &#8211; Jetzt ist Vorlesezeit"},"content":{"rendered":"<h2 style=\"text-align: center;\"><span style=\"color: #ff6600;\">Vorlesezeit mit Autoren von Kinder- und Jugendb\u00fcchern<\/span><\/h2>\n<h4 style=\"text-align: center;\"><img loading=\"lazy\" decoding=\"async\" class=\"wp-image-2684 alignleft\" style=\"font-size: 16px; margin-top: 6px;\" src=\"https:\/\/gemeindebuechereikastl.de\/wp-content\/uploads\/2022\/03\/Online-Lesungen-300x245.jpg\" alt=\"\" width=\"429\" height=\"350\" srcset=\"https:\/\/gemeindebuechereikastl.de\/wp-content\/uploads\/2022\/03\/Online-Lesungen-300x245.jpg 300w, https:\/\/gemeindebuechereikastl.de\/wp-content\/uploads\/2022\/03\/Online-Lesungen.jpg 308w\" sizes=\"auto, (max-width: 429px) 100vw, 429px\" \/><span style=\"color: inherit; font-family: inherit;\">Zum Welttag des Buches 2020 hat die Landesfachstelle f\u00fcr B\u00fcchereien und Bildung in Zusammenarbeit mit mk-online und der Deutschen Akademie f\u00fcr Kinder- und Jugendliteratur die Reihe Vorlesezeit ins Leben gerufen.<\/span><\/h4>\n<p>Im zweiw\u00f6chigen Rhythmus lesen Autorinnen und Autoren aus Ihren Werken und geben Einblicke in Ihre literarischen Werkst\u00e4tten. Das Angebot gibt Eltern in Zeiten von Homeoffice und Homeschooling die Gelegenheit, einmal eine Viertelstunde durchzuatmen. Und Kinder bekommen so aus erster Hand lebendig Literatur vermittelt &#8211; das macht Freude aufs selber Lesen!<span style=\"color: #ff0000;\"><strong>\u00a0 \u00a0 \u00a0 \u00a0 \u00a0 \u00a0 \u00a0 \u00a0 \u00a0 \u00a0<\/strong><\/span><\/p>\n<h3 style=\"text-align: center;\"><span style=\"color: #ff0000;\"><strong>\u00a0Folgende Online-Lesungen stehen auf <\/strong><\/span><span style=\"color: #ff0000;\"><strong>dem Programm der Vorlesezeit!<\/strong><\/span><\/h3>\n<h4 style=\"text-align: center;\"><span style=\"color: #ff0000;\"><strong>am 11. M\u00e4rz: Markus Lefran\u00e7ois\u00a0 \/ am <\/strong><strong>25. M\u00e4rz: Johannes Herwig \/ am <\/strong><strong>8. April: Suza Kolb \/<br \/>\nam 2<\/strong><strong>2. April: Judith Burger \/ am <\/strong><strong>6. Mai: Judith Allert \/ am <\/strong><strong>20. Mai: Leonora Leitl<\/strong><\/span><\/h4>\n<h3 style=\"text-align: center;\"><a href=\"https:\/\/www.michaelsbund.de\/buechereien\/vorlesezeit\/\"><strong>Weitere Infos \u00fcber die Online-Lesungen finden Sie hier !<\/strong><\/a><\/h3>\n<h4 style=\"text-align: center;\"><strong>\u00dcber den Link, gibt es auch Videos \u00fcber bereits stattgefundene Lesungen mit bekannten Autoren wie Margit Auer oder Paul Maar und viele andere mehr.<\/strong><\/h4>\n<div class=\"embed-container\"><iframe loading=\"lazy\" title=\"Vorlesezeit: Margit Auer liest aus &quot;Die Schule der magischen Tiere&quot;\" width=\"750\" height=\"422\" src=\"https:\/\/www.youtube.com\/embed\/JWsTW3KC24E?feature=oembed\" frameborder=\"0\" allow=\"accelerometer; autoplay; clipboard-write; encrypted-media; gyroscope; picture-in-picture\" allowfullscreen><\/iframe><\/div>\n<div class=\"embed-container\"><iframe loading=\"lazy\" title=\"Vorlesezeit: Paul Maar liest aus &quot;Das Sams und der blaue Drache&quot;\" width=\"750\" height=\"422\" src=\"https:\/\/www.youtube.com\/embed\/SD3j984Uo4A?feature=oembed\" frameborder=\"0\" allow=\"accelerometer; autoplay; clipboard-write; encrypted-media; gyroscope; picture-in-picture\" allowfullscreen><\/iframe><\/div>\n","protected":false},"excerpt":{"rendered":"<p>Vorlesezeit mit Autoren von Kinder- und Jugendb\u00fcchern Zum Welttag des Buches 2020 hat die Landesfachstelle f\u00fcr B\u00fcchereien und Bildung in Zusammenarbeit mit mk-online und der Deutschen Akademie f\u00fcr Kinder- und Jugendliteratur die Reihe Vorlesezeit ins Leben gerufen. Im zweiw\u00f6chigen Rhythmus lesen Autorinnen und Autoren aus Ihren Werken und geben Einblicke in Ihre literarischen Werkst\u00e4tten. Das &hellip; <\/p>\n<p><a class=\"more-link btn\" href=\"https:\/\/gemeindebuechereikastl.de\/?p=2683\">Weiterlesen<\/a><\/p>\n","protected":false},"author":1,"featured_media":2684,"comment_status":"closed","ping_status":"closed","sticky":false,"template":"","format":"standard","meta":{"footnotes":""},"categories":[5],"tags":[315,190,20,80],"class_list":["post-2683","post","type-post","status-publish","format-standard","has-post-thumbnail","hentry","category-news","tag-jugendbuecher","tag-kinderbuecher","tag-online","tag-vorlesen","item-wrap"],"_links":{"self":[{"href":"https:\/\/gemeindebuechereikastl.de\/index.php?rest_route=\/wp\/v2\/posts\/2683","targetHints":{"allow":["GET"]}}],"collection":[{"href":"https:\/\/gemeindebuechereikastl.de\/index.php?rest_route=\/wp\/v2\/posts"}],"about":[{"href":"https:\/\/gemeindebuechereikastl.de\/index.php?rest_route=\/wp\/v2\/types\/post"}],"author":[{"embeddable":true,"href":"https:\/\/gemeindebuechereikastl.de\/index.php?rest_route=\/wp\/v2\/users\/1"}],"replies":[{"embeddable":true,"href":"https:\/\/gemeindebuechereikastl.de\/index.php?rest_route=%2Fwp%2Fv2%2Fcomments&post=2683"}],"version-history":[{"count":10,"href":"https:\/\/gemeindebuechereikastl.de\/index.php?rest_route=\/wp\/v2\/posts\/2683\/revisions"}],"predecessor-version":[{"id":2694,"href":"https:\/\/gemeindebuechereikastl.de\/index.php?rest_route=\/wp\/v2\/posts\/2683\/revisions\/2694"}],"wp:featuredmedia":[{"embeddable":true,"href":"https:\/\/gemeindebuechereikastl.de\/index.php?rest_route=\/wp\/v2\/media\/2684"}],"wp:attachment":[{"href":"https:\/\/gemeindebuechereikastl.de\/index.php?rest_route=%2Fwp%2Fv2%2Fmedia&parent=2683"}],"wp:term":[{"taxonomy":"category","embeddable":true,"href":"https:\/\/gemeindebuechereikastl.de\/index.php?rest_route=%2Fwp%2Fv2%2Fcategories&post=2683"},{"taxonomy":"post_tag","embeddable":true,"href":"https:\/\/gemeindebuechereikastl.de\/index.php?rest_route=%2Fwp%2Fv2%2Ftags&post=2683"}],"curies":[{"name":"wp","href":"https:\/\/api.w.org\/{rel}","templated":true}]}}