{"id":2714,"date":"2022-03-14T17:09:03","date_gmt":"2022-03-14T17:09:03","guid":{"rendered":"https:\/\/gemeindebuechereikastl.de\/?p=2714"},"modified":"2022-03-14T17:14:25","modified_gmt":"2022-03-14T17:14:25","slug":"gemeindebuecherei-gibt-kostenlose-lesestart-sets-fuer-3-jaehrige-aus","status":"publish","type":"post","link":"https:\/\/gemeindebuechereikastl.de\/?p=2714","title":{"rendered":"Gemeindeb\u00fccherei gibt kostenlose Lesestart-Sets f\u00fcr alle 3-j\u00e4hrigen Kinder aus"},"content":{"rendered":"<h2 style=\"text-align: center;\"><span style=\"color: #ff6600;\"><strong>Die Gemeindeb\u00fccherei Kastl und weitere 5.200 teilnehmende Bibliotheken in Deutschland geben kostenfreie Bilderb\u00fccher f\u00fcr Dreij\u00e4hrige aus.<\/strong><\/span><\/h2>\n<p><img loading=\"lazy\" decoding=\"async\" class=\"wp-image-2716 alignleft\" src=\"https:\/\/gemeindebuechereikastl.de\/wp-content\/uploads\/2022\/03\/logo-Lesestart-1603x766.png\" alt=\"\" width=\"509\" height=\"243\" srcset=\"https:\/\/gemeindebuechereikastl.de\/wp-content\/uploads\/2022\/03\/logo-Lesestart-1603x766.png 1603w, https:\/\/gemeindebuechereikastl.de\/wp-content\/uploads\/2022\/03\/logo-Lesestart-300x143.png 300w, https:\/\/gemeindebuechereikastl.de\/wp-content\/uploads\/2022\/03\/logo-Lesestart-768x367.png 768w, https:\/\/gemeindebuechereikastl.de\/wp-content\/uploads\/2022\/03\/logo-Lesestart-1536x734.png 1536w, https:\/\/gemeindebuechereikastl.de\/wp-content\/uploads\/2022\/03\/logo-Lesestart-2048x979.png 2048w, https:\/\/gemeindebuechereikastl.de\/wp-content\/uploads\/2022\/03\/logo-Lesestart-750x358.png 750w\" sizes=\"auto, (max-width: 509px) 100vw, 509px\" \/><\/p>\n<p>\u201eLesestart 1 \u2013 2 \u2013 3\u201c gibt Eltern Anregungen und Tipps. Das Programm wird von Stiftung Lesen durchgef\u00fchrt und vom Bundesministerium f\u00fcr Bildung und Forschung gef\u00f6rdert.<\/p>\n<p>\u201eLesestart 1\u20132\u20133\u201c ist ein bundesweites Programm zur fr\u00fchen Sprach- und Lesef\u00f6rderung f\u00fcr Familien mit Kindern im Alter von einem, zwei und drei Jahren. Fr\u00fchkindliche Lesef\u00f6rderung ist ein wichtiges Feld moderner Bibliotheksarbeit.<img loading=\"lazy\" decoding=\"async\" class=\"wp-image-2715 alignright\" src=\"https:\/\/gemeindebuechereikastl.de\/wp-content\/uploads\/2022\/03\/Lesestart-1160x1206.jpg\" alt=\"\" width=\"398\" height=\"413\" srcset=\"https:\/\/gemeindebuechereikastl.de\/wp-content\/uploads\/2022\/03\/Lesestart-1160x1206.jpg 1160w, https:\/\/gemeindebuechereikastl.de\/wp-content\/uploads\/2022\/03\/Lesestart-288x300.jpg 288w, https:\/\/gemeindebuechereikastl.de\/wp-content\/uploads\/2022\/03\/Lesestart-768x799.jpg 768w, https:\/\/gemeindebuechereikastl.de\/wp-content\/uploads\/2022\/03\/Lesestart-1477x1536.jpg 1477w, https:\/\/gemeindebuechereikastl.de\/wp-content\/uploads\/2022\/03\/Lesestart-1969x2048.jpg 1969w, https:\/\/gemeindebuechereikastl.de\/wp-content\/uploads\/2022\/03\/Lesestart-750x780.jpg 750w\" sizes=\"auto, (max-width: 398px) 100vw, 398px\" \/>\u00a0Deshalb nimmt auch die Gemeindeb\u00fccherei Kastl am Lesestart-Programm der Stiftung Lesen teil. Das Ziel ist, Kinder von klein auf mit dem Vorlesen und Erz\u00e4hlen vertraut zu machen, und die Freude an der Sprache und an B\u00fcchern zu f\u00f6rdern.<\/p>\n<p>Im Rahmen dieser Aktion \u00fcberreicht die Gemeindeb\u00fccherei Kastl allen Eltern dreij\u00e4hriger Kinder aus dem Gemeindebereich ein kostenfreies \u201eLesestart\u201c-Set. Es besteht jeweils aus einer kleinen Stofftasche, einem altersgerechten Buch f\u00fcr die Kinder und Informationsmaterial f\u00fcr Eltern mit Alltagstipps zum Vorlesen und Erz\u00e4hlen.<\/p>\n<p>Das B\u00fcchereiteam l\u00e4dt alle Eltern dreij\u00e4hriger Kinder ein, in den n\u00e4chsten Wochen das &#8222;Lesestart&#8220;-Set\u201c bei einem Besuch in der Gemeindeb\u00fccherei Kastl zu den \u00d6ffnungstagen jeweils dienstags und donnerstags von 17.00 bis 18.30Uhr oder sonntags von 10.00 bis 11.30 Uhr abzuholen.<\/p>\n<h3 style=\"text-align: center;\"><span style=\"color: #ff6600;\"><strong>Neben dem Lesestart Set gibt es in der Kastler Gemeindeb\u00fccherei auch viele gro\u00dfartige B\u00fccher und Medien f\u00fcr Kinder ab 3 Jahren zu entdecken und zum Entleihen!<\/strong><\/span><\/h3>\n","protected":false},"excerpt":{"rendered":"<p>Die Gemeindeb\u00fccherei Kastl und weitere 5.200 teilnehmende Bibliotheken in Deutschland geben kostenfreie Bilderb\u00fccher f\u00fcr Dreij\u00e4hrige aus. \u201eLesestart 1 \u2013 2 \u2013 3\u201c gibt Eltern Anregungen und Tipps. Das Programm wird von Stiftung Lesen durchgef\u00fchrt und vom Bundesministerium f\u00fcr Bildung und Forschung gef\u00f6rdert. \u201eLesestart 1\u20132\u20133\u201c ist ein bundesweites Programm zur fr\u00fchen Sprach- und Lesef\u00f6rderung f\u00fcr Familien &hellip; <\/p>\n<p><a class=\"more-link btn\" href=\"https:\/\/gemeindebuechereikastl.de\/?p=2714\">Weiterlesen<\/a><\/p>\n","protected":false},"author":1,"featured_media":2715,"comment_status":"closed","ping_status":"closed","sticky":false,"template":"","format":"standard","meta":{"footnotes":""},"categories":[5],"tags":[186,83,317],"class_list":["post-2714","post","type-post","status-publish","format-standard","has-post-thumbnail","hentry","category-news","tag-aktion","tag-bilderbuch","tag-lesestart","item-wrap"],"_links":{"self":[{"href":"https:\/\/gemeindebuechereikastl.de\/index.php?rest_route=\/wp\/v2\/posts\/2714","targetHints":{"allow":["GET"]}}],"collection":[{"href":"https:\/\/gemeindebuechereikastl.de\/index.php?rest_route=\/wp\/v2\/posts"}],"about":[{"href":"https:\/\/gemeindebuechereikastl.de\/index.php?rest_route=\/wp\/v2\/types\/post"}],"author":[{"embeddable":true,"href":"https:\/\/gemeindebuechereikastl.de\/index.php?rest_route=\/wp\/v2\/users\/1"}],"replies":[{"embeddable":true,"href":"https:\/\/gemeindebuechereikastl.de\/index.php?rest_route=%2Fwp%2Fv2%2Fcomments&post=2714"}],"version-history":[{"count":5,"href":"https:\/\/gemeindebuechereikastl.de\/index.php?rest_route=\/wp\/v2\/posts\/2714\/revisions"}],"predecessor-version":[{"id":2721,"href":"https:\/\/gemeindebuechereikastl.de\/index.php?rest_route=\/wp\/v2\/posts\/2714\/revisions\/2721"}],"wp:featuredmedia":[{"embeddable":true,"href":"https:\/\/gemeindebuechereikastl.de\/index.php?rest_route=\/wp\/v2\/media\/2715"}],"wp:attachment":[{"href":"https:\/\/gemeindebuechereikastl.de\/index.php?rest_route=%2Fwp%2Fv2%2Fmedia&parent=2714"}],"wp:term":[{"taxonomy":"category","embeddable":true,"href":"https:\/\/gemeindebuechereikastl.de\/index.php?rest_route=%2Fwp%2Fv2%2Fcategories&post=2714"},{"taxonomy":"post_tag","embeddable":true,"href":"https:\/\/gemeindebuechereikastl.de\/index.php?rest_route=%2Fwp%2Fv2%2Ftags&post=2714"}],"curies":[{"name":"wp","href":"https:\/\/api.w.org\/{rel}","templated":true}]}}