{"id":2722,"date":"2022-03-17T15:17:23","date_gmt":"2022-03-17T15:17:23","guid":{"rendered":"https:\/\/gemeindebuechereikastl.de\/?p=2722"},"modified":"2022-03-17T15:19:06","modified_gmt":"2022-03-17T15:19:06","slug":"online-vortrag-lesung-von-kirsten-boie","status":"publish","type":"post","link":"https:\/\/gemeindebuechereikastl.de\/?p=2722","title":{"rendered":"Online-Vortrag &#038; Lesung von Kirsten Boie"},"content":{"rendered":"<h2 style=\"text-align: center;\"><span style=\"color: #ff6600;\"><b>Online-Vortrag und -Lesung via Zoom<br \/>\nmit Autorin Dr. Kirsten Boie<\/b><\/span><\/h2>\n<h3 style=\"text-align: center;\"><b>am Mittwoch, den 23. M\u00e4rz 2022, um 19.00 Uhr<\/b><\/h3>\n<p>\u201eIm Krieg gibt es keine Sieger\u201c, sagt Kirsten Boie. In Ihrem Jugendroman entfaltet sie den Blick auf drei junge Menschen, die den Zweiten Weltkrieg unterschiedlich erlebt haben. Empathisch n\u00e4hert sich Boie den Figuren, richtet nicht, sondern erz\u00e4hlt davon, was Kriege, Ideologien und L\u00fcgen anrichten k\u00f6nnen.<\/p>\n<p><img loading=\"lazy\" decoding=\"async\" class=\"aligncenter wp-image-2723 size-large\" src=\"https:\/\/gemeindebuechereikastl.de\/wp-content\/uploads\/2022\/03\/Weltfrieden-1206x1206.jpg\" alt=\"\" width=\"750\" height=\"750\" srcset=\"https:\/\/gemeindebuechereikastl.de\/wp-content\/uploads\/2022\/03\/Weltfrieden-1206x1206.jpg 1206w, https:\/\/gemeindebuechereikastl.de\/wp-content\/uploads\/2022\/03\/Weltfrieden-300x300.jpg 300w, https:\/\/gemeindebuechereikastl.de\/wp-content\/uploads\/2022\/03\/Weltfrieden-150x150.jpg 150w, https:\/\/gemeindebuechereikastl.de\/wp-content\/uploads\/2022\/03\/Weltfrieden-768x768.jpg 768w, https:\/\/gemeindebuechereikastl.de\/wp-content\/uploads\/2022\/03\/Weltfrieden-1536x1536.jpg 1536w, https:\/\/gemeindebuechereikastl.de\/wp-content\/uploads\/2022\/03\/Weltfrieden-2048x2048.jpg 2048w, https:\/\/gemeindebuechereikastl.de\/wp-content\/uploads\/2022\/03\/Weltfrieden-750x750.jpg 750w\" sizes=\"auto, (max-width: 750px) 100vw, 750px\" \/><\/p>\n<h4>Anmeldung per Mail an <a href=\"mailto:anmeldung@akademie-kjl.de\" target=\"_blank\" rel=\"noopener\">anmeldung@akademie-kjl.de<\/a>.<\/h4>\n<h4>Die Teilnehmerzahl ist begrenzt, die Teilnahme ist kostenlos. Einwahldaten erhalten Sie nach Anmeldung.<\/h4>\n","protected":false},"excerpt":{"rendered":"<p>Online-Vortrag und -Lesung via Zoom mit Autorin Dr. Kirsten Boie am Mittwoch, den 23. M\u00e4rz 2022, um 19.00 Uhr \u201eIm Krieg gibt es keine Sieger\u201c, sagt Kirsten Boie. In Ihrem Jugendroman entfaltet sie den Blick auf drei junge Menschen, die den Zweiten Weltkrieg unterschiedlich erlebt haben. Empathisch n\u00e4hert sich Boie den Figuren, richtet nicht, sondern &hellip; <\/p>\n<p><a class=\"more-link btn\" href=\"https:\/\/gemeindebuechereikastl.de\/?p=2722\">Weiterlesen<\/a><\/p>\n","protected":false},"author":1,"featured_media":0,"comment_status":"closed","ping_status":"closed","sticky":false,"template":"","format":"standard","meta":{"footnotes":""},"categories":[1],"tags":[318,241,232],"class_list":["post-2722","post","type-post","status-publish","format-standard","hentry","category-team","tag-krieg","tag-lesung","tag-online-lesungen","item-wrap"],"_links":{"self":[{"href":"https:\/\/gemeindebuechereikastl.de\/index.php?rest_route=\/wp\/v2\/posts\/2722","targetHints":{"allow":["GET"]}}],"collection":[{"href":"https:\/\/gemeindebuechereikastl.de\/index.php?rest_route=\/wp\/v2\/posts"}],"about":[{"href":"https:\/\/gemeindebuechereikastl.de\/index.php?rest_route=\/wp\/v2\/types\/post"}],"author":[{"embeddable":true,"href":"https:\/\/gemeindebuechereikastl.de\/index.php?rest_route=\/wp\/v2\/users\/1"}],"replies":[{"embeddable":true,"href":"https:\/\/gemeindebuechereikastl.de\/index.php?rest_route=%2Fwp%2Fv2%2Fcomments&post=2722"}],"version-history":[{"count":1,"href":"https:\/\/gemeindebuechereikastl.de\/index.php?rest_route=\/wp\/v2\/posts\/2722\/revisions"}],"predecessor-version":[{"id":2724,"href":"https:\/\/gemeindebuechereikastl.de\/index.php?rest_route=\/wp\/v2\/posts\/2722\/revisions\/2724"}],"wp:attachment":[{"href":"https:\/\/gemeindebuechereikastl.de\/index.php?rest_route=%2Fwp%2Fv2%2Fmedia&parent=2722"}],"wp:term":[{"taxonomy":"category","embeddable":true,"href":"https:\/\/gemeindebuechereikastl.de\/index.php?rest_route=%2Fwp%2Fv2%2Fcategories&post=2722"},{"taxonomy":"post_tag","embeddable":true,"href":"https:\/\/gemeindebuechereikastl.de\/index.php?rest_route=%2Fwp%2Fv2%2Ftags&post=2722"}],"curies":[{"name":"wp","href":"https:\/\/api.w.org\/{rel}","templated":true}]}}