{"id":2739,"date":"2022-03-29T11:37:13","date_gmt":"2022-03-29T11:37:13","guid":{"rendered":"https:\/\/gemeindebuechereikastl.de\/?p=2739"},"modified":"2022-03-29T11:41:10","modified_gmt":"2022-03-29T11:41:10","slug":"hervoragende-arbeit-das-buechereiteams-bei-der-kuratoriumssitzung-bestaetigt","status":"publish","type":"post","link":"https:\/\/gemeindebuechereikastl.de\/?p=2739","title":{"rendered":"Hervoragende Arbeit das B\u00fcchereiteams bei der Kuratoriumssitzung hervorgehoben"},"content":{"rendered":"<h2 style=\"text-align: center;\"><span style=\"color: #ff6600;\"><strong>Leitung der Gemeindeb\u00fccherei Kastl konnte bei der j\u00e4hrlichen Kuratoriumssitzung wieder von einem sehr guten und erfolgreichen B\u00fcchereijahr berichten<\/strong><\/span><\/h2>\n<p>Von einem erneut erfolgreichem B\u00fcchereijahr konnten B\u00fcchereileiter Georg D\u00fcrr und Christa Kastner vom Leitungsteam der Gemeindeb\u00fccherei Kastl in der Kuratoriumssitzung mit den Vertretern der beiden Tr\u00e4ger der B\u00fccherei, von der Pfarrei, Pfarrer Johannes Arweck und Kirchenpfleger Karl Gerstenh\u00f6fer und f\u00fcr die Gemeinde B\u00fcrgermeister Stefan Braun berichten. Trotz der Schlie\u00dfung der B\u00fccherei von insgesamt 13 Wochen im Jahr 2021, die w\u00e4hrend der Corona Pandemie und in der Zeit der Renovierung sein mussten, konnte das Team die stattliche Zahl von 13.279 Entleihungen verbuchen.<\/p>\n<p><img loading=\"lazy\" decoding=\"async\" class=\"aligncenter wp-image-2740 size-large\" src=\"https:\/\/gemeindebuechereikastl.de\/wp-content\/uploads\/2022\/03\/Kuratoriumssitzung-1603x902.jpg\" alt=\"\" width=\"750\" height=\"422\" srcset=\"https:\/\/gemeindebuechereikastl.de\/wp-content\/uploads\/2022\/03\/Kuratoriumssitzung-1603x902.jpg 1603w, https:\/\/gemeindebuechereikastl.de\/wp-content\/uploads\/2022\/03\/Kuratoriumssitzung-300x169.jpg 300w, https:\/\/gemeindebuechereikastl.de\/wp-content\/uploads\/2022\/03\/Kuratoriumssitzung-768x432.jpg 768w, https:\/\/gemeindebuechereikastl.de\/wp-content\/uploads\/2022\/03\/Kuratoriumssitzung-1536x865.jpg 1536w, https:\/\/gemeindebuechereikastl.de\/wp-content\/uploads\/2022\/03\/Kuratoriumssitzung-2048x1153.jpg 2048w, https:\/\/gemeindebuechereikastl.de\/wp-content\/uploads\/2022\/03\/Kuratoriumssitzung-750x422.jpg 750w\" sizes=\"auto, (max-width: 750px) 100vw, 750px\" \/>Das Team konnte im vergangenen Jahr \u00fcber 3800 Besucher in der B\u00fccherei begr\u00fc\u00dfen und nochmals fast 62.000 Zugriffe konnten auf die Homepage der B\u00fccherei\u00a0 gez\u00e4hlt werden. Zu der gro\u00dfen Zahl der Benutzer kamen 83 neue Leser dazu. Allen Interessenten stehen in der Kastler B\u00fccherei 9756 B\u00fccher und Medien in der B\u00fccherei selbst und nochmals ca. 25.000 E-Books virtuell im Onleihe Verbund Leo Nord zur Verf\u00fcgung. Die 24 ehrenamtlichen Mitarbeiter\/innen haben im vergangenen Jahr \u00fcber 2500 unentgeltliche Stunden f\u00fcr die Arbeiten in der B\u00fccherei geleistet&#8230;&#8230;&#8230;\u00a0 <strong><a href=\"https:\/\/gemeindebuechereikastl.de\/wp-content\/uploads\/2022\/03\/Kuratoriumssitzung-2022.pdf\">weiter Lesen\u00a0<\/a><\/strong><\/p>\n","protected":false},"excerpt":{"rendered":"<p>Leitung der Gemeindeb\u00fccherei Kastl konnte bei der j\u00e4hrlichen Kuratoriumssitzung wieder von einem sehr guten und erfolgreichen B\u00fcchereijahr berichten Von einem erneut erfolgreichem B\u00fcchereijahr konnten B\u00fcchereileiter Georg D\u00fcrr und Christa Kastner vom Leitungsteam der Gemeindeb\u00fccherei Kastl in der Kuratoriumssitzung mit den Vertretern der beiden Tr\u00e4ger der B\u00fccherei, von der Pfarrei, Pfarrer Johannes Arweck und Kirchenpfleger Karl &hellip; <\/p>\n<p><a class=\"more-link btn\" href=\"https:\/\/gemeindebuechereikastl.de\/?p=2739\">Weiterlesen<\/a><\/p>\n","protected":false},"author":1,"featured_media":2740,"comment_status":"closed","ping_status":"closed","sticky":false,"template":"","format":"standard","meta":{"footnotes":""},"categories":[1],"tags":[268,321],"class_list":["post-2739","post","type-post","status-publish","format-standard","has-post-thumbnail","hentry","category-team","tag-jahresbericht","tag-kuratoriumssitzung","item-wrap"],"_links":{"self":[{"href":"https:\/\/gemeindebuechereikastl.de\/index.php?rest_route=\/wp\/v2\/posts\/2739","targetHints":{"allow":["GET"]}}],"collection":[{"href":"https:\/\/gemeindebuechereikastl.de\/index.php?rest_route=\/wp\/v2\/posts"}],"about":[{"href":"https:\/\/gemeindebuechereikastl.de\/index.php?rest_route=\/wp\/v2\/types\/post"}],"author":[{"embeddable":true,"href":"https:\/\/gemeindebuechereikastl.de\/index.php?rest_route=\/wp\/v2\/users\/1"}],"replies":[{"embeddable":true,"href":"https:\/\/gemeindebuechereikastl.de\/index.php?rest_route=%2Fwp%2Fv2%2Fcomments&post=2739"}],"version-history":[{"count":3,"href":"https:\/\/gemeindebuechereikastl.de\/index.php?rest_route=\/wp\/v2\/posts\/2739\/revisions"}],"predecessor-version":[{"id":2744,"href":"https:\/\/gemeindebuechereikastl.de\/index.php?rest_route=\/wp\/v2\/posts\/2739\/revisions\/2744"}],"wp:featuredmedia":[{"embeddable":true,"href":"https:\/\/gemeindebuechereikastl.de\/index.php?rest_route=\/wp\/v2\/media\/2740"}],"wp:attachment":[{"href":"https:\/\/gemeindebuechereikastl.de\/index.php?rest_route=%2Fwp%2Fv2%2Fmedia&parent=2739"}],"wp:term":[{"taxonomy":"category","embeddable":true,"href":"https:\/\/gemeindebuechereikastl.de\/index.php?rest_route=%2Fwp%2Fv2%2Fcategories&post=2739"},{"taxonomy":"post_tag","embeddable":true,"href":"https:\/\/gemeindebuechereikastl.de\/index.php?rest_route=%2Fwp%2Fv2%2Ftags&post=2739"}],"curies":[{"name":"wp","href":"https:\/\/api.w.org\/{rel}","templated":true}]}}