{"id":2745,"date":"2022-03-31T10:19:06","date_gmt":"2022-03-31T10:19:06","guid":{"rendered":"https:\/\/gemeindebuechereikastl.de\/?p=2745"},"modified":"2022-03-31T10:26:18","modified_gmt":"2022-03-31T10:26:18","slug":"team-praesentiert-grossartige-und-aktuelle-jugendromane-in-einer-ausstellung","status":"publish","type":"post","link":"https:\/\/gemeindebuechereikastl.de\/?p=2745","title":{"rendered":"Team pr\u00e4sentiert gro\u00dfartige und aktuelle Jugendromane in einer Ausstellung"},"content":{"rendered":"<h2 style=\"text-align: center;\"><span style=\"color: #ff6600;\">Im Obergeschoss der B\u00fccherei gibt es zur Zeit eine Ausstellung mit gro\u00dfartigen und aktuellen Jugendromanen<\/span><\/h2>\n<p><img loading=\"lazy\" decoding=\"async\" class=\"alignleft wp-image-2746 \" src=\"https:\/\/gemeindebuechereikastl.de\/wp-content\/uploads\/2022\/03\/Jugendbuecher-823x1206.jpg\" alt=\"\" width=\"416\" height=\"610\" srcset=\"https:\/\/gemeindebuechereikastl.de\/wp-content\/uploads\/2022\/03\/Jugendbuecher-823x1206.jpg 823w, https:\/\/gemeindebuechereikastl.de\/wp-content\/uploads\/2022\/03\/Jugendbuecher-205x300.jpg 205w, https:\/\/gemeindebuechereikastl.de\/wp-content\/uploads\/2022\/03\/Jugendbuecher-768x1126.jpg 768w, https:\/\/gemeindebuechereikastl.de\/wp-content\/uploads\/2022\/03\/Jugendbuecher-1048x1536.jpg 1048w, https:\/\/gemeindebuechereikastl.de\/wp-content\/uploads\/2022\/03\/Jugendbuecher-1397x2048.jpg 1397w, https:\/\/gemeindebuechereikastl.de\/wp-content\/uploads\/2022\/03\/Jugendbuecher-750x1099.jpg 750w, https:\/\/gemeindebuechereikastl.de\/wp-content\/uploads\/2022\/03\/Jugendbuecher-scaled.jpg 1747w\" sizes=\"auto, (max-width: 416px) 100vw, 416px\" \/>Gute Jugendromane ziehen nicht nur die eigentliche Zielgruppe in ihren Bann. Das wissen wohl auch die meisten Erwachsenen durch nachdenklich stimmende, spannende, traurige, am\u00fcsante oder sonst wie herzergreifende Erz\u00e4hlungen.<\/p>\n<p>interessieren Geschichten, die von Jugendlichen und ihren Abenteuern bzw. Erlebnissen handeln und eigentlich f\u00fcr dieselben geschrieben wurden, oft auch Leser jenseits des Teenager-Alters.<\/p>\n<h4><strong>Buchempfehlungen<\/strong><\/h4>\n<p>Doch welche B\u00fccher sind hierbei nun besonders lesenswert? Wir haben f\u00fcr Sie eine interessante Ausstellung mit aktuellen Bestsellern aus der Chance der Jugendliteratur im Obergeschoss der B\u00fccherei zusammenstellt. Kommen Sie vorbei und entdecken Sie auch Klassiker unter unseren Jugendromanen.<\/p>\n<h4 style=\"text-align: center;\">Weiter Infos wie immer in unserem<br \/>\n<strong><a href=\"https:\/\/iopac.gemeindebuechereikastl.de\/iopac\/\">Online-Katalog<\/a><\/strong><\/h4>\n","protected":false},"excerpt":{"rendered":"<p>Im Obergeschoss der B\u00fccherei gibt es zur Zeit eine Ausstellung mit gro\u00dfartigen und aktuellen Jugendromanen Gute Jugendromane ziehen nicht nur die eigentliche Zielgruppe in ihren Bann. Das wissen wohl auch die meisten Erwachsenen durch nachdenklich stimmende, spannende, traurige, am\u00fcsante oder sonst wie herzergreifende Erz\u00e4hlungen. interessieren Geschichten, die von Jugendlichen und ihren Abenteuern bzw. Erlebnissen handeln &hellip; <\/p>\n<p><a class=\"more-link btn\" href=\"https:\/\/gemeindebuechereikastl.de\/?p=2745\">Weiterlesen<\/a><\/p>\n","protected":false},"author":1,"featured_media":2746,"comment_status":"closed","ping_status":"closed","sticky":false,"template":"","format":"standard","meta":{"footnotes":""},"categories":[5],"tags":[192,194,322],"class_list":["post-2745","post","type-post","status-publish","format-standard","has-post-thumbnail","hentry","category-news","tag-ausstellung","tag-buchausstellung","tag-jugenbuecher","item-wrap"],"_links":{"self":[{"href":"https:\/\/gemeindebuechereikastl.de\/index.php?rest_route=\/wp\/v2\/posts\/2745","targetHints":{"allow":["GET"]}}],"collection":[{"href":"https:\/\/gemeindebuechereikastl.de\/index.php?rest_route=\/wp\/v2\/posts"}],"about":[{"href":"https:\/\/gemeindebuechereikastl.de\/index.php?rest_route=\/wp\/v2\/types\/post"}],"author":[{"embeddable":true,"href":"https:\/\/gemeindebuechereikastl.de\/index.php?rest_route=\/wp\/v2\/users\/1"}],"replies":[{"embeddable":true,"href":"https:\/\/gemeindebuechereikastl.de\/index.php?rest_route=%2Fwp%2Fv2%2Fcomments&post=2745"}],"version-history":[{"count":6,"href":"https:\/\/gemeindebuechereikastl.de\/index.php?rest_route=\/wp\/v2\/posts\/2745\/revisions"}],"predecessor-version":[{"id":2752,"href":"https:\/\/gemeindebuechereikastl.de\/index.php?rest_route=\/wp\/v2\/posts\/2745\/revisions\/2752"}],"wp:featuredmedia":[{"embeddable":true,"href":"https:\/\/gemeindebuechereikastl.de\/index.php?rest_route=\/wp\/v2\/media\/2746"}],"wp:attachment":[{"href":"https:\/\/gemeindebuechereikastl.de\/index.php?rest_route=%2Fwp%2Fv2%2Fmedia&parent=2745"}],"wp:term":[{"taxonomy":"category","embeddable":true,"href":"https:\/\/gemeindebuechereikastl.de\/index.php?rest_route=%2Fwp%2Fv2%2Fcategories&post=2745"},{"taxonomy":"post_tag","embeddable":true,"href":"https:\/\/gemeindebuechereikastl.de\/index.php?rest_route=%2Fwp%2Fv2%2Ftags&post=2745"}],"curies":[{"name":"wp","href":"https:\/\/api.w.org\/{rel}","templated":true}]}}