{"id":2753,"date":"2022-03-31T10:50:52","date_gmt":"2022-03-31T10:50:52","guid":{"rendered":"https:\/\/gemeindebuechereikastl.de\/?p=2753"},"modified":"2022-03-31T11:29:25","modified_gmt":"2022-03-31T11:29:25","slug":"die-schoensten-buchempfehlungen-fuer-kinder-ueber-die-osterzeit","status":"publish","type":"post","link":"https:\/\/gemeindebuechereikastl.de\/?p=2753","title":{"rendered":"Die sch\u00f6nsten Buchempfehlungen f\u00fcr Kinder \u00fcber die Osterzeit!"},"content":{"rendered":"<h2 style=\"text-align: center;\"><span style=\"color: #ff6600;\"><strong>B\u00fccherteam hat eine Ausstellung mit B\u00fcchern \u00fcber Ostern f\u00fcr Kinder zusammegestellt<\/strong><\/span><\/h2>\n<p data-wp-editing=\"1\"><img loading=\"lazy\" decoding=\"async\" class=\"alignleft wp-image-2754 \" src=\"https:\/\/gemeindebuechereikastl.de\/wp-content\/uploads\/2022\/03\/20220326_175022-905x1206.jpg\" alt=\"\" width=\"351\" height=\"468\" srcset=\"https:\/\/gemeindebuechereikastl.de\/wp-content\/uploads\/2022\/03\/20220326_175022-905x1206.jpg 905w, https:\/\/gemeindebuechereikastl.de\/wp-content\/uploads\/2022\/03\/20220326_175022-225x300.jpg 225w, https:\/\/gemeindebuechereikastl.de\/wp-content\/uploads\/2022\/03\/20220326_175022-768x1024.jpg 768w, https:\/\/gemeindebuechereikastl.de\/wp-content\/uploads\/2022\/03\/20220326_175022-1152x1536.jpg 1152w, https:\/\/gemeindebuechereikastl.de\/wp-content\/uploads\/2022\/03\/20220326_175022-1536x2048.jpg 1536w, https:\/\/gemeindebuechereikastl.de\/wp-content\/uploads\/2022\/03\/20220326_175022-750x1000.jpg 750w, https:\/\/gemeindebuechereikastl.de\/wp-content\/uploads\/2022\/03\/20220326_175022-scaled.jpg 1920w\" sizes=\"auto, (max-width: 351px) 100vw, 351px\" \/><br \/>\nDie sch\u00f6nsten Buchempfehlungen f\u00fcr Kinder \u00fcber die Osterzeit! Ostern ist das \u00e4lteste und h\u00f6chste Fest im Kirchenjahr. Christen wie Nicht-Christen verbinden mit dem Osterfest die Freude auf den Fr\u00fchling, W\u00e4rme und Licht. Wir haben f\u00fcr Sie die besten Kinderb\u00fccher \u00fcber die Ostergeschichte sowie spirituelle Begleiter f\u00fcr und \u00fcber diese <img loading=\"lazy\" decoding=\"async\" class=\"alignright wp-image-2756 \" src=\"https:\/\/gemeindebuechereikastl.de\/wp-content\/uploads\/2022\/03\/Osterdeko-714x1206.jpg\" alt=\"\" width=\"248\" height=\"419\" srcset=\"https:\/\/gemeindebuechereikastl.de\/wp-content\/uploads\/2022\/03\/Osterdeko-714x1206.jpg 714w, https:\/\/gemeindebuechereikastl.de\/wp-content\/uploads\/2022\/03\/Osterdeko-178x300.jpg 178w, https:\/\/gemeindebuechereikastl.de\/wp-content\/uploads\/2022\/03\/Osterdeko-768x1297.jpg 768w, https:\/\/gemeindebuechereikastl.de\/wp-content\/uploads\/2022\/03\/Osterdeko-910x1536.jpg 910w, https:\/\/gemeindebuechereikastl.de\/wp-content\/uploads\/2022\/03\/Osterdeko-1213x2048.jpg 1213w, https:\/\/gemeindebuechereikastl.de\/wp-content\/uploads\/2022\/03\/Osterdeko-750x1267.jpg 750w, https:\/\/gemeindebuechereikastl.de\/wp-content\/uploads\/2022\/03\/Osterdeko-scaled.jpg 1516w\" sizes=\"auto, (max-width: 248px) 100vw, 248px\" \/>besondere Zeit zusammen-<br \/>\ngestellt.<\/p>\n<p>Zu den speziellen saisonalen B\u00fcchern geh\u00f6ren bei uns in der B\u00fccherei vor allem die Osterb\u00fccher. Auch f\u00fcr nicht-religi\u00f6se Kinder sind die Geschichten \u00fcber das Osterfest oder den Osterhasen eine Bereicherung.<\/p>\n<p>Das Team hat eine gro\u00dfartige Auswahl an Osterb\u00fcchern f\u00fcr Kinder zusammengestellt und diese werden in der Osterausstellung im Eingangsbereich mit einer einzigartigen Deko pr\u00e4sentiert.<\/p>\n<p style=\"text-align: center;\"><strong>Weitere Osterb\u00fccher f\u00fcr Kinder und auch f\u00fcr Erwachsene gibt es <\/strong><strong>auch in unserem <a href=\"https:\/\/iopac.gemeindebuechereikastl.de\/iopac\/\">Online-Katalog <\/a><br \/>\nzu entdecken.<\/strong><\/p>\n","protected":false},"excerpt":{"rendered":"<p>B\u00fccherteam hat eine Ausstellung mit B\u00fcchern \u00fcber Ostern f\u00fcr Kinder zusammegestellt Die sch\u00f6nsten Buchempfehlungen f\u00fcr Kinder \u00fcber die Osterzeit! Ostern ist das \u00e4lteste und h\u00f6chste Fest im Kirchenjahr. Christen wie Nicht-Christen verbinden mit dem Osterfest die Freude auf den Fr\u00fchling, W\u00e4rme und Licht. Wir haben f\u00fcr Sie die besten Kinderb\u00fccher \u00fcber die Ostergeschichte sowie spirituelle &hellip; <\/p>\n<p><a class=\"more-link btn\" href=\"https:\/\/gemeindebuechereikastl.de\/?p=2753\">Weiterlesen<\/a><\/p>\n","protected":false},"author":1,"featured_media":2754,"comment_status":"closed","ping_status":"closed","sticky":false,"template":"","format":"standard","meta":{"footnotes":""},"categories":[5],"tags":[192,194,190,29],"class_list":["post-2753","post","type-post","status-publish","format-standard","has-post-thumbnail","hentry","category-news","tag-ausstellung","tag-buchausstellung","tag-kinderbuecher","tag-ostern","item-wrap"],"_links":{"self":[{"href":"https:\/\/gemeindebuechereikastl.de\/index.php?rest_route=\/wp\/v2\/posts\/2753","targetHints":{"allow":["GET"]}}],"collection":[{"href":"https:\/\/gemeindebuechereikastl.de\/index.php?rest_route=\/wp\/v2\/posts"}],"about":[{"href":"https:\/\/gemeindebuechereikastl.de\/index.php?rest_route=\/wp\/v2\/types\/post"}],"author":[{"embeddable":true,"href":"https:\/\/gemeindebuechereikastl.de\/index.php?rest_route=\/wp\/v2\/users\/1"}],"replies":[{"embeddable":true,"href":"https:\/\/gemeindebuechereikastl.de\/index.php?rest_route=%2Fwp%2Fv2%2Fcomments&post=2753"}],"version-history":[{"count":16,"href":"https:\/\/gemeindebuechereikastl.de\/index.php?rest_route=\/wp\/v2\/posts\/2753\/revisions"}],"predecessor-version":[{"id":2772,"href":"https:\/\/gemeindebuechereikastl.de\/index.php?rest_route=\/wp\/v2\/posts\/2753\/revisions\/2772"}],"wp:featuredmedia":[{"embeddable":true,"href":"https:\/\/gemeindebuechereikastl.de\/index.php?rest_route=\/wp\/v2\/media\/2754"}],"wp:attachment":[{"href":"https:\/\/gemeindebuechereikastl.de\/index.php?rest_route=%2Fwp%2Fv2%2Fmedia&parent=2753"}],"wp:term":[{"taxonomy":"category","embeddable":true,"href":"https:\/\/gemeindebuechereikastl.de\/index.php?rest_route=%2Fwp%2Fv2%2Fcategories&post=2753"},{"taxonomy":"post_tag","embeddable":true,"href":"https:\/\/gemeindebuechereikastl.de\/index.php?rest_route=%2Fwp%2Fv2%2Ftags&post=2753"}],"curies":[{"name":"wp","href":"https:\/\/api.w.org\/{rel}","templated":true}]}}