{"id":2775,"date":"2022-04-02T14:32:21","date_gmt":"2022-04-02T14:32:21","guid":{"rendered":"https:\/\/gemeindebuechereikastl.de\/?p=2775"},"modified":"2022-04-02T14:33:33","modified_gmt":"2022-04-02T14:33:33","slug":"erhebliche-lockerungen-ab-sonntag-3-april-in-der-buecherei","status":"publish","type":"post","link":"https:\/\/gemeindebuechereikastl.de\/?p=2775","title":{"rendered":"Erhebliche Lockerungen ab Sonntag, 3. April in der B\u00fccherei"},"content":{"rendered":"<h2 style=\"text-align: center;\"><span style=\"color: #ff6600;\"><strong><img loading=\"lazy\" decoding=\"async\" class=\"dd-wysiwyg-media-image note-float-right alignleft\" src=\"https:\/\/www.michaelsbund.de\/out\/pictures\/ddmedia\/corona-regeln-2.png\" width=\"213\" height=\"214\" data-filename=\"corona-regeln-2.png\" data-filepath=\"\/\/www.michaelsbund.de\/out\/pictures\/ddmedia\/corona-regeln-2.png\" data-source=\"media\" \/><\/strong><\/span><\/h2>\n<h2 style=\"text-align: center;\"><span style=\"color: #ff6600;\">Ab Sonntag, 3. April gibt es beim B\u00fcchereibesuch erhebliche Lockerungen bei den Corona Regeln<br \/>\n<\/span><\/h2>\n<p>Der Bayerische Ministerrat hat die auf Grundlage des\u00a0neuen Bundesinfektionsschutzgesetz beschlossen, ab dem 3. April 2022 nur noch so genannte \u201eBasisschutzma\u00dfnahmen\u201c in bestimmten Bereichen anzuwenden und von weitergehenden Ma\u00dfnahmen (der so genannten Hotspotregelung) keinen Gebrauch zu machen, da diese nach \u00dcberzeugung Bayerns nicht rechtssicher anwendbar ist.<img loading=\"lazy\" decoding=\"async\" class=\" wp-image-770 alignright\" src=\"https:\/\/gemeindebuechereikastl.de\/wp-content\/uploads\/2018\/12\/offene-T\u00fcr-300x215.jpg\" alt=\"\" width=\"213\" height=\"153\" srcset=\"https:\/\/gemeindebuechereikastl.de\/wp-content\/uploads\/2018\/12\/offene-T\u00fcr-300x215.jpg 300w, https:\/\/gemeindebuechereikastl.de\/wp-content\/uploads\/2018\/12\/offene-T\u00fcr-768x551.jpg 768w, https:\/\/gemeindebuechereikastl.de\/wp-content\/uploads\/2018\/12\/offene-T\u00fcr-1024x734.jpg 1024w\" sizes=\"auto, (max-width: 213px) 100vw, 213px\" \/><\/p>\n<h3 style=\"text-align: center;\"><span style=\"color: #ff0000;\">F\u00fcr B\u00fcchereien gilt daher: Sowohl der regul\u00e4re Ausleihbetrieb als auch Veranstaltungen oder Schulbesuche k\u00f6nnen ab dem 3. April ohne Auflagen durchgef\u00fchrt werden.<\/span><\/h3>\n","protected":false},"excerpt":{"rendered":"<p>Ab Sonntag, 3. April gibt es beim B\u00fcchereibesuch erhebliche Lockerungen bei den Corona Regeln Der Bayerische Ministerrat hat die auf Grundlage des\u00a0neuen Bundesinfektionsschutzgesetz beschlossen, ab dem 3. April 2022 nur noch so genannte \u201eBasisschutzma\u00dfnahmen\u201c in bestimmten Bereichen anzuwenden und von weitergehenden Ma\u00dfnahmen (der so genannten Hotspotregelung) keinen Gebrauch zu machen, da diese nach \u00dcberzeugung Bayerns &hellip; <\/p>\n<p><a class=\"more-link btn\" href=\"https:\/\/gemeindebuechereikastl.de\/?p=2775\">Weiterlesen<\/a><\/p>\n","protected":false},"author":1,"featured_media":770,"comment_status":"closed","ping_status":"closed","sticky":false,"template":"","format":"standard","meta":{"footnotes":""},"categories":[5],"tags":[213,155,323],"class_list":["post-2775","post","type-post","status-publish","format-standard","has-post-thumbnail","hentry","category-news","tag-corona","tag-oeffnung","tag-regeln","item-wrap"],"_links":{"self":[{"href":"https:\/\/gemeindebuechereikastl.de\/index.php?rest_route=\/wp\/v2\/posts\/2775","targetHints":{"allow":["GET"]}}],"collection":[{"href":"https:\/\/gemeindebuechereikastl.de\/index.php?rest_route=\/wp\/v2\/posts"}],"about":[{"href":"https:\/\/gemeindebuechereikastl.de\/index.php?rest_route=\/wp\/v2\/types\/post"}],"author":[{"embeddable":true,"href":"https:\/\/gemeindebuechereikastl.de\/index.php?rest_route=\/wp\/v2\/users\/1"}],"replies":[{"embeddable":true,"href":"https:\/\/gemeindebuechereikastl.de\/index.php?rest_route=%2Fwp%2Fv2%2Fcomments&post=2775"}],"version-history":[{"count":3,"href":"https:\/\/gemeindebuechereikastl.de\/index.php?rest_route=\/wp\/v2\/posts\/2775\/revisions"}],"predecessor-version":[{"id":2779,"href":"https:\/\/gemeindebuechereikastl.de\/index.php?rest_route=\/wp\/v2\/posts\/2775\/revisions\/2779"}],"wp:featuredmedia":[{"embeddable":true,"href":"https:\/\/gemeindebuechereikastl.de\/index.php?rest_route=\/wp\/v2\/media\/770"}],"wp:attachment":[{"href":"https:\/\/gemeindebuechereikastl.de\/index.php?rest_route=%2Fwp%2Fv2%2Fmedia&parent=2775"}],"wp:term":[{"taxonomy":"category","embeddable":true,"href":"https:\/\/gemeindebuechereikastl.de\/index.php?rest_route=%2Fwp%2Fv2%2Fcategories&post=2775"},{"taxonomy":"post_tag","embeddable":true,"href":"https:\/\/gemeindebuechereikastl.de\/index.php?rest_route=%2Fwp%2Fv2%2Ftags&post=2775"}],"curies":[{"name":"wp","href":"https:\/\/api.w.org\/{rel}","templated":true}]}}