{"id":2786,"date":"2022-04-03T07:23:57","date_gmt":"2022-04-03T07:23:57","guid":{"rendered":"https:\/\/gemeindebuechereikastl.de\/?p=2786"},"modified":"2022-04-05T17:09:07","modified_gmt":"2022-04-05T17:09:07","slug":"neuer-service-bei-der-ausleihe-von-zeitschriften","status":"publish","type":"post","link":"https:\/\/gemeindebuechereikastl.de\/?p=2786","title":{"rendered":"Neuer Service bei der Ausleihe von Zeitschriften"},"content":{"rendered":"<h2 style=\"text-align: center;\"><span style=\"color: #ff6600;\"><b><img loading=\"lazy\" decoding=\"async\" class=\"alignleft wp-image-2787 \" src=\"https:\/\/gemeindebuechereikastl.de\/wp-content\/uploads\/2022\/04\/Zeitschriftenregal-1510x1206.jpg\" alt=\"\" width=\"447\" height=\"357\" srcset=\"https:\/\/gemeindebuechereikastl.de\/wp-content\/uploads\/2022\/04\/Zeitschriftenregal-1510x1206.jpg 1510w, https:\/\/gemeindebuechereikastl.de\/wp-content\/uploads\/2022\/04\/Zeitschriftenregal-300x240.jpg 300w, https:\/\/gemeindebuechereikastl.de\/wp-content\/uploads\/2022\/04\/Zeitschriftenregal-768x614.jpg 768w, https:\/\/gemeindebuechereikastl.de\/wp-content\/uploads\/2022\/04\/Zeitschriftenregal-1536x1227.jpg 1536w, https:\/\/gemeindebuechereikastl.de\/wp-content\/uploads\/2022\/04\/Zeitschriftenregal-2048x1636.jpg 2048w, https:\/\/gemeindebuechereikastl.de\/wp-content\/uploads\/2022\/04\/Zeitschriftenregal-750x599.jpg 750w\" sizes=\"auto, (max-width: 447px) 100vw, 447px\" \/><\/b><\/span><\/h2>\n<h2 style=\"text-align: center;\"><span style=\"color: #ff6600;\"><b>&#8222;Neuer Service&#8220;<br \/>\n<\/b><\/span><\/h2>\n<h2 style=\"text-align: center;\"><span style=\"color: #ff6600;\"><b>Alle Zeitschriften sind jetzt entleihbar auch die NEUEN!<\/b><\/span><\/h2>\n<p>Alle neuen und aktuellen Zeitschriften wurden bisher ausgestellt und konnten nicht entliehen werden.<\/p>\n<p>Alle neuen und aktuellen Zeitschriften wurden bisher ausgestellt und konnten nicht entliehen werden, ab sofort \u00e4ndert sich dies. Die neuen Zeitschriften werden weiterhin pr\u00e4sentiert, nur das diese aktuellen Zeitschriften jetzt auch mitgenommen werden k\u00f6nnen.<\/p>\n<h3><span style=\"color: #ff0000;\"><b>Somit sind alle Zeitschriften entleihbar auch die NEUEN!<\/b><\/span><\/h3>\n<p><strong>E<\/strong><img loading=\"lazy\" decoding=\"async\" class=\"wp-image-77 alignleft\" src=\"https:\/\/gemeindebuechereikastl.de\/wp-content\/uploads\/2018\/01\/Leo-nord.jpg\" alt=\"\" width=\"140\" height=\"139\" srcset=\"https:\/\/gemeindebuechereikastl.de\/wp-content\/uploads\/2018\/01\/Leo-nord.jpg 230w, https:\/\/gemeindebuechereikastl.de\/wp-content\/uploads\/2018\/01\/Leo-nord-150x150.jpg 150w, https:\/\/gemeindebuechereikastl.de\/wp-content\/uploads\/2018\/01\/Leo-nord-60x60.jpg 60w\" sizes=\"auto, (max-width: 140px) 100vw, 140px\" \/><strong>in weiteres Angebot von 87 verschiedenen Zeitschriften gibt es in unserer \u201eOnleihe\u201c Leo Nord (E-Books). Unter <a href=\"https:\/\/leo-nord.onleihe.de\/\">https:\/\/leo-nord.onleihe.de\/ <\/a>und weiter bei\u00a0 eMagazine k\u00f6nnen diese heruntergeladen werden. Dieser Service ist f\u00fcr alle aktiven Leser der Gemeindeb\u00fccherei Kastl kostenlos!<br \/>\n<\/strong><\/p>\n","protected":false},"excerpt":{"rendered":"<p>&#8222;Neuer Service&#8220; Alle Zeitschriften sind jetzt entleihbar auch die NEUEN! Alle neuen und aktuellen Zeitschriften wurden bisher ausgestellt und konnten nicht entliehen werden. Alle neuen und aktuellen Zeitschriften wurden bisher ausgestellt und konnten nicht entliehen werden, ab sofort \u00e4ndert sich dies. Die neuen Zeitschriften werden weiterhin pr\u00e4sentiert, nur das diese aktuellen Zeitschriften jetzt auch mitgenommen &hellip; <\/p>\n<p><a class=\"more-link btn\" href=\"https:\/\/gemeindebuechereikastl.de\/?p=2786\">Weiterlesen<\/a><\/p>\n","protected":false},"author":1,"featured_media":2787,"comment_status":"closed","ping_status":"closed","sticky":false,"template":"","format":"standard","meta":{"footnotes":""},"categories":[5],"tags":[233,121],"class_list":["post-2786","post","type-post","status-publish","format-standard","has-post-thumbnail","hentry","category-news","tag-ausleihe","tag-zeitschriften","item-wrap"],"_links":{"self":[{"href":"https:\/\/gemeindebuechereikastl.de\/index.php?rest_route=\/wp\/v2\/posts\/2786","targetHints":{"allow":["GET"]}}],"collection":[{"href":"https:\/\/gemeindebuechereikastl.de\/index.php?rest_route=\/wp\/v2\/posts"}],"about":[{"href":"https:\/\/gemeindebuechereikastl.de\/index.php?rest_route=\/wp\/v2\/types\/post"}],"author":[{"embeddable":true,"href":"https:\/\/gemeindebuechereikastl.de\/index.php?rest_route=\/wp\/v2\/users\/1"}],"replies":[{"embeddable":true,"href":"https:\/\/gemeindebuechereikastl.de\/index.php?rest_route=%2Fwp%2Fv2%2Fcomments&post=2786"}],"version-history":[{"count":18,"href":"https:\/\/gemeindebuechereikastl.de\/index.php?rest_route=\/wp\/v2\/posts\/2786\/revisions"}],"predecessor-version":[{"id":2805,"href":"https:\/\/gemeindebuechereikastl.de\/index.php?rest_route=\/wp\/v2\/posts\/2786\/revisions\/2805"}],"wp:featuredmedia":[{"embeddable":true,"href":"https:\/\/gemeindebuechereikastl.de\/index.php?rest_route=\/wp\/v2\/media\/2787"}],"wp:attachment":[{"href":"https:\/\/gemeindebuechereikastl.de\/index.php?rest_route=%2Fwp%2Fv2%2Fmedia&parent=2786"}],"wp:term":[{"taxonomy":"category","embeddable":true,"href":"https:\/\/gemeindebuechereikastl.de\/index.php?rest_route=%2Fwp%2Fv2%2Fcategories&post=2786"},{"taxonomy":"post_tag","embeddable":true,"href":"https:\/\/gemeindebuechereikastl.de\/index.php?rest_route=%2Fwp%2Fv2%2Ftags&post=2786"}],"curies":[{"name":"wp","href":"https:\/\/api.w.org\/{rel}","templated":true}]}}