{"id":2806,"date":"2022-04-07T13:51:31","date_gmt":"2022-04-07T13:51:31","guid":{"rendered":"https:\/\/gemeindebuechereikastl.de\/?p=2806"},"modified":"2022-04-07T14:01:12","modified_gmt":"2022-04-07T14:01:12","slug":"neue-buecher-und-medien-fuer-ostern-eingetroffen","status":"publish","type":"post","link":"https:\/\/gemeindebuechereikastl.de\/?p=2806","title":{"rendered":"Neue B\u00fccher und Medien f\u00fcr Ostern eingetroffen!"},"content":{"rendered":"<h2 style=\"text-align: center;\"><span style=\"color: #ff6600;\"><strong>F\u00fcr alle Leserinnen und Leser sind neue B\u00fccher<br \/>\nund Tonies eingetroffen &#8211; Ab Ostern gibt es diese<br \/>\ndann auch zum Entleihen !<\/strong><\/span><\/h2>\n<p><img loading=\"lazy\" decoding=\"async\" class=\"alignnone wp-image-2807 size-large\" src=\"https:\/\/gemeindebuechereikastl.de\/wp-content\/uploads\/2022\/04\/Neue-Buecherkisten-ostern-1603x951.jpg\" alt=\"\" width=\"750\" height=\"445\" srcset=\"https:\/\/gemeindebuechereikastl.de\/wp-content\/uploads\/2022\/04\/Neue-Buecherkisten-ostern-1603x951.jpg 1603w, https:\/\/gemeindebuechereikastl.de\/wp-content\/uploads\/2022\/04\/Neue-Buecherkisten-ostern-300x178.jpg 300w, https:\/\/gemeindebuechereikastl.de\/wp-content\/uploads\/2022\/04\/Neue-Buecherkisten-ostern-768x456.jpg 768w, https:\/\/gemeindebuechereikastl.de\/wp-content\/uploads\/2022\/04\/Neue-Buecherkisten-ostern-1536x911.jpg 1536w, https:\/\/gemeindebuechereikastl.de\/wp-content\/uploads\/2022\/04\/Neue-Buecherkisten-ostern-2048x1215.jpg 2048w, https:\/\/gemeindebuechereikastl.de\/wp-content\/uploads\/2022\/04\/Neue-Buecherkisten-ostern-750x445.jpg 750w\" sizes=\"auto, (max-width: 750px) 100vw, 750px\" \/><\/p>\n<p>Es sind wieder neue B\u00fccher und Tonies bei uns in der B\u00fccherei eingetroffen. Die B\u00fccherkisten enthalten zum einen viele Kinderb\u00fccher, vor allem Erg\u00e4nzungen zu unseren Kinderbuchserien, weiter \u00fcber Kindersachb\u00fccher und aktuellen Jugendromanen bis hin zu diversen Bestsellern aus dem Bereich der Romane und Schachb\u00fccher sind unter den neuen. Die B\u00fccher werden in den n\u00e4chsten Wochen bearbeitet, so dass diese dann an Ostern ausgeliehen werden k\u00f6nnen.<\/p>\n<h4 style=\"text-align: center;\"><b>Wer schon jetzt wissen will was sich in den Kartons so f\u00fcr B\u00fccher verstecken, der kann sich schon jetzt in unserem <strong> <a href=\"https:\/\/iopac.gemeindebuechereikastl.de\/iopac\/\">Online-Katalog <\/a><\/strong> unter \u201eNeue Titel\u201c dar\u00fcber informieren.<br \/>\n<\/b><\/h4>\n","protected":false},"excerpt":{"rendered":"<p>F\u00fcr alle Leserinnen und Leser sind neue B\u00fccher und Tonies eingetroffen &#8211; Ab Ostern gibt es diese dann auch zum Entleihen ! Es sind wieder neue B\u00fccher und Tonies bei uns in der B\u00fccherei eingetroffen. Die B\u00fccherkisten enthalten zum einen viele Kinderb\u00fccher, vor allem Erg\u00e4nzungen zu unseren Kinderbuchserien, weiter \u00fcber Kindersachb\u00fccher und aktuellen Jugendromanen bis &hellip; <\/p>\n<p><a class=\"more-link btn\" href=\"https:\/\/gemeindebuechereikastl.de\/?p=2806\">Weiterlesen<\/a><\/p>\n","protected":false},"author":1,"featured_media":2807,"comment_status":"closed","ping_status":"closed","sticky":false,"template":"","format":"standard","meta":{"footnotes":""},"categories":[5],"tags":[85,324,29],"class_list":["post-2806","post","type-post","status-publish","format-standard","has-post-thumbnail","hentry","category-news","tag-neue-buecher","tag-neue-tonies","tag-ostern","item-wrap"],"_links":{"self":[{"href":"https:\/\/gemeindebuechereikastl.de\/index.php?rest_route=\/wp\/v2\/posts\/2806","targetHints":{"allow":["GET"]}}],"collection":[{"href":"https:\/\/gemeindebuechereikastl.de\/index.php?rest_route=\/wp\/v2\/posts"}],"about":[{"href":"https:\/\/gemeindebuechereikastl.de\/index.php?rest_route=\/wp\/v2\/types\/post"}],"author":[{"embeddable":true,"href":"https:\/\/gemeindebuechereikastl.de\/index.php?rest_route=\/wp\/v2\/users\/1"}],"replies":[{"embeddable":true,"href":"https:\/\/gemeindebuechereikastl.de\/index.php?rest_route=%2Fwp%2Fv2%2Fcomments&post=2806"}],"version-history":[{"count":4,"href":"https:\/\/gemeindebuechereikastl.de\/index.php?rest_route=\/wp\/v2\/posts\/2806\/revisions"}],"predecessor-version":[{"id":2811,"href":"https:\/\/gemeindebuechereikastl.de\/index.php?rest_route=\/wp\/v2\/posts\/2806\/revisions\/2811"}],"wp:featuredmedia":[{"embeddable":true,"href":"https:\/\/gemeindebuechereikastl.de\/index.php?rest_route=\/wp\/v2\/media\/2807"}],"wp:attachment":[{"href":"https:\/\/gemeindebuechereikastl.de\/index.php?rest_route=%2Fwp%2Fv2%2Fmedia&parent=2806"}],"wp:term":[{"taxonomy":"category","embeddable":true,"href":"https:\/\/gemeindebuechereikastl.de\/index.php?rest_route=%2Fwp%2Fv2%2Fcategories&post=2806"},{"taxonomy":"post_tag","embeddable":true,"href":"https:\/\/gemeindebuechereikastl.de\/index.php?rest_route=%2Fwp%2Fv2%2Ftags&post=2806"}],"curies":[{"name":"wp","href":"https:\/\/api.w.org\/{rel}","templated":true}]}}