{"id":2840,"date":"2022-04-20T07:56:55","date_gmt":"2022-04-20T07:56:55","guid":{"rendered":"https:\/\/gemeindebuechereikastl.de\/?p=2840"},"modified":"2022-04-20T11:18:55","modified_gmt":"2022-04-20T11:18:55","slug":"osterhase-brachte-neue-buecher-und-tonies","status":"publish","type":"post","link":"https:\/\/gemeindebuechereikastl.de\/?p=2840","title":{"rendered":"Osterhase brachte neue B\u00fccher und Tonies"},"content":{"rendered":"<h2 style=\"text-align: center;\"><span style=\"color: #ff6600;\"><strong>\u00dcber 100 neue B\u00fccher f\u00fcr alle Altersgruppen gibt es ab sofort zum Entleihen!<\/strong><\/span><\/h2>\n<p>Diverse Fr\u00fchjahrsnovit\u00e4ten hat das Team f\u00fcr alle Leser eingekauft, diese stehen ab sofort f\u00fcr die Ausleihe zur Verf\u00fcgung. Es gibt f\u00fcr alle vom Kleinkind bis hin zu B\u00fcchern f\u00fcr Erwachsene wieder viel neues zu entdecken.<\/p>\n<p><img loading=\"lazy\" decoding=\"async\" class=\"aligncenter wp-image-2842 size-large\" src=\"https:\/\/gemeindebuechereikastl.de\/wp-content\/uploads\/2022\/04\/Kinderbuecher-1596x1206.jpg\" alt=\"\" width=\"750\" height=\"567\" srcset=\"https:\/\/gemeindebuechereikastl.de\/wp-content\/uploads\/2022\/04\/Kinderbuecher-1596x1206.jpg 1596w, https:\/\/gemeindebuechereikastl.de\/wp-content\/uploads\/2022\/04\/Kinderbuecher-300x227.jpg 300w, https:\/\/gemeindebuechereikastl.de\/wp-content\/uploads\/2022\/04\/Kinderbuecher-768x580.jpg 768w, https:\/\/gemeindebuechereikastl.de\/wp-content\/uploads\/2022\/04\/Kinderbuecher-1536x1161.jpg 1536w, https:\/\/gemeindebuechereikastl.de\/wp-content\/uploads\/2022\/04\/Kinderbuecher-2048x1548.jpg 2048w, https:\/\/gemeindebuechereikastl.de\/wp-content\/uploads\/2022\/04\/Kinderbuecher-750x567.jpg 750w\" sizes=\"auto, (max-width: 750px) 100vw, 750px\" \/><\/p>\n<p>Bei den Bilderb\u00fcchern sind es der neue <strong>Dr. Brumm<\/strong> und ein Bilderbuch von Christian Neureuter und weitere. <img loading=\"lazy\" decoding=\"async\" class=\"alignleft wp-image-2841 \" src=\"https:\/\/gemeindebuechereikastl.de\/wp-content\/uploads\/2022\/04\/Kinderbuecher-Ausstellung-905x1206.jpg\" alt=\"\" width=\"295\" height=\"393\" srcset=\"https:\/\/gemeindebuechereikastl.de\/wp-content\/uploads\/2022\/04\/Kinderbuecher-Ausstellung-905x1206.jpg 905w, https:\/\/gemeindebuechereikastl.de\/wp-content\/uploads\/2022\/04\/Kinderbuecher-Ausstellung-225x300.jpg 225w, https:\/\/gemeindebuechereikastl.de\/wp-content\/uploads\/2022\/04\/Kinderbuecher-Ausstellung-768x1024.jpg 768w, https:\/\/gemeindebuechereikastl.de\/wp-content\/uploads\/2022\/04\/Kinderbuecher-Ausstellung-1152x1536.jpg 1152w, https:\/\/gemeindebuechereikastl.de\/wp-content\/uploads\/2022\/04\/Kinderbuecher-Ausstellung-1536x2048.jpg 1536w, https:\/\/gemeindebuechereikastl.de\/wp-content\/uploads\/2022\/04\/Kinderbuecher-Ausstellung-750x1000.jpg 750w, https:\/\/gemeindebuechereikastl.de\/wp-content\/uploads\/2022\/04\/Kinderbuecher-Ausstellung-scaled.jpg 1920w\" sizes=\"auto, (max-width: 295px) 100vw, 295px\" \/>Auch im Bereich der Erstleser gibt es neues wie die neuen vom <strong>Ponyhof Apfelbl\u00fcte<\/strong>, <strong>Das magisch Baumhaus<\/strong>, <strong>Major Tom<\/strong> und auch <strong>Conni<\/strong> und <strong>Hexe Lilli<\/strong> fehlen nicht.<br \/>\nBei den B\u00fcchern f\u00fcr Kinder von 8 bis 13. Jahre wurden die vorhandenen Serien ausgebaut so gibt es neues von der <strong>Tierpolizei<\/strong>, <strong>Der Haferhorde<\/strong>, <strong>Der Gl\u00fccksb\u00e4ckerei<\/strong>, <strong>Die drei ??? Kids<\/strong> und auch bei den <strong>drei !!!<\/strong> sind aktuelle B\u00fccher mit dabei. Neu ist die Serie Das B\u00fccherschloss. Neben den Serien gibt es auch andere gro\u00dfartige B\u00fccher zu entdecken.<img loading=\"lazy\" decoding=\"async\" class=\"alignright wp-image-2843 \" src=\"https:\/\/gemeindebuechereikastl.de\/wp-content\/uploads\/2022\/04\/Romane-905x1206.jpg\" alt=\"\" width=\"282\" height=\"376\" srcset=\"https:\/\/gemeindebuechereikastl.de\/wp-content\/uploads\/2022\/04\/Romane-905x1206.jpg 905w, https:\/\/gemeindebuechereikastl.de\/wp-content\/uploads\/2022\/04\/Romane-225x300.jpg 225w, https:\/\/gemeindebuechereikastl.de\/wp-content\/uploads\/2022\/04\/Romane-768x1024.jpg 768w, https:\/\/gemeindebuechereikastl.de\/wp-content\/uploads\/2022\/04\/Romane-1152x1536.jpg 1152w, https:\/\/gemeindebuechereikastl.de\/wp-content\/uploads\/2022\/04\/Romane-1536x2048.jpg 1536w, https:\/\/gemeindebuechereikastl.de\/wp-content\/uploads\/2022\/04\/Romane-750x1000.jpg 750w, https:\/\/gemeindebuechereikastl.de\/wp-content\/uploads\/2022\/04\/Romane-scaled.jpg 1920w\" sizes=\"auto, (max-width: 282px) 100vw, 282px\" \/><\/p>\n<p>Auch bei den Jugendb\u00fcchern und Romanen werden die Leser f\u00fcndig. Bei den Romanen sind es diverse B\u00fccher aus der Bestsellerliste. Wie von Carsten Henn, <strong>Der Geschichtenb\u00fccher,<\/strong> oder von Bernhard Schlink, <strong>Die Enkelin<\/strong>. Auch der neue von David Safier, <strong>Miss Merkel 2 \u2013 Mord auf dem Friedhof<\/strong> usw. Entdecken Sie selbst ihre Lieblingsb\u00fccher aus unserem neuen Fr\u00fchjahrsangebot.<\/p>\n<p><img loading=\"lazy\" decoding=\"async\" class=\"alignleft wp-image-2844 \" src=\"https:\/\/gemeindebuechereikastl.de\/wp-content\/uploads\/2022\/04\/Sachbuecher-904x1206.jpg\" alt=\"\" width=\"277\" height=\"370\" srcset=\"https:\/\/gemeindebuechereikastl.de\/wp-content\/uploads\/2022\/04\/Sachbuecher-904x1206.jpg 904w, https:\/\/gemeindebuechereikastl.de\/wp-content\/uploads\/2022\/04\/Sachbuecher-225x300.jpg 225w, https:\/\/gemeindebuechereikastl.de\/wp-content\/uploads\/2022\/04\/Sachbuecher-768x1025.jpg 768w, https:\/\/gemeindebuechereikastl.de\/wp-content\/uploads\/2022\/04\/Sachbuecher-1151x1536.jpg 1151w, https:\/\/gemeindebuechereikastl.de\/wp-content\/uploads\/2022\/04\/Sachbuecher-1535x2048.jpg 1535w, https:\/\/gemeindebuechereikastl.de\/wp-content\/uploads\/2022\/04\/Sachbuecher-750x1001.jpg 750w, https:\/\/gemeindebuechereikastl.de\/wp-content\/uploads\/2022\/04\/Sachbuecher-scaled.jpg 1919w\" sizes=\"auto, (max-width: 277px) 100vw, 277px\" \/>Neben der Unterhaltungslekt\u00fcre gibt es auch noch neues auf dem Gebiet der Sachb\u00fccher und Kindersachb\u00fccher. Bei den Sachb\u00fcchern ist es das neue von Rainer M. Schie\u00dfler, <strong>Seid Ihr noch\u00a0 zu retten<\/strong> und diverse B\u00fccher \u00fcber die die Gesundheit.<\/p>\n<h4><span style=\"color: #ff0000;\">Alle weiteren Infos zu den neunen B\u00fcchern und Medien gibt es vorab in unserem <b><strong><a style=\"color: #ff0000;\" href=\"https:\/\/iopac.gemeindebuechereikastl.de\/iopac\/\"><span style=\"color: #800080;\">Online-Katalog<\/span>\u00a0<\/a><\/strong><\/b>unter \u201eNeue Titel\u201c.<\/span><\/h4>\n<h4><span style=\"color: #ff0000;\">Oder sie entdecken die Neuen und unser gro\u00dfes Angebot bei einem Besuch in der Klosterbergstr. 1 zu unseren \u00d6ffnungszeiten!<\/span><\/h4>\n<h4><strong> IHR\u00a0 B\u00dcCHEREITEAM<\/strong><\/h4>\n","protected":false},"excerpt":{"rendered":"<p>\u00dcber 100 neue B\u00fccher f\u00fcr alle Altersgruppen gibt es ab sofort zum Entleihen! Diverse Fr\u00fchjahrsnovit\u00e4ten hat das Team f\u00fcr alle Leser eingekauft, diese stehen ab sofort f\u00fcr die Ausleihe zur Verf\u00fcgung. Es gibt f\u00fcr alle vom Kleinkind bis hin zu B\u00fcchern f\u00fcr Erwachsene wieder viel neues zu entdecken. Bei den Bilderb\u00fcchern sind es der neue &hellip; <\/p>\n<p><a class=\"more-link btn\" href=\"https:\/\/gemeindebuechereikastl.de\/?p=2840\">Weiterlesen<\/a><\/p>\n","protected":false},"author":1,"featured_media":2842,"comment_status":"closed","ping_status":"closed","sticky":false,"template":"","format":"standard","meta":{"footnotes":""},"categories":[1],"tags":[190,85,324,195,329],"class_list":["post-2840","post","type-post","status-publish","format-standard","has-post-thumbnail","hentry","category-team","tag-kinderbuecher","tag-neue-buecher","tag-neue-tonies","tag-romane","tag-sachbuecher","item-wrap"],"_links":{"self":[{"href":"https:\/\/gemeindebuechereikastl.de\/index.php?rest_route=\/wp\/v2\/posts\/2840","targetHints":{"allow":["GET"]}}],"collection":[{"href":"https:\/\/gemeindebuechereikastl.de\/index.php?rest_route=\/wp\/v2\/posts"}],"about":[{"href":"https:\/\/gemeindebuechereikastl.de\/index.php?rest_route=\/wp\/v2\/types\/post"}],"author":[{"embeddable":true,"href":"https:\/\/gemeindebuechereikastl.de\/index.php?rest_route=\/wp\/v2\/users\/1"}],"replies":[{"embeddable":true,"href":"https:\/\/gemeindebuechereikastl.de\/index.php?rest_route=%2Fwp%2Fv2%2Fcomments&post=2840"}],"version-history":[{"count":15,"href":"https:\/\/gemeindebuechereikastl.de\/index.php?rest_route=\/wp\/v2\/posts\/2840\/revisions"}],"predecessor-version":[{"id":2859,"href":"https:\/\/gemeindebuechereikastl.de\/index.php?rest_route=\/wp\/v2\/posts\/2840\/revisions\/2859"}],"wp:featuredmedia":[{"embeddable":true,"href":"https:\/\/gemeindebuechereikastl.de\/index.php?rest_route=\/wp\/v2\/media\/2842"}],"wp:attachment":[{"href":"https:\/\/gemeindebuechereikastl.de\/index.php?rest_route=%2Fwp%2Fv2%2Fmedia&parent=2840"}],"wp:term":[{"taxonomy":"category","embeddable":true,"href":"https:\/\/gemeindebuechereikastl.de\/index.php?rest_route=%2Fwp%2Fv2%2Fcategories&post=2840"},{"taxonomy":"post_tag","embeddable":true,"href":"https:\/\/gemeindebuechereikastl.de\/index.php?rest_route=%2Fwp%2Fv2%2Ftags&post=2840"}],"curies":[{"name":"wp","href":"https:\/\/api.w.org\/{rel}","templated":true}]}}