{"id":2861,"date":"2022-04-29T09:31:04","date_gmt":"2022-04-29T09:31:04","guid":{"rendered":"https:\/\/gemeindebuechereikastl.de\/?p=2861"},"modified":"2022-04-29T11:01:08","modified_gmt":"2022-04-29T11:01:08","slug":"jahresbericht-an-die-traeger-der-buecherei-uebergeben","status":"publish","type":"post","link":"https:\/\/gemeindebuechereikastl.de\/?p=2861","title":{"rendered":"Hervorragenden Jahresbericht 2021 an die beiden Tr\u00e4ger der Gemeindeb\u00fccherei \u00fcbergeben"},"content":{"rendered":"<h2 style=\"text-align: center;\"><span style=\"color: #ff6600;\"><strong>Jahresbericht <\/strong><strong>2021 der <\/strong><strong>Gemeindeb\u00fccherei Kastl<br \/>\nan Pfarrer Johannes Arweck und B\u00fcrgermeister<br \/>\nStefan Braun \u00fcbergeben &#8211; Trotz Einschr\u00e4nkungen<br \/>\nhervorragende Bilanz<br \/>\n<\/strong><\/span><\/h2>\n<h3 style=\"text-align: center;\"><span style=\"color: #993300;\"><b>\u201eDas einzige, was Sie unbedingt wissen m\u00fcssen, ist der Standort ihrer Bibliothek.\u201c\u00a0\u00a0 <\/b><b><br \/>\n<\/b><\/span><\/h3>\n<h4 style=\"text-align: right;\"><span style=\"color: #993300;\"><b>Albert Einstein <\/b><\/span><\/h4>\n<p><img loading=\"lazy\" decoding=\"async\" class=\"aligncenter wp-image-2862 size-large\" src=\"https:\/\/gemeindebuechereikastl.de\/wp-content\/uploads\/2022\/04\/Uebergabe-Jahresbericht-1603x1128.jpg\" alt=\"\" width=\"750\" height=\"528\" srcset=\"https:\/\/gemeindebuechereikastl.de\/wp-content\/uploads\/2022\/04\/Uebergabe-Jahresbericht-1603x1128.jpg 1603w, https:\/\/gemeindebuechereikastl.de\/wp-content\/uploads\/2022\/04\/Uebergabe-Jahresbericht-300x211.jpg 300w, https:\/\/gemeindebuechereikastl.de\/wp-content\/uploads\/2022\/04\/Uebergabe-Jahresbericht-768x541.jpg 768w, https:\/\/gemeindebuechereikastl.de\/wp-content\/uploads\/2022\/04\/Uebergabe-Jahresbericht-1536x1081.jpg 1536w, https:\/\/gemeindebuechereikastl.de\/wp-content\/uploads\/2022\/04\/Uebergabe-Jahresbericht-2048x1441.jpg 2048w, https:\/\/gemeindebuechereikastl.de\/wp-content\/uploads\/2022\/04\/Uebergabe-Jahresbericht-750x528.jpg 750w\" sizes=\"auto, (max-width: 750px) 100vw, 750px\" \/><\/p>\n<p>Von einem besonderen Jahr 2021 ist im Jahresbericht der Gemeindeb\u00fccherei Kastl f\u00fcr das Jahr 2021 zu lesen. Die Corona-Pandemie mit dem Lockdown im Fr\u00fchjahr und den Renovierungsarbeiten im Herbst stellte das gesamte ehrenamtliche Team der Gemeindeb\u00fccherei vor gro\u00dfe Herausforderungen. <a href=\"https:\/\/gemeindebuechereikastl.de\/wp-content\/uploads\/2022\/04\/Jahresbericht-2021.pdf\"><img loading=\"lazy\" decoding=\"async\" class=\"alignright wp-image-2863\" src=\"https:\/\/gemeindebuechereikastl.de\/wp-content\/uploads\/2022\/04\/Jahresbericht-2021-853x1206.jpg\" alt=\"Jahresbericht 2021\" width=\"343\" height=\"485\" srcset=\"https:\/\/gemeindebuechereikastl.de\/wp-content\/uploads\/2022\/04\/Jahresbericht-2021-853x1206.jpg 853w, https:\/\/gemeindebuechereikastl.de\/wp-content\/uploads\/2022\/04\/Jahresbericht-2021-212x300.jpg 212w, https:\/\/gemeindebuechereikastl.de\/wp-content\/uploads\/2022\/04\/Jahresbericht-2021-768x1086.jpg 768w, https:\/\/gemeindebuechereikastl.de\/wp-content\/uploads\/2022\/04\/Jahresbericht-2021-1086x1536.jpg 1086w, https:\/\/gemeindebuechereikastl.de\/wp-content\/uploads\/2022\/04\/Jahresbericht-2021-750x1061.jpg 750w, https:\/\/gemeindebuechereikastl.de\/wp-content\/uploads\/2022\/04\/Jahresbericht-2021.jpg 1240w\" sizes=\"auto, (max-width: 343px) 100vw, 343px\" \/><\/a><br \/>\nMit einem Zitat von Albert Einstein: \u201eDas Einzige, was sie unbedingt wissen m\u00fcssen, ist der Standort ihrer Bibliothek\u201c wurde der Jahresbricht des B\u00fcchereiteams f\u00fcr 2021 nun druckfrisch an die beiden Tr\u00e4ger der B\u00fccherei Pfarrer Johannes Arweck und B\u00fcrgermeister Stefan Braun von B\u00fcchereileiter Georg D\u00fcrr \u00fcbergeben. Dieser Bericht dokumentiert die hervorragende Arbeit des B\u00fcchereiteams und zeugt von einem Arbeitsreichen Jahr in der Kastler B\u00fccherei in dem wieder viel erreicht wurde.<\/p>\n<p>Die Gemeindeb\u00fccherei Kastl bietet auf einer Fl\u00e4che von \u00fcber 200 qm einen Bestand von 9.744 B\u00fccher und Medien an. Sachb\u00fccher aus vielen Wissensbereichen, Romane, Jugend- und Kinderb\u00fccher f\u00fcr jedes Alter stehen zur Verf\u00fcgung. Das Medienangebot umfasst auch H\u00f6rb\u00fccher, DVDs, CDs, Spiele, Zeitschriften und Tonies.<br \/>\nDar\u00fcber hinaus steht den Nutzern die \u201eOnleihe\u201c \u00fcber den <a href=\"http:\/\/www.leo-nord.de\"><strong>Verbund LEO-Nord<\/strong> <\/a>zur Verf\u00fcgung. Die LeserInnen k\u00f6nnen dort auf einen virtuellen Bestand von derzeit \u00fcber 25.000 Medien zugreifen.<br \/>\nDie Entleihzahlen spiegeln die Attraktivit\u00e4t der B\u00fccherei wider. Die B\u00fccherei hat zwar 2021 einen kleinen Einschnitt zu verkraften. Haupanteil des Schwundes war der Corona Lockdown und die Renovierungsarbeiten, hier musste die B\u00fccherei zeitweise komplett geschlossen bleiben Wenn man aber die \u00fcber 11 Wochen Schlie\u00dfung dazurechnen w\u00fcrde, erg\u00e4be dies wieder ein hervorragendes Ergebnis&#8230;&#8230;&#8230;&#8230;. <a href=\"https:\/\/gemeindebuechereikastl.de\/wp-content\/uploads\/2022\/04\/Jahresbericht-2021-1.pdf\"><strong>weiter lesen<\/strong><\/a><\/p>\n<h3><strong><a href=\"https:\/\/gemeindebuechereikastl.de\/wp-content\/uploads\/2022\/04\/Jahresbericht-2021.pdf\">Jahresbericht 2021 zum Download<\/a><\/strong><\/h3>\n","protected":false},"excerpt":{"rendered":"<p>Jahresbericht 2021 der Gemeindeb\u00fccherei Kastl an Pfarrer Johannes Arweck und B\u00fcrgermeister Stefan Braun \u00fcbergeben &#8211; Trotz Einschr\u00e4nkungen hervorragende Bilanz \u201eDas einzige, was Sie unbedingt wissen m\u00fcssen, ist der Standort ihrer Bibliothek.\u201c\u00a0\u00a0 Albert Einstein Von einem besonderen Jahr 2021 ist im Jahresbericht der Gemeindeb\u00fccherei Kastl f\u00fcr das Jahr 2021 zu lesen. Die Corona-Pandemie mit dem Lockdown &hellip; <\/p>\n<p><a class=\"more-link btn\" href=\"https:\/\/gemeindebuechereikastl.de\/?p=2861\">Weiterlesen<\/a><\/p>\n","protected":false},"author":1,"featured_media":2862,"comment_status":"closed","ping_status":"closed","sticky":false,"template":"","format":"standard","meta":{"footnotes":""},"categories":[1],"tags":[89,268,330,331],"class_list":["post-2861","post","type-post","status-publish","format-standard","has-post-thumbnail","hentry","category-team","tag-buergermeister","tag-jahresbericht","tag-pfarrer","tag-uebergabe","item-wrap"],"_links":{"self":[{"href":"https:\/\/gemeindebuechereikastl.de\/index.php?rest_route=\/wp\/v2\/posts\/2861","targetHints":{"allow":["GET"]}}],"collection":[{"href":"https:\/\/gemeindebuechereikastl.de\/index.php?rest_route=\/wp\/v2\/posts"}],"about":[{"href":"https:\/\/gemeindebuechereikastl.de\/index.php?rest_route=\/wp\/v2\/types\/post"}],"author":[{"embeddable":true,"href":"https:\/\/gemeindebuechereikastl.de\/index.php?rest_route=\/wp\/v2\/users\/1"}],"replies":[{"embeddable":true,"href":"https:\/\/gemeindebuechereikastl.de\/index.php?rest_route=%2Fwp%2Fv2%2Fcomments&post=2861"}],"version-history":[{"count":8,"href":"https:\/\/gemeindebuechereikastl.de\/index.php?rest_route=\/wp\/v2\/posts\/2861\/revisions"}],"predecessor-version":[{"id":2875,"href":"https:\/\/gemeindebuechereikastl.de\/index.php?rest_route=\/wp\/v2\/posts\/2861\/revisions\/2875"}],"wp:featuredmedia":[{"embeddable":true,"href":"https:\/\/gemeindebuechereikastl.de\/index.php?rest_route=\/wp\/v2\/media\/2862"}],"wp:attachment":[{"href":"https:\/\/gemeindebuechereikastl.de\/index.php?rest_route=%2Fwp%2Fv2%2Fmedia&parent=2861"}],"wp:term":[{"taxonomy":"category","embeddable":true,"href":"https:\/\/gemeindebuechereikastl.de\/index.php?rest_route=%2Fwp%2Fv2%2Fcategories&post=2861"},{"taxonomy":"post_tag","embeddable":true,"href":"https:\/\/gemeindebuechereikastl.de\/index.php?rest_route=%2Fwp%2Fv2%2Ftags&post=2861"}],"curies":[{"name":"wp","href":"https:\/\/api.w.org\/{rel}","templated":true}]}}