{"id":2890,"date":"2022-05-03T13:03:25","date_gmt":"2022-05-03T13:03:25","guid":{"rendered":"https:\/\/gemeindebuechereikastl.de\/?p=2890"},"modified":"2022-05-03T13:13:14","modified_gmt":"2022-05-03T13:13:14","slug":"buechereileiter-georg-duerr-mit-dem-ehrenzeichen-des-bayerischen-ministerpraesidenten-ausgezeichnet","status":"publish","type":"post","link":"https:\/\/gemeindebuechereikastl.de\/?p=2890","title":{"rendered":"B\u00fcchereileiter Georg D\u00fcrr mit dem Ehrenzeichen des Bayerischen Ministerpr\u00e4sidenten ausgezeichnet"},"content":{"rendered":"<h2 style=\"text-align: center;\"><span style=\"color: #ff6600;\"><strong>W\u00fcrdigung f\u00fcr Einsatz f\u00fcr die Gesellschaft &#8211; Landrat Richard Reisinger h\u00e4ndigt Ehrenzeichen des Bayerischen Ministerpr\u00e4sidenten aus<\/strong><\/span><\/h2>\n<p><img loading=\"lazy\" decoding=\"async\" class=\"alignleft wp-image-2898 \" src=\"https:\/\/gemeindebuechereikastl.de\/wp-content\/uploads\/2022\/05\/Ehrenezichen-873x1206.jpg\" alt=\"\" width=\"483\" height=\"667\" srcset=\"https:\/\/gemeindebuechereikastl.de\/wp-content\/uploads\/2022\/05\/Ehrenezichen-873x1206.jpg 873w, https:\/\/gemeindebuechereikastl.de\/wp-content\/uploads\/2022\/05\/Ehrenezichen-217x300.jpg 217w, https:\/\/gemeindebuechereikastl.de\/wp-content\/uploads\/2022\/05\/Ehrenezichen-768x1061.jpg 768w, https:\/\/gemeindebuechereikastl.de\/wp-content\/uploads\/2022\/05\/Ehrenezichen-1111x1536.jpg 1111w, https:\/\/gemeindebuechereikastl.de\/wp-content\/uploads\/2022\/05\/Ehrenezichen-1482x2048.jpg 1482w, https:\/\/gemeindebuechereikastl.de\/wp-content\/uploads\/2022\/05\/Ehrenezichen-750x1037.jpg 750w, https:\/\/gemeindebuechereikastl.de\/wp-content\/uploads\/2022\/05\/Ehrenezichen-scaled.jpg 1852w\" sizes=\"auto, (max-width: 483px) 100vw, 483px\" \/><\/p>\n<h4 style=\"text-align: center; padding-left: 40px;\">Langj\u00e4hriges ehrenamtliches Engagement in der Gemeindeb\u00fccherei und in zahlreichen anderen Vereinen. Das haben vier Pers\u00f6nlichkeiten aus dem Landkreis Amberg-Sulzbach geleistet darunter auch Georg D\u00fcrr aus Kastl. Sie haben daf\u00fcr das Ehrenzeichen des Bayerischen Ministerpr\u00e4sidenten f\u00fcr Verdienste im Ehrenamt verliehen bekommen.<\/h4>\n<p>&nbsp;<\/p>\n<p><strong>Georg D\u00fcrr aus Kastl:<\/strong> In der Laudatio von Landrat Richard Reisinger verglich er die Leistung D\u00fcrrs mit dem Jubil\u00e4um: 50 Jahre Olympische Spiele in M\u00fcnchen. Wir \u201eReiferen\u201c erinnern uns an den Sommer 1972, in dem in Bayern sportliche H\u00f6chstleistungen erbracht wurden. In jenem Sommer hatten Sie, sehr geehrter Herr D\u00fcrr, ebenfalls zu echten Spitzenleistungen angesetzt. Gemeinsam mit einigen Klassenkameraden und dem ehemaligen Benefiziat Karl M\u00f6dl \u00fcbernahmen Sie die damalige Pfarrb\u00fccherei, die zwei Jahre sp\u00e4ter zur Gemeindeb\u00fccherei umgewandelt wurde und noch heute existiert.<img loading=\"lazy\" decoding=\"async\" class=\"wp-image-2892 alignright\" src=\"https:\/\/gemeindebuechereikastl.de\/wp-content\/uploads\/2022\/05\/Urkunde-859x1206.jpg\" alt=\"\" width=\"306\" height=\"430\" srcset=\"https:\/\/gemeindebuechereikastl.de\/wp-content\/uploads\/2022\/05\/Urkunde-859x1206.jpg 859w, https:\/\/gemeindebuechereikastl.de\/wp-content\/uploads\/2022\/05\/Urkunde-214x300.jpg 214w, https:\/\/gemeindebuechereikastl.de\/wp-content\/uploads\/2022\/05\/Urkunde-768x1078.jpg 768w, https:\/\/gemeindebuechereikastl.de\/wp-content\/uploads\/2022\/05\/Urkunde-1094x1536.jpg 1094w, https:\/\/gemeindebuechereikastl.de\/wp-content\/uploads\/2022\/05\/Urkunde-1459x2048.jpg 1459w, https:\/\/gemeindebuechereikastl.de\/wp-content\/uploads\/2022\/05\/Urkunde-750x1053.jpg 750w, https:\/\/gemeindebuechereikastl.de\/wp-content\/uploads\/2022\/05\/Urkunde.jpg 1604w\" sizes=\"auto, (max-width: 306px) 100vw, 306px\" \/><br \/>\nSeit dieser Zeit sind Sie unter anderem als Leiter fest mit der B\u00fccherei verbunden und mit Ihrem Team unerm\u00fcdlich bestrebt, diese Einrichtung weiter auszubauen. So wuchs der Bestand zu entleihender Medien unter Ihrer Leitung auf \u00fcber 10.000 an. Nicht nur die Durchf\u00fchrung des Bibliotheksbetriebes, sondern auch die Planung der vielen kulturellen Angebote liegen v\u00f6llig in ehrenamtlichen H\u00e4nden, zum Gro\u00dfteil in Ihren H\u00e4nden. Hinzu kommt die Betreuung der EDV oder auch der Besuch von Fortbildungsveranstaltungen. All das geschieht freiwillig zum Wohle der Gemeinschaft.<\/p>\n<p>Und dass die Kastler B\u00fccherei zu einem echten Vorzeigeobjekt der Di\u00f6zese Eichst\u00e4tt geworden ist, ist vor allem Ihrem Engagement zu verdanken. Sie bringen sich mit Herzblut und neuen, frischen Ideen ein.<br \/>\nAber nicht nur in der Gemeindeb\u00fccherei Kastl sind Sie Herr D\u00fcrr aktiv, auch engagieren Sie sich seit Jahren auch f\u00fcr die B\u00fcchereien im Landkreis Amberg-Sulzbach als Vorsitzender einer Arbeitsgemeinschaft und geben auch Ihr Wissen bei den Mitarbeiter &#8211; Fortbildungen im Bistum Eichst\u00e4tt als Referent weiter.<\/p>\n<p>F\u00fcr dieses besondere Engagement wurde die Gemeindeb\u00fccherei Kastl vom Sankt Michaelsbund 2018 und 2020 mit dem \u201eB\u00fccherei-Siegel in Gold\u201c ausgezeichnet\u201c. Eine Auszeichnung f\u00fcr die B\u00fccherei, aber das war Ihr Verdienst.<\/p>\n<p>Auch Sie pers\u00f6nlich haben schon Auszeichnungen erhalten. Bereits 2013 wurden Sie f\u00fcr Ihre herausragende ehrenamtliche T\u00e4tigkeit zum Wohle der Gesellschaft von der Marktgemeinde Kastl mit der silbernen B\u00fcrgermedaille geehrt. Der B\u00fcrgermeister und gleichzeitig Stellvertretender Landrat Stefan Braun hat mir verraten, dass diese Auszeichnung der Marktgemeinde Kastl vor Ihnen noch niemand anderes erhalten hat. Das zeigt, wie sehr Ihre ehrenamtliche Arbeit aber auch wie sehr Sie als Mensch gesch\u00e4tzt werden.<br \/>\nZur\u00fcck zur Aush\u00e4ndigung der silbernen B\u00fcrgermedaille: Stefan E\u00df vom Sankt Michaelsbund sprach damals von einem \u201eMusterbeispiel b\u00fcrgerschaftlichen Engagements\u201c. Pater Ryszard Kubiszyn nutzte die Formulierung \u201etragende S\u00e4ule in der Gemeinschaft\u201c.<\/p>\n<p>Sehr geehrter Herr D\u00fcrr, Sie haben es verdient. Sie sind ein Vorbild f\u00fcr ehrenamtliches Wirken ohne jegliche Art von Selbstdarstellung. Vergelt\u2019s Gott f\u00fcr Ihren Einsatz.<img loading=\"lazy\" decoding=\"async\" class=\"size-medium wp-image-2893 alignleft\" src=\"https:\/\/gemeindebuechereikastl.de\/wp-content\/uploads\/2022\/05\/Anstecknadel-300x169.jpg\" alt=\"\" width=\"300\" height=\"169\" srcset=\"https:\/\/gemeindebuechereikastl.de\/wp-content\/uploads\/2022\/05\/Anstecknadel-300x169.jpg 300w, https:\/\/gemeindebuechereikastl.de\/wp-content\/uploads\/2022\/05\/Anstecknadel-1603x902.jpg 1603w, https:\/\/gemeindebuechereikastl.de\/wp-content\/uploads\/2022\/05\/Anstecknadel-768x432.jpg 768w, https:\/\/gemeindebuechereikastl.de\/wp-content\/uploads\/2022\/05\/Anstecknadel-1536x864.jpg 1536w, https:\/\/gemeindebuechereikastl.de\/wp-content\/uploads\/2022\/05\/Anstecknadel-2048x1152.jpg 2048w, https:\/\/gemeindebuechereikastl.de\/wp-content\/uploads\/2022\/05\/Anstecknadel-750x422.jpg 750w\" sizes=\"auto, (max-width: 300px) 100vw, 300px\" \/><\/p>\n<p>\u00dcber viele Jahre haben Sie sich f\u00fcr die Marktgemeinde Kastl und die Gesellschaft eingesetzt, dabei gro\u00dfe Opferbereitschaft und einen enormen pers\u00f6nlichen Einsatz an den Tag gelegt. Die Auszeichnung mit dem Ehrenzeichen des Bayerischen Ministerpr\u00e4sidenten ist da nur die logische Konsequenz.<\/p>\n<p>Herr D\u00fcrr, ich freue mich, Ihnen heute das Ehrenzeichen des Bayerischen Ministerpr\u00e4sidenten f\u00fcr Verdienste im Ehrenamt aush\u00e4ndigen zu d\u00fcrfen. Herzlichen Gl\u00fcckwunsch und Vergelt\u2019s Gott f\u00fcr Ihr Engagement!<\/p>\n","protected":false},"excerpt":{"rendered":"<p>W\u00fcrdigung f\u00fcr Einsatz f\u00fcr die Gesellschaft &#8211; Landrat Richard Reisinger h\u00e4ndigt Ehrenzeichen des Bayerischen Ministerpr\u00e4sidenten aus Langj\u00e4hriges ehrenamtliches Engagement in der Gemeindeb\u00fccherei und in zahlreichen anderen Vereinen. Das haben vier Pers\u00f6nlichkeiten aus dem Landkreis Amberg-Sulzbach geleistet darunter auch Georg D\u00fcrr aus Kastl. Sie haben daf\u00fcr das Ehrenzeichen des Bayerischen Ministerpr\u00e4sidenten f\u00fcr Verdienste im Ehrenamt verliehen &hellip; <\/p>\n<p><a class=\"more-link btn\" href=\"https:\/\/gemeindebuechereikastl.de\/?p=2890\">Weiterlesen<\/a><\/p>\n","protected":false},"author":1,"featured_media":2896,"comment_status":"closed","ping_status":"closed","sticky":false,"template":"","format":"standard","meta":{"footnotes":""},"categories":[5],"tags":[338,336,337,333,334,335],"class_list":["post-2890","post","type-post","status-publish","format-standard","has-post-thumbnail","hentry","category-news","tag-50-jahre","tag-bayern","tag-buechereiarbeit","tag-ehrung","tag-landrat","tag-ministerpraesident","item-wrap"],"_links":{"self":[{"href":"https:\/\/gemeindebuechereikastl.de\/index.php?rest_route=\/wp\/v2\/posts\/2890","targetHints":{"allow":["GET"]}}],"collection":[{"href":"https:\/\/gemeindebuechereikastl.de\/index.php?rest_route=\/wp\/v2\/posts"}],"about":[{"href":"https:\/\/gemeindebuechereikastl.de\/index.php?rest_route=\/wp\/v2\/types\/post"}],"author":[{"embeddable":true,"href":"https:\/\/gemeindebuechereikastl.de\/index.php?rest_route=\/wp\/v2\/users\/1"}],"replies":[{"embeddable":true,"href":"https:\/\/gemeindebuechereikastl.de\/index.php?rest_route=%2Fwp%2Fv2%2Fcomments&post=2890"}],"version-history":[{"count":3,"href":"https:\/\/gemeindebuechereikastl.de\/index.php?rest_route=\/wp\/v2\/posts\/2890\/revisions"}],"predecessor-version":[{"id":2899,"href":"https:\/\/gemeindebuechereikastl.de\/index.php?rest_route=\/wp\/v2\/posts\/2890\/revisions\/2899"}],"wp:featuredmedia":[{"embeddable":true,"href":"https:\/\/gemeindebuechereikastl.de\/index.php?rest_route=\/wp\/v2\/media\/2896"}],"wp:attachment":[{"href":"https:\/\/gemeindebuechereikastl.de\/index.php?rest_route=%2Fwp%2Fv2%2Fmedia&parent=2890"}],"wp:term":[{"taxonomy":"category","embeddable":true,"href":"https:\/\/gemeindebuechereikastl.de\/index.php?rest_route=%2Fwp%2Fv2%2Fcategories&post=2890"},{"taxonomy":"post_tag","embeddable":true,"href":"https:\/\/gemeindebuechereikastl.de\/index.php?rest_route=%2Fwp%2Fv2%2Ftags&post=2890"}],"curies":[{"name":"wp","href":"https:\/\/api.w.org\/{rel}","templated":true}]}}