{"id":2906,"date":"2022-05-09T10:53:53","date_gmt":"2022-05-09T10:53:53","guid":{"rendered":"https:\/\/gemeindebuechereikastl.de\/?p=2906"},"modified":"2022-05-09T10:54:38","modified_gmt":"2022-05-09T10:54:38","slug":"neue-buchausstellung-fuer-kinder-mit-dem-thema-unser-koerper","status":"publish","type":"post","link":"https:\/\/gemeindebuechereikastl.de\/?p=2906","title":{"rendered":"Neue Buchausstellung f\u00fcr Kinder mit dem Thema &#8211; Unser K\u00f6rper"},"content":{"rendered":"<h2 style=\"text-align: center;\"><span style=\"color: #ff6600;\"><strong>Im Erdgescho\u00df f\u00fcr Kinder das Thema &#8222;Unser K\u00f6rper&#8220; mit tollen und interesanten B\u00fcchern<\/strong><\/span><\/h2>\n<p><img loading=\"lazy\" decoding=\"async\" class=\"wp-image-2907 alignleft\" src=\"https:\/\/gemeindebuechereikastl.de\/wp-content\/uploads\/2022\/05\/unser-Koerper-752x1206.jpg\" alt=\"\" width=\"445\" height=\"714\" srcset=\"https:\/\/gemeindebuechereikastl.de\/wp-content\/uploads\/2022\/05\/unser-Koerper-752x1206.jpg 752w, https:\/\/gemeindebuechereikastl.de\/wp-content\/uploads\/2022\/05\/unser-Koerper-187x300.jpg 187w, https:\/\/gemeindebuechereikastl.de\/wp-content\/uploads\/2022\/05\/unser-Koerper-768x1231.jpg 768w, https:\/\/gemeindebuechereikastl.de\/wp-content\/uploads\/2022\/05\/unser-Koerper-958x1536.jpg 958w, https:\/\/gemeindebuechereikastl.de\/wp-content\/uploads\/2022\/05\/unser-Koerper-1277x2048.jpg 1277w, https:\/\/gemeindebuechereikastl.de\/wp-content\/uploads\/2022\/05\/unser-Koerper-750x1202.jpg 750w, https:\/\/gemeindebuechereikastl.de\/wp-content\/uploads\/2022\/05\/unser-Koerper-scaled.jpg 1597w\" sizes=\"auto, (max-width: 445px) 100vw, 445px\" \/><\/p>\n<p>Es gibt sehr gute Kinderb\u00fccher \u00fcber den K\u00f6rper \u2013 egal ob ab 2 Jahren, ab 5 Jahren oder ab 7 Jahren, in der aktuellen Buchausstellung zum Thema: Unser K\u00f6rper, ist f\u00fcr jedes Alter bestimmt das passend Buch dabei.<\/p>\n<p>Kinder sind neugierige Forscher und kluge Entdecker. Sie interessieren sich f\u00fcr die Welt, stellen Fragen und beobachten. Ganz besonders interessant ist der eigene K\u00f6rper mit all seinen Funktionen. Wie kaum ein anderes Thema bietet sich deswegen \u201eMein K\u00f6rper\u201c bereits im Kindergarten als Forschungsthema f\u00fcr Projekte an. In der Grundschule wird der menschliche K\u00f6rper im Sachunterricht behandelt.<\/p>\n<p>Neben den B\u00fcchern in der Ausstellung gibt es eine weitere Auswahl mit besonders guten Bilder- und Kinderb\u00fcchern rings um den menschlichen K\u00f6rper f\u00fcr Kindergarten, Grundschule und daheim in unserem Angebot.<\/p>\n<h4 style=\"text-align: center;\"><strong> Suche vorab in unseren<br \/>\n<\/strong> <a href=\"https:\/\/iopac.gemeindebuechereikastl.de\"><strong><span style=\"color: #993366;\">Online-Katalog<\/span><\/strong><\/a> <strong>m\u00f6glich.<\/strong><\/h4>\n","protected":false},"excerpt":{"rendered":"<p>Im Erdgescho\u00df f\u00fcr Kinder das Thema &#8222;Unser K\u00f6rper&#8220; mit tollen und interesanten B\u00fcchern Es gibt sehr gute Kinderb\u00fccher \u00fcber den K\u00f6rper \u2013 egal ob ab 2 Jahren, ab 5 Jahren oder ab 7 Jahren, in der aktuellen Buchausstellung zum Thema: Unser K\u00f6rper, ist f\u00fcr jedes Alter bestimmt das passend Buch dabei. Kinder sind neugierige Forscher &hellip; <\/p>\n<p><a class=\"more-link btn\" href=\"https:\/\/gemeindebuechereikastl.de\/?p=2906\">Weiterlesen<\/a><\/p>\n","protected":false},"author":1,"featured_media":2907,"comment_status":"closed","ping_status":"closed","sticky":false,"template":"","format":"standard","meta":{"footnotes":""},"categories":[5],"tags":[194,58,342,341],"class_list":["post-2906","post","type-post","status-publish","format-standard","has-post-thumbnail","hentry","category-news","tag-buchausstellung","tag-buecher","tag-kindersachbuecher","tag-koerper","item-wrap"],"_links":{"self":[{"href":"https:\/\/gemeindebuechereikastl.de\/index.php?rest_route=\/wp\/v2\/posts\/2906","targetHints":{"allow":["GET"]}}],"collection":[{"href":"https:\/\/gemeindebuechereikastl.de\/index.php?rest_route=\/wp\/v2\/posts"}],"about":[{"href":"https:\/\/gemeindebuechereikastl.de\/index.php?rest_route=\/wp\/v2\/types\/post"}],"author":[{"embeddable":true,"href":"https:\/\/gemeindebuechereikastl.de\/index.php?rest_route=\/wp\/v2\/users\/1"}],"replies":[{"embeddable":true,"href":"https:\/\/gemeindebuechereikastl.de\/index.php?rest_route=%2Fwp%2Fv2%2Fcomments&post=2906"}],"version-history":[{"count":1,"href":"https:\/\/gemeindebuechereikastl.de\/index.php?rest_route=\/wp\/v2\/posts\/2906\/revisions"}],"predecessor-version":[{"id":2908,"href":"https:\/\/gemeindebuechereikastl.de\/index.php?rest_route=\/wp\/v2\/posts\/2906\/revisions\/2908"}],"wp:featuredmedia":[{"embeddable":true,"href":"https:\/\/gemeindebuechereikastl.de\/index.php?rest_route=\/wp\/v2\/media\/2907"}],"wp:attachment":[{"href":"https:\/\/gemeindebuechereikastl.de\/index.php?rest_route=%2Fwp%2Fv2%2Fmedia&parent=2906"}],"wp:term":[{"taxonomy":"category","embeddable":true,"href":"https:\/\/gemeindebuechereikastl.de\/index.php?rest_route=%2Fwp%2Fv2%2Fcategories&post=2906"},{"taxonomy":"post_tag","embeddable":true,"href":"https:\/\/gemeindebuechereikastl.de\/index.php?rest_route=%2Fwp%2Fv2%2Ftags&post=2906"}],"curies":[{"name":"wp","href":"https:\/\/api.w.org\/{rel}","templated":true}]}}