{"id":2919,"date":"2022-05-09T13:04:49","date_gmt":"2022-05-09T13:04:49","guid":{"rendered":"https:\/\/gemeindebuechereikastl.de\/?p=2919"},"modified":"2022-05-09T15:57:31","modified_gmt":"2022-05-09T15:57:31","slug":"fuer-ihre-gesundheit-gibt-es-eine-buchauswahl-mit-interresanten-themen","status":"publish","type":"post","link":"https:\/\/gemeindebuechereikastl.de\/?p=2919","title":{"rendered":"F\u00fcr ihre Gesundheit gibt es eine Buchauswahl mit interresanten Themen"},"content":{"rendered":"<h2 style=\"text-align: center;\"><span style=\"color: #ff6600;\"><strong> Gro\u00dfartige Buchempfehlungen zum Thema Gesundheit gibt es im Obergeschoss der B\u00fccherei<\/strong><\/span><\/h2>\n<p><img loading=\"lazy\" decoding=\"async\" class=\"aligncenter wp-image-2927 \" src=\"https:\/\/gemeindebuechereikastl.de\/wp-content\/uploads\/2022\/05\/Gesundheit1-1603x1125.jpg\" alt=\"\" width=\"686\" height=\"481\" srcset=\"https:\/\/gemeindebuechereikastl.de\/wp-content\/uploads\/2022\/05\/Gesundheit1-1603x1125.jpg 1603w, https:\/\/gemeindebuechereikastl.de\/wp-content\/uploads\/2022\/05\/Gesundheit1-300x211.jpg 300w, https:\/\/gemeindebuechereikastl.de\/wp-content\/uploads\/2022\/05\/Gesundheit1-768x539.jpg 768w, https:\/\/gemeindebuechereikastl.de\/wp-content\/uploads\/2022\/05\/Gesundheit1-1536x1078.jpg 1536w, https:\/\/gemeindebuechereikastl.de\/wp-content\/uploads\/2022\/05\/Gesundheit1-2048x1437.jpg 2048w, https:\/\/gemeindebuechereikastl.de\/wp-content\/uploads\/2022\/05\/Gesundheit1-750x526.jpg 750w\" sizes=\"auto, (max-width: 686px) 100vw, 686px\" \/><\/p>\n<p>Im Internet findet man viele Informationen, aber eben nicht alle und auch nicht so detailliert zu einem Thema wie in einem Buch.<img loading=\"lazy\" decoding=\"async\" class=\"wp-image-2926  alignright\" src=\"https:\/\/gemeindebuechereikastl.de\/wp-content\/uploads\/2022\/05\/Gesundheit-905x1206.jpg\" alt=\"\" width=\"273\" height=\"364\" srcset=\"https:\/\/gemeindebuechereikastl.de\/wp-content\/uploads\/2022\/05\/Gesundheit-905x1206.jpg 905w, https:\/\/gemeindebuechereikastl.de\/wp-content\/uploads\/2022\/05\/Gesundheit-225x300.jpg 225w, https:\/\/gemeindebuechereikastl.de\/wp-content\/uploads\/2022\/05\/Gesundheit-768x1024.jpg 768w, https:\/\/gemeindebuechereikastl.de\/wp-content\/uploads\/2022\/05\/Gesundheit-1152x1536.jpg 1152w, https:\/\/gemeindebuechereikastl.de\/wp-content\/uploads\/2022\/05\/Gesundheit-1536x2048.jpg 1536w, https:\/\/gemeindebuechereikastl.de\/wp-content\/uploads\/2022\/05\/Gesundheit-750x1000.jpg 750w, https:\/\/gemeindebuechereikastl.de\/wp-content\/uploads\/2022\/05\/Gesundheit-scaled.jpg 1920w\" sizes=\"auto, (max-width: 273px) 100vw, 273px\" \/><\/p>\n<p>Deshalb hat das B\u00fcchereiteam einige unserer Lieblingsb\u00fccher zum Thema GESUNDHEIT in einer Ausstellung im Obergescho\u00df f\u00fcr Sie zusammengestellt. Bitte beachten Sie dabei, dass eine Buchempfehlung nicht bedeutet, dass wir zu 100 Prozent der Meinung des jeweiligen Autors sind. Jeder Mensch und so auch jeder Autor ist anders, hat eine andere Sicht der Dinge, individuelle Erfahrungen und spezielle Fachkompetenzen. Dennoch liefert jedes dieser B\u00fccher wertvolle Anregungen \u2013 und wenn Sie sich davon angesprochen f\u00fchlen, probieren Sie die entsprechenden Tipps aus!<\/p>\n<p>Auch gibt es weitere B\u00fccher zu entdecken die nicht in der Ausstellung sind. Bei unseren Sachb\u00fcchern im Bereich GESUNDHEIT und auch auf LEO NORD (E-Books) gibt es weitere interessante B\u00fccher mit wichtigen Themen zu entdecken.<\/p>\n<h4 style=\"text-align: center;\"><span style=\"color: #000000;\"><strong>Kommen Sie vorbei und entdecken weitere interessante B\u00fccher zum Thema Gesundheit oder Sie informieren sich vorab in unseren <a style=\"color: #000000;\" href=\"https:\/\/iopac.gemeindebuechereikastl.de\/\"><span style=\"color: #800080;\">Online-Katalog<\/span><\/a><span style=\"color: #800080;\"> !<br \/>\n<\/span><\/strong><\/span><\/h4>\n<p>&nbsp;<\/p>\n","protected":false},"excerpt":{"rendered":"<p>Gro\u00dfartige Buchempfehlungen zum Thema Gesundheit gibt es im Obergeschoss der B\u00fccherei Im Internet findet man viele Informationen, aber eben nicht alle und auch nicht so detailliert zu einem Thema wie in einem Buch. Deshalb hat das B\u00fcchereiteam einige unserer Lieblingsb\u00fccher zum Thema GESUNDHEIT in einer Ausstellung im Obergescho\u00df f\u00fcr Sie zusammengestellt. Bitte beachten Sie dabei, &hellip; <\/p>\n<p><a class=\"more-link btn\" href=\"https:\/\/gemeindebuechereikastl.de\/?p=2919\">Weiterlesen<\/a><\/p>\n","protected":false},"author":1,"featured_media":2927,"comment_status":"closed","ping_status":"closed","sticky":false,"template":"","format":"standard","meta":{"footnotes":""},"categories":[5],"tags":[194,123],"class_list":["post-2919","post","type-post","status-publish","format-standard","has-post-thumbnail","hentry","category-news","tag-buchausstellung","tag-gesundheit","item-wrap"],"_links":{"self":[{"href":"https:\/\/gemeindebuechereikastl.de\/index.php?rest_route=\/wp\/v2\/posts\/2919","targetHints":{"allow":["GET"]}}],"collection":[{"href":"https:\/\/gemeindebuechereikastl.de\/index.php?rest_route=\/wp\/v2\/posts"}],"about":[{"href":"https:\/\/gemeindebuechereikastl.de\/index.php?rest_route=\/wp\/v2\/types\/post"}],"author":[{"embeddable":true,"href":"https:\/\/gemeindebuechereikastl.de\/index.php?rest_route=\/wp\/v2\/users\/1"}],"replies":[{"embeddable":true,"href":"https:\/\/gemeindebuechereikastl.de\/index.php?rest_route=%2Fwp%2Fv2%2Fcomments&post=2919"}],"version-history":[{"count":4,"href":"https:\/\/gemeindebuechereikastl.de\/index.php?rest_route=\/wp\/v2\/posts\/2919\/revisions"}],"predecessor-version":[{"id":2928,"href":"https:\/\/gemeindebuechereikastl.de\/index.php?rest_route=\/wp\/v2\/posts\/2919\/revisions\/2928"}],"wp:featuredmedia":[{"embeddable":true,"href":"https:\/\/gemeindebuechereikastl.de\/index.php?rest_route=\/wp\/v2\/media\/2927"}],"wp:attachment":[{"href":"https:\/\/gemeindebuechereikastl.de\/index.php?rest_route=%2Fwp%2Fv2%2Fmedia&parent=2919"}],"wp:term":[{"taxonomy":"category","embeddable":true,"href":"https:\/\/gemeindebuechereikastl.de\/index.php?rest_route=%2Fwp%2Fv2%2Fcategories&post=2919"},{"taxonomy":"post_tag","embeddable":true,"href":"https:\/\/gemeindebuechereikastl.de\/index.php?rest_route=%2Fwp%2Fv2%2Ftags&post=2919"}],"curies":[{"name":"wp","href":"https:\/\/api.w.org\/{rel}","templated":true}]}}