{"id":2997,"date":"2022-05-31T13:25:27","date_gmt":"2022-05-31T13:25:27","guid":{"rendered":"https:\/\/gemeindebuechereikastl.de\/?p=2997"},"modified":"2022-05-31T14:33:48","modified_gmt":"2022-05-31T14:33:48","slug":"fundgrube-fuer-buecher-im-windfang-der-buecherei-2","status":"publish","type":"post","link":"https:\/\/gemeindebuechereikastl.de\/?p=2997","title":{"rendered":"Fundgrube f\u00fcr B\u00fccher im Windfang der B\u00fccherei"},"content":{"rendered":"<h2 style=\"text-align: center;\"><span style=\"color: #ff6600;\"><strong>SCHM\u00d6KER\u00a0 &#8211; SCHRANK \u2013 eine Fundgrube f\u00fcr <img loading=\"lazy\" decoding=\"async\" class=\"wp-image-3000 alignleft\" src=\"https:\/\/gemeindebuechereikastl.de\/wp-content\/uploads\/2022\/05\/Schmoeker-Schrank-777x1206.jpg\" alt=\"\" width=\"329\" height=\"511\" srcset=\"https:\/\/gemeindebuechereikastl.de\/wp-content\/uploads\/2022\/05\/Schmoeker-Schrank-777x1206.jpg 777w, https:\/\/gemeindebuechereikastl.de\/wp-content\/uploads\/2022\/05\/Schmoeker-Schrank-193x300.jpg 193w, https:\/\/gemeindebuechereikastl.de\/wp-content\/uploads\/2022\/05\/Schmoeker-Schrank-768x1192.jpg 768w, https:\/\/gemeindebuechereikastl.de\/wp-content\/uploads\/2022\/05\/Schmoeker-Schrank-990x1536.jpg 990w, https:\/\/gemeindebuechereikastl.de\/wp-content\/uploads\/2022\/05\/Schmoeker-Schrank-1320x2048.jpg 1320w, https:\/\/gemeindebuechereikastl.de\/wp-content\/uploads\/2022\/05\/Schmoeker-Schrank-750x1164.jpg 750w, https:\/\/gemeindebuechereikastl.de\/wp-content\/uploads\/2022\/05\/Schmoeker-Schrank-scaled.jpg 1650w\" sizes=\"auto, (max-width: 329px) 100vw, 329px\" \/>Schn\u00e4ppchenj\u00e4ger und Leseratten im Windfang der B\u00fccherei wieder er\u00f6ffne<\/strong><\/span><span style=\"color: #ff6600;\"><strong>t<\/strong><\/span><\/h2>\n<p>Neben dem B\u00fccherflohm\u00e4rkten am <strong>\u201eMarkt\u00a0 im <\/strong><strong>Markt\u201c<\/strong>\u00a0 gibt es nun einen <strong>\u201eSCHM\u00d6KER-SCHRANK<\/strong>\u201c im Eingangsbereich der B\u00fccherei. <img loading=\"lazy\" decoding=\"async\" class=\"wp-image-3008 alignnone\" src=\"https:\/\/gemeindebuechereikastl.de\/wp-content\/uploads\/2022\/05\/buecherkinder-rechts-300x212.jpg\" alt=\"\" width=\"328\" height=\"232\" srcset=\"https:\/\/gemeindebuechereikastl.de\/wp-content\/uploads\/2022\/05\/buecherkinder-rechts-300x212.jpg 300w, https:\/\/gemeindebuechereikastl.de\/wp-content\/uploads\/2022\/05\/buecherkinder-rechts-1603x1133.jpg 1603w, https:\/\/gemeindebuechereikastl.de\/wp-content\/uploads\/2022\/05\/buecherkinder-rechts-768x543.jpg 768w, https:\/\/gemeindebuechereikastl.de\/wp-content\/uploads\/2022\/05\/buecherkinder-rechts-1536x1086.jpg 1536w, https:\/\/gemeindebuechereikastl.de\/wp-content\/uploads\/2022\/05\/buecherkinder-rechts-750x530.jpg 750w, https:\/\/gemeindebuechereikastl.de\/wp-content\/uploads\/2022\/05\/buecherkinder-rechts.jpg 1754w\" sizes=\"auto, (max-width: 328px) 100vw, 328px\" \/><br \/>\nAls begeisterter Leser sucht man immer wieder nach Au\u00dfergew\u00f6hnlichen B\u00fcchern. Auf einem B\u00fccherflohmarkt kann man immer wieder das Seltene oder das Ausgefallene finden, so auch im <strong>\u201eSCHM\u00d6KER-SCHRANK<\/strong>\u201c.<\/p>\n<p>Die Schn\u00e4ppchenjagd nach guten B\u00fcchern ist im Windfang der B\u00fccherei w\u00e4hrend der \u00d6ffnungszeiten der B\u00fccherei m\u00f6glich. Es gibt f\u00fcr die B\u00fccher im <strong>SCHM\u00d6KER-SCHRANK<\/strong> keine festen Preise. Alle Buchliebhaber, k\u00f6nnen selbst entscheiden was einem das Buch bzw. die B\u00fccher wert sind und eine Spende daf\u00fcr geben.<\/p>\n<h3 style=\"text-align: center;\"><span style=\"color: #ff6600;\">F\u00fcr die Spenden aus dem SCHM\u00d6KER &#8211; SCHRANK, schafft das Team neue B\u00fccher und Medien an!<\/span><\/h3>\n","protected":false},"excerpt":{"rendered":"<p>SCHM\u00d6KER\u00a0 &#8211; SCHRANK \u2013 eine Fundgrube f\u00fcr Schn\u00e4ppchenj\u00e4ger und Leseratten im Windfang der B\u00fccherei wieder er\u00f6ffnet Neben dem B\u00fccherflohm\u00e4rkten am \u201eMarkt\u00a0 im Markt\u201c\u00a0 gibt es nun einen \u201eSCHM\u00d6KER-SCHRANK\u201c im Eingangsbereich der B\u00fccherei. Als begeisterter Leser sucht man immer wieder nach Au\u00dfergew\u00f6hnlichen B\u00fcchern. Auf einem B\u00fccherflohmarkt kann man immer wieder das Seltene oder das Ausgefallene finden, &hellip; <\/p>\n<p><a class=\"more-link btn\" href=\"https:\/\/gemeindebuechereikastl.de\/?p=2997\">Weiterlesen<\/a><\/p>\n","protected":false},"author":1,"featured_media":3002,"comment_status":"closed","ping_status":"closed","sticky":false,"template":"","format":"standard","meta":{"footnotes":""},"categories":[5],"tags":[58,60,345],"class_list":["post-2997","post","type-post","status-publish","format-standard","has-post-thumbnail","hentry","category-news","tag-buecher","tag-buecherflohmarkt","tag-spenden","item-wrap"],"_links":{"self":[{"href":"https:\/\/gemeindebuechereikastl.de\/index.php?rest_route=\/wp\/v2\/posts\/2997","targetHints":{"allow":["GET"]}}],"collection":[{"href":"https:\/\/gemeindebuechereikastl.de\/index.php?rest_route=\/wp\/v2\/posts"}],"about":[{"href":"https:\/\/gemeindebuechereikastl.de\/index.php?rest_route=\/wp\/v2\/types\/post"}],"author":[{"embeddable":true,"href":"https:\/\/gemeindebuechereikastl.de\/index.php?rest_route=\/wp\/v2\/users\/1"}],"replies":[{"embeddable":true,"href":"https:\/\/gemeindebuechereikastl.de\/index.php?rest_route=%2Fwp%2Fv2%2Fcomments&post=2997"}],"version-history":[{"count":9,"href":"https:\/\/gemeindebuechereikastl.de\/index.php?rest_route=\/wp\/v2\/posts\/2997\/revisions"}],"predecessor-version":[{"id":3012,"href":"https:\/\/gemeindebuechereikastl.de\/index.php?rest_route=\/wp\/v2\/posts\/2997\/revisions\/3012"}],"wp:featuredmedia":[{"embeddable":true,"href":"https:\/\/gemeindebuechereikastl.de\/index.php?rest_route=\/wp\/v2\/media\/3002"}],"wp:attachment":[{"href":"https:\/\/gemeindebuechereikastl.de\/index.php?rest_route=%2Fwp%2Fv2%2Fmedia&parent=2997"}],"wp:term":[{"taxonomy":"category","embeddable":true,"href":"https:\/\/gemeindebuechereikastl.de\/index.php?rest_route=%2Fwp%2Fv2%2Fcategories&post=2997"},{"taxonomy":"post_tag","embeddable":true,"href":"https:\/\/gemeindebuechereikastl.de\/index.php?rest_route=%2Fwp%2Fv2%2Ftags&post=2997"}],"curies":[{"name":"wp","href":"https:\/\/api.w.org\/{rel}","templated":true}]}}