{"id":3059,"date":"2022-07-04T16:58:54","date_gmt":"2022-07-04T16:58:54","guid":{"rendered":"https:\/\/gemeindebuechereikastl.de\/?p=3059"},"modified":"2022-07-05T13:39:24","modified_gmt":"2022-07-05T13:39:24","slug":"beim-jahrestreffen-des-teams-auf-ein-arbeitsreiches-jahr-2021-mit-3-000-stunden-zurueckgeblickt","status":"publish","type":"post","link":"https:\/\/gemeindebuechereikastl.de\/?p=3059","title":{"rendered":"Beim Jahrestreffen des Teams, auf ein arbeitsreiches Jahr 2021 mit 3.000 Stunden zur\u00fcckgeblickt"},"content":{"rendered":"<h2 style=\"text-align: center;\"><span style=\"color: #ff6600;\"><strong>Jahrestreffen des B\u00fcchereiteams mit R\u00fcckblick auf ein arbeitsreiches Jahr 2021 mit 3.000 ehrenamtlichen Stunden und Vorschau auf den Herbst 2022 mit gro\u00dfartigen Veranstaltungen<\/strong><\/span><\/h2>\n<p>In seinem R\u00fcckblick bedankte sich B\u00fcchereileiter Georg D\u00fcrr bei seinem gesamten ehrenamtlichen Team, f\u00fcr die ca. 3.000 ehrenamtlichen Stunden Arbeit, die f\u00fcr die Gemeindeb\u00fccherei Kastl geleistet wurden. Das Jahr 2021 war gepr\u00e4gt von Corona und den diversen Vorschriften geschlossen oder offen oder G2\/G3 mit und ohne Test mit und ohne Maske, manchmal wusste man selbst nicht was f\u00fcr Regeln gelten. Im Herbst die Renovierungsma\u00dfnahmen auch hier war das Team gefragt und alle halfen tatkr\u00e4ftig mit, die B\u00fccherei wieder auf den aktuellen Stand zu bringen.<\/p>\n<p><img loading=\"lazy\" decoding=\"async\" class=\"aligncenter wp-image-3063 \" src=\"https:\/\/gemeindebuechereikastl.de\/wp-content\/uploads\/2022\/07\/Jahrestreffen-Buechereiteam-1603x1060.jpg\" alt=\"\" width=\"705\" height=\"466\" srcset=\"https:\/\/gemeindebuechereikastl.de\/wp-content\/uploads\/2022\/07\/Jahrestreffen-Buechereiteam-1603x1060.jpg 1603w, https:\/\/gemeindebuechereikastl.de\/wp-content\/uploads\/2022\/07\/Jahrestreffen-Buechereiteam-300x198.jpg 300w, https:\/\/gemeindebuechereikastl.de\/wp-content\/uploads\/2022\/07\/Jahrestreffen-Buechereiteam-768x508.jpg 768w, https:\/\/gemeindebuechereikastl.de\/wp-content\/uploads\/2022\/07\/Jahrestreffen-Buechereiteam-1536x1016.jpg 1536w, https:\/\/gemeindebuechereikastl.de\/wp-content\/uploads\/2022\/07\/Jahrestreffen-Buechereiteam-2048x1354.jpg 2048w, https:\/\/gemeindebuechereikastl.de\/wp-content\/uploads\/2022\/07\/Jahrestreffen-Buechereiteam-750x496.jpg 750w\" sizes=\"auto, (max-width: 705px) 100vw, 705px\" \/>D\u00fcrr betonte das diese Zeit (Corona + Umbau) f\u00fcr das Team ein enormer Aufwand war und er bedankte sich ganz herzlichen Dank daf\u00fcr das alle vom Team bereit warten, diese schwierige Zeit gemeinsam zu meistern.<\/p>\n<p>Nach der Info \u00fcber Bestand knapp 10.000 B\u00fccher und Nichtbuchmedien und \u00fcber die Ausleihe mit 13279 Entleihungen, bei denen es ein kleines Minus gegen\u00fcber dem Vorjahr gab. Grund waren die Schlie\u00dfungen wegen Corona im Fr\u00fchjahr und den Renovierungsma\u00dfnahmen im Herbst. Nur bei der E-Book Ausleihe unter Leo Nord gab es eine Steigerung. \u00a0Auch gab es einen kurzen \u00dcberblick \u00fcber die Aktionen und Veranstaltungen des vergangenen Jahres. H\u00f6hepunkt war die Einweihung der renovierten B\u00fcchereir\u00e4ume und die Verleihung des Goldenen B\u00fccherei Siegel f\u00fcr wiederum eine hervorragende Buechereiarbeit in Bayern.<br \/>\nDurch die Renovierungsma\u00dfnahmen wurde auch die einzelnen B\u00fccher Bereiche umgestellt, so dass es f\u00fcr die Leser noch \u00fcbersichtlicher wurde. Die Leser zeigten sich von der Neugestaltung der B\u00fcchereir\u00e4ume begeistert und das Team bekommt immer wieder Lob wegen der gro\u00dfartigen Kastler B\u00fccherei. Auch von den \u00fcbergeordneten Stellen bekommen wir f\u00fcr unsere B\u00fcchereiarbeit ebenfalls sehr positive Echos.<br \/>\n<img loading=\"lazy\" decoding=\"async\" class=\"aligncenter wp-image-3064 \" src=\"https:\/\/gemeindebuechereikastl.de\/wp-content\/uploads\/2022\/07\/Leser-1603x1161.jpg\" alt=\"\" width=\"692\" height=\"501\" srcset=\"https:\/\/gemeindebuechereikastl.de\/wp-content\/uploads\/2022\/07\/Leser-1603x1161.jpg 1603w, https:\/\/gemeindebuechereikastl.de\/wp-content\/uploads\/2022\/07\/Leser-300x217.jpg 300w, https:\/\/gemeindebuechereikastl.de\/wp-content\/uploads\/2022\/07\/Leser-768x556.jpg 768w, https:\/\/gemeindebuechereikastl.de\/wp-content\/uploads\/2022\/07\/Leser-1536x1112.jpg 1536w, https:\/\/gemeindebuechereikastl.de\/wp-content\/uploads\/2022\/07\/Leser-2048x1483.jpg 2048w, https:\/\/gemeindebuechereikastl.de\/wp-content\/uploads\/2022\/07\/Leser-750x543.jpg 750w\" sizes=\"auto, (max-width: 692px) 100vw, 692px\" \/>Zum Schluss gab es noch einen \u00dcberblick \u00fcber die geplanten Veranstaltungen im Herbst dieses Jahres. Teilnahme an den kommenden Marktatgen mit B\u00fccherflohmarkt, Musicalfahrt zu Sister Act bei den Luisenburg Festspielen, Anfang August dann die Ferienfahrt zu &#8222;Trolle unter uns\u201c ebenfalls in Wunsiedel.<img loading=\"lazy\" decoding=\"async\" class=\"alignleft wp-image-3065 \" src=\"https:\/\/gemeindebuechereikastl.de\/wp-content\/uploads\/2022\/07\/Zoigl.jpg\" alt=\"\" width=\"235\" height=\"358\" srcset=\"https:\/\/gemeindebuechereikastl.de\/wp-content\/uploads\/2022\/07\/Zoigl.jpg 276w, https:\/\/gemeindebuechereikastl.de\/wp-content\/uploads\/2022\/07\/Zoigl-197x300.jpg 197w\" sizes=\"auto, (max-width: 235px) 100vw, 235px\" \/><\/p>\n<p>Als Highlight am Freitag, 7. Oktober eine Autorenlesung mit Fabian Borkner der Regionalkrimis aus der N\u00f6rdlichen Oberpfalz schreibt. Alle bis jetzt erschienene Krimis wie: Berg-Fest-Mord, A Hochzeit und a Leich, Groumdeifl usw., sowie auch der neue Krimi \u201eZoigltod gibt es in der Kastler B\u00fccherei zum Entleihen. Am Sonntag, 9. Oktober &#8222;Tag der offenen T\u00fcr&#8220; mit Vorstellung der neu erworbenen B\u00fccher und am Nachmittag ein Kasperletheater f\u00fcr Kinder. Im Herbst\/ Winter \/Fr\u00fchjahr sollen auch wieder Vorlesenachmittage f\u00fcr Kinder angeboten werden, wenn es Corona zul\u00e4sst.<\/p>\n<p>B\u00fcrgermeistert Stefan Braun, bedankte sich beim Team f\u00fcr Ihre unerm\u00fcdliche Arbeit zum Wohle der Bev\u00f6lkerung von Kastl. Er betonte das die ca. 3000 Arbeitsstunden aller Ehren wert seien. Die Gelder f\u00fcr die Renovierungsma\u00dfnahmen so Braun sind sinnvoll investiert, wenn man die hervorragende Arbeit des B\u00fcchereiteam sieht und das die Gemeindeb\u00fccherei auch seitens der Bev\u00f6lkerung sehr gut angenommen wird. Hier stimmt die Qualit\u00e4t des Angebotes und die ehrenamtliche Arbeit des B\u00fcchereiteams mit B\u00fcchereileiter Georg D\u00fcrr, der mit dem \u201eEhrenzeichen des Bayerischen Ministerpr\u00e4sidenten\u201c f\u00fcr fast 50 Jahre B\u00fcchereiarbeit ausgezeichnet wurde. Sein Wunsch zum Schluss das, dass B\u00fcchereiteam und die Gemeinde weiterhin so gut zusammenarbeiten, wie dies momentan der Fall ist.<\/p>\n","protected":false},"excerpt":{"rendered":"<p>Jahrestreffen des B\u00fcchereiteams mit R\u00fcckblick auf ein arbeitsreiches Jahr 2021 mit 3.000 ehrenamtlichen Stunden und Vorschau auf den Herbst 2022 mit gro\u00dfartigen Veranstaltungen In seinem R\u00fcckblick bedankte sich B\u00fcchereileiter Georg D\u00fcrr bei seinem gesamten ehrenamtlichen Team, f\u00fcr die ca. 3.000 ehrenamtlichen Stunden Arbeit, die f\u00fcr die Gemeindeb\u00fccherei Kastl geleistet wurden. Das Jahr 2021 war gepr\u00e4gt &hellip; <\/p>\n<p><a class=\"more-link btn\" href=\"https:\/\/gemeindebuechereikastl.de\/?p=3059\">Weiterlesen<\/a><\/p>\n","protected":false},"author":1,"featured_media":3063,"comment_status":"closed","ping_status":"closed","sticky":false,"template":"","format":"standard","meta":{"footnotes":""},"categories":[1],"tags":[64,352,103],"class_list":["post-3059","post","type-post","status-publish","format-standard","has-post-thumbnail","hentry","category-team","tag-buechereiteam","tag-dank","tag-jahrestreffen","item-wrap"],"_links":{"self":[{"href":"https:\/\/gemeindebuechereikastl.de\/index.php?rest_route=\/wp\/v2\/posts\/3059","targetHints":{"allow":["GET"]}}],"collection":[{"href":"https:\/\/gemeindebuechereikastl.de\/index.php?rest_route=\/wp\/v2\/posts"}],"about":[{"href":"https:\/\/gemeindebuechereikastl.de\/index.php?rest_route=\/wp\/v2\/types\/post"}],"author":[{"embeddable":true,"href":"https:\/\/gemeindebuechereikastl.de\/index.php?rest_route=\/wp\/v2\/users\/1"}],"replies":[{"embeddable":true,"href":"https:\/\/gemeindebuechereikastl.de\/index.php?rest_route=%2Fwp%2Fv2%2Fcomments&post=3059"}],"version-history":[{"count":4,"href":"https:\/\/gemeindebuechereikastl.de\/index.php?rest_route=\/wp\/v2\/posts\/3059\/revisions"}],"predecessor-version":[{"id":3067,"href":"https:\/\/gemeindebuechereikastl.de\/index.php?rest_route=\/wp\/v2\/posts\/3059\/revisions\/3067"}],"wp:featuredmedia":[{"embeddable":true,"href":"https:\/\/gemeindebuechereikastl.de\/index.php?rest_route=\/wp\/v2\/media\/3063"}],"wp:attachment":[{"href":"https:\/\/gemeindebuechereikastl.de\/index.php?rest_route=%2Fwp%2Fv2%2Fmedia&parent=3059"}],"wp:term":[{"taxonomy":"category","embeddable":true,"href":"https:\/\/gemeindebuechereikastl.de\/index.php?rest_route=%2Fwp%2Fv2%2Fcategories&post=3059"},{"taxonomy":"post_tag","embeddable":true,"href":"https:\/\/gemeindebuechereikastl.de\/index.php?rest_route=%2Fwp%2Fv2%2Ftags&post=3059"}],"curies":[{"name":"wp","href":"https:\/\/api.w.org\/{rel}","templated":true}]}}